{"id":3167,"date":"2022-03-14T05:01:00","date_gmt":"2022-03-14T10:01:00","guid":{"rendered":"https:\/\/www.elamazonico.com\/portal\/?p=3167"},"modified":"2022-03-13T22:08:43","modified_gmt":"2022-03-14T03:08:43","slug":"aprueban-informe-en-segundo-debate-del-proyecto-de-reformas-a-la-loei","status":"publish","type":"post","link":"https:\/\/www.elamazonico.com\/portal\/aprueban-informe-en-segundo-debate-del-proyecto-de-reformas-a-la-loei\/","title":{"rendered":"Aprueban informe en segundo debate del proyecto de reformas a la LOEI."},"content":{"rendered":"\n<p>Con 113 votos afirmativos, 9 votos negativos y 6 abstenciones, el Pleno legislativo aprob\u00f3 en segundo debate el informe sobre sustituci\u00f3n o ratificaci\u00f3n de textos sobre disposiciones normativas de la Ley Org\u00e1nica de Educaci\u00f3n Intercultural (LOEI)<\/p>\n\n\n\n<p>Manuel Medina, presidente Comisi\u00f3n Especializada Permanente de Educaci\u00f3n, Cultura, Ciencia, Tecnolog\u00eda, Innovaci\u00f3n y Saberes Ancestrales en su exposici\u00f3n manifest\u00f3 el respaldo al magisterio ecuatoriano en la compensaci\u00f3n salarial y en la defensa de la vigencia de la ley reformatoria.<\/p>\n\n\n\n<p>En el informe se ratific\u00f3 el incremento de los sueldos a los docentes, pero se hacen cambios al esquema de jubilaci\u00f3n especial. Esto, luego que desde el Ministerio de Finanzas y el Instituto Ecuatoriano de Seguridad Social se dijo que no hab\u00eda recursos ni era factible t\u00e9cnicamente.<\/p>\n\n\n\n<p>Desde la Comisi\u00f3n realizaron una propuesta con diez categor\u00edas escalafonarias, que ser\u00e1 justa y equitativa con relaci\u00f3n a sus funciones, por lo que se valorar\u00e1 su profesionalizaci\u00f3n, capacitaci\u00f3n, desempe\u00f1o, m\u00e9rito acad\u00e9mico responsabilidad y experiencia.<\/p>\n\n\n\n<p>Estas reformas garantizan el derecho a gozar de una educaci\u00f3n inclusiva, equitativa y de calidad, como tambi\u00e9n el derecho del Magisterio a un salario digno, tal como lo determina la Constituci\u00f3n, acot\u00f3 Medina<\/p>\n\n\n\n<p>Para finalizar, reiter\u00f3 que la Asamblea Nacional ha cumplido los plazos establecidos por la Corte Constitucional para el tratamiento del proyecto de Ley para resolver los vac\u00edos que ten\u00eda esta norma venci\u00f3 justamente este 13 de marzo.<\/p>\n\n\n\n<p>Siguiendo el proceso Legislativo y la sentencia de la Corte Constitucional la presidencia de la rep\u00fablica tiene 30 d\u00edas para sancionar u objetar la Ley aprobada por la Asamblea Nacional.<\/p>\n","protected":false},"excerpt":{"rendered":"<p>Con 113 votos afirmativos, 9 votos negativos y 6 abstenciones, el Pleno legislativo aprob\u00f3 en segundo debate el informe sobre sustituci\u00f3n o ratificaci\u00f3n de textos sobre disposiciones normativas de la Ley Org\u00e1nica de Educaci\u00f3n Intercultural (LOEI) Manuel Medina, presidente Comisi\u00f3n Especializada Permanente de Educaci\u00f3n, Cultura, Ciencia, Tecnolog\u00eda, Innovaci\u00f3n y Saberes Ancestrales en su exposici\u00f3n manifest\u00f3 el respaldo al magisterio ecuatoriano en la compensaci\u00f3n salarial y en la defensa de la vigencia de la ley reformatoria. En el informe se ratific\u00f3 el incremento de los sueldos a los docentes, pero se hacen cambios al esquema de jubilaci\u00f3n especial. Esto, luego que desde el Ministerio de Finanzas y el Instituto Ecuatoriano de Seguridad Social se dijo que no hab\u00eda recursos ni era factible t\u00e9cnicamente. Desde la Comisi\u00f3n realizaron una propuesta con diez categor\u00edas escalafonarias, que ser\u00e1 justa y equitativa con relaci\u00f3n a sus funciones, por lo que se valorar\u00e1 su profesionalizaci\u00f3n, capacitaci\u00f3n, desempe\u00f1o, m\u00e9rito acad\u00e9mico responsabilidad y experiencia. Estas reformas garantizan el derecho a gozar de una educaci\u00f3n inclusiva, equitativa y de calidad, como tambi\u00e9n el derecho del Magisterio a un salario digno, tal como lo determina la Constituci\u00f3n, acot\u00f3 Medina Para finalizar, reiter\u00f3 que la Asamblea Nacional ha cumplido los plazos establecidos por la Corte Constitucional para el tratamiento del proyecto de Ley para resolver los vac\u00edos que ten\u00eda esta norma venci\u00f3 justamente este 13 de marzo. Siguiendo el proceso Legislativo y la sentencia de la Corte Constitucional la presidencia de la rep\u00fablica tiene 30 d\u00edas para sancionar u objetar la Ley aprobada por la Asamblea Nacional.<\/p>\n","protected":false},"author":1,"featured_media":3168,"comment_status":"open","ping_status":"open","sticky":false,"template":"","format":"standard","meta":{"footnotes":""},"categories":[268],"tags":[],"class_list":["post-3167","post","type-post","status-publish","format-standard","has-post-thumbnail","hentry","category-nacionales"],"_links":{"self":[{"href":"https:\/\/www.elamazonico.com\/portal\/wp-json\/wp\/v2\/posts\/3167","targetHints":{"allow":["GET"]}}],"collection":[{"href":"https:\/\/www.elamazonico.com\/portal\/wp-json\/wp\/v2\/posts"}],"about":[{"href":"https:\/\/www.elamazonico.com\/portal\/wp-json\/wp\/v2\/types\/post"}],"author":[{"embeddable":true,"href":"https:\/\/www.elamazonico.com\/portal\/wp-json\/wp\/v2\/users\/1"}],"replies":[{"embeddable":true,"href":"https:\/\/www.elamazonico.com\/portal\/wp-json\/wp\/v2\/comments?post=3167"}],"version-history":[{"count":1,"href":"https:\/\/www.elamazonico.com\/portal\/wp-json\/wp\/v2\/posts\/3167\/revisions"}],"predecessor-version":[{"id":3169,"href":"https:\/\/www.elamazonico.com\/portal\/wp-json\/wp\/v2\/posts\/3167\/revisions\/3169"}],"wp:featuredmedia":[{"embeddable":true,"href":"https:\/\/www.elamazonico.com\/portal\/wp-json\/wp\/v2\/media\/3168"}],"wp:attachment":[{"href":"https:\/\/www.elamazonico.com\/portal\/wp-json\/wp\/v2\/media?parent=3167"}],"wp:term":[{"taxonomy":"category","embeddable":true,"href":"https:\/\/www.elamazonico.com\/portal\/wp-json\/wp\/v2\/categories?post=3167"},{"taxonomy":"post_tag","embeddable":true,"href":"https:\/\/www.elamazonico.com\/portal\/wp-json\/wp\/v2\/tags?post=3167"}],"curies":[{"name":"wp","href":"https:\/\/api.w.org\/{rel}","templated":true}]}}