{"id":31203,"date":"2026-05-01T08:48:31","date_gmt":"2026-05-01T13:48:31","guid":{"rendered":"https:\/\/www.elamazonico.com\/portal\/?p=31203"},"modified":"2026-05-01T08:48:31","modified_gmt":"2026-05-01T13:48:31","slug":"karol-g-asi-como-shakira-va-a-presentarse-tres-veces-en-el-estadio-olimpico-atahualpa-de-quito","status":"publish","type":"post","link":"https:\/\/www.elamazonico.com\/portal\/karol-g-asi-como-shakira-va-a-presentarse-tres-veces-en-el-estadio-olimpico-atahualpa-de-quito\/","title":{"rendered":"Karol G, as\u00ed como Shakira, va a presentarse tres veces en el Estadio Ol\u00edmpico Atahualpa de Quito"},"content":{"rendered":"<div class=\"paragraph texto\">\n<p class=\"p_0\">La\u00a0<a href=\"https:\/\/www.vistazo.com\/cronologia\/-\/meta\/preventa\" target=\"_blank\" rel=\"noopener noreferrer\">preventa\u00a0<\/a>de\u00a0<a href=\"https:\/\/www.vistazo.com\/cronologia\/-\/meta\/entradas\" target=\"_blank\" rel=\"noopener noreferrer\">entradas\u00a0<\/a>para el segundo concierto de\u00a0<a href=\"https:\/\/www.vistazo.com\/cronologia\/-\/meta\/karol-g\" target=\"_blank\" rel=\"noopener noreferrer\">Karol G<\/a>\u00a0en Ecuador se agot\u00f3 la ma\u00f1ana del 30 de abril y luego de unas horas se anunci\u00f3 una tercera fecha para Viajando por el mundo Tropitour. Con esto, la cantante colombiana se va a presentar en Quito el 15, 16 y 17 de enero de 2027.<\/p>\n<p class=\"p_1\">El escenario para los shows de Carolina Giraldo Navarro, conocida art\u00edsticamente como Karol G, es el\u00a0<a href=\"https:\/\/www.vistazo.com\/cronologia\/-\/meta\/estadio-olimpico-atahualpa\" target=\"_blank\" rel=\"noopener noreferrer\">Estadio Ol\u00edmpico Atahualpa<\/a>\u00a0de\u00a0<a href=\"https:\/\/www.vistazo.com\/cronologia\/-\/meta\/quito\" target=\"_blank\" rel=\"noopener noreferrer\">Quito<\/a>. As\u00ed como\u00a0<a href=\"https:\/\/www.vistazo.com\/cronologia\/-\/meta\/shakira\" target=\"_blank\" rel=\"noopener noreferrer\">Shakira\u00a0<\/a>que cant\u00f3 tres veces en noviembre de 2025, la artista nacida en\u00a0<a href=\"https:\/\/www.vistazo.com\/cronologia\/-\/meta\/medellin\" target=\"_blank\" rel=\"noopener noreferrer\">Medell\u00edn\u00a0<\/a>va a ser la protagonista en el coloso del Bat\u00e1n, en donde se han registrado los conciertos de las principales estrellas mundiales y hasta hace un par de a\u00f1os fue la sede de la selecci\u00f3n ecuatoriana de f\u00fatbol en Copa Am\u00e9rica y\u00a0<a href=\"https:\/\/www.vistazo.com\/cronologia\/-\/meta\/eliminatorias\" target=\"_blank\" rel=\"noopener noreferrer\">Eliminatorias<\/a>.<\/p>\n<p class=\"p_3\">Al momento, est\u00e1 activa la preventa en la p\u00e1gina web de Ticketshow y en puntos de venta f\u00edsicos en Quito y\u00a0<a href=\"https:\/\/www.vistazo.com\/cronologia\/-\/meta\/guayaquil\" target=\"_blank\" rel=\"noopener noreferrer\">Guayaquil<\/a>. La euforia por ver a La Bichota fue evidente en el Mall del Sol, en donde cientos de fan\u00e1ticos madrugaron a comprar sus entradas para el concierto.<\/p>\n<div class=\"Center2Display\">\n<div id=\"Center2\" data-google-query-id=\"CMi31I-dmJQDFUeQgwgdJdczDw\">\n<div id=\"google_ads_iframe_\/21839199781\/Vistazo\/Vistazo_Center2_0__container__\">La preventa de la segunda fecha se agot\u00f3 en apenas 90 minutos, confirm\u00f3 la empresa organizadora Output. Por eso, la empresa coordin\u00f3 de inmediato un tercer show en Quito.<\/div>\n<\/div>\n<\/div>\n<\/div>\n<h2 class=\"h2vistazo\">Karol G agota en horas las entradas para sus tres conciertos en Bogot\u00e1<\/h2>\n<div class=\"paragraph texto\">\n<p class=\"p_5\">Lo de Karol G ya es un fen\u00f3meno mundial, no s\u00f3lo en Ecuador. La cantante colombiana Karol G agot\u00f3 en pocas horas las entradas para sus tres conciertos en\u00a0<a href=\"https:\/\/www.vistazo.com\/cronologia\/-\/meta\/bogota\" target=\"_blank\" rel=\"noopener noreferrer\">Bogot\u00e1<\/a>, previstos para el 4, 5 y 6 de diciembre, que\u00a0<b>reunir\u00e1n a cerca de 120.000 personas en el estadio El Camp\u00edn<\/b>, inform\u00f3 su equipo de prensa a la Agencia EFE.<\/p>\n<div class=\"teads-inread sm-screen\">\n<div class=\"teads-ui-components-adchoices\"><\/div>\n<div id=\"teads1\" class=\"teads-player\">La artista hab\u00eda anunciado el mi\u00e9rcoles la ampliaci\u00f3n de conciertos por la alta demanda y, en menos de 24 horas, <b>colg\u00f3 el cartel de &#8216;sold out&#8217; en uno de los principales recintos de Colombia<\/b>, donde recientemente se han presentado figuras como\u00a0<a href=\"https:\/\/www.vistazo.com\/cronologia\/-\/meta\/j-balvin\" target=\"_blank\" rel=\"noopener noreferrer\">J Balvin<\/a>, Shakira,\u00a0<a href=\"https:\/\/www.vistazo.com\/cronologia\/-\/meta\/dua-lipa\" target=\"_blank\" rel=\"noopener noreferrer\">Dua Lipa<\/a>\u00a0o\u00a0<a href=\"https:\/\/www.vistazo.com\/cronologia\/-\/meta\/maluma\" target=\"_blank\" rel=\"noopener noreferrer\">Maluma<\/a>.<\/div>\n<\/div>\n<p class=\"p_8\">\u00abEn tiempo r\u00e9cord, miles de fans aseguraron sus entradas para lo que ser\u00e1n tres noches sin precedentes en la capital,\u00a0<b>confirmando el fen\u00f3meno cultural en el que se ha convertido Karol G<\/b>\u00a0y la conexi\u00f3n \u00fanica con su p\u00fablico colombiano\u00bb, expres\u00f3 su equipo en un comunicado.<\/p>\n<p class=\"p_9\">Karol G marc\u00f3 un hito hace unas semanas al convertirse en la\u00a0<b>primera latina en encabezar y cerrar el festival Coachella de California<\/b>, donde anunci\u00f3 su gira mundial, con la que recorrer\u00e1 20 pa\u00edses de Am\u00e9rica y Europa desde el pr\u00f3ximo 24 de julio en Chicago. <strong>Fuente: Vistazo<\/strong><\/p>\n<\/div>\n","protected":false},"excerpt":{"rendered":"<p>La\u00a0preventa\u00a0de\u00a0entradas\u00a0para el segundo concierto de\u00a0Karol G\u00a0en Ecuador se agot\u00f3 la ma\u00f1ana del 30 de abril y luego de unas horas se anunci\u00f3 una tercera fecha para Viajando por el mundo Tropitour. Con esto, la cantante colombiana se va a presentar en Quito el 15, 16 y 17 de enero de 2027. El escenario para los shows de Carolina Giraldo Navarro, conocida art\u00edsticamente como Karol G, es el\u00a0Estadio Ol\u00edmpico Atahualpa\u00a0de\u00a0Quito. As\u00ed como\u00a0Shakira\u00a0que cant\u00f3 tres veces en noviembre de 2025, la artista nacida en\u00a0Medell\u00edn\u00a0va a ser la protagonista en el coloso del Bat\u00e1n, en donde se han registrado los conciertos de las principales estrellas mundiales y hasta hace un par de a\u00f1os fue la sede de la selecci\u00f3n ecuatoriana de f\u00fatbol en Copa Am\u00e9rica y\u00a0Eliminatorias. Al momento, est\u00e1 activa la preventa en la p\u00e1gina web de Ticketshow y en puntos de venta f\u00edsicos en Quito y\u00a0Guayaquil. La euforia por ver a La Bichota fue evidente en el Mall del Sol, en donde cientos de fan\u00e1ticos madrugaron a comprar sus entradas para el concierto. La preventa de la segunda fecha se agot\u00f3 en apenas 90 minutos, confirm\u00f3 la empresa organizadora Output. Por eso, la empresa coordin\u00f3 de inmediato un tercer show en Quito. Karol G agota en horas las entradas para sus tres conciertos en Bogot\u00e1 Lo de Karol G ya es un fen\u00f3meno mundial, no s\u00f3lo en Ecuador. La cantante colombiana Karol G agot\u00f3 en pocas horas las entradas para sus tres conciertos en\u00a0Bogot\u00e1, previstos para el 4, 5 y 6 de diciembre, que\u00a0reunir\u00e1n a cerca de 120.000 personas en el estadio El Camp\u00edn, inform\u00f3 su equipo de prensa a la Agencia EFE. La artista hab\u00eda anunciado el mi\u00e9rcoles la ampliaci\u00f3n de conciertos por la alta demanda y, en menos de 24 horas, colg\u00f3 el cartel de &#8216;sold out&#8217; en uno de los principales recintos de Colombia, donde recientemente se han presentado figuras como\u00a0J Balvin, Shakira,\u00a0Dua Lipa\u00a0o\u00a0Maluma. \u00abEn tiempo r\u00e9cord, miles de fans aseguraron sus entradas para lo que ser\u00e1n tres noches sin precedentes en la capital,\u00a0confirmando el fen\u00f3meno cultural en el que se ha convertido Karol G\u00a0y la conexi\u00f3n \u00fanica con su p\u00fablico colombiano\u00bb, expres\u00f3 su equipo en un comunicado. Karol G marc\u00f3 un hito hace unas semanas al convertirse en la\u00a0primera latina en encabezar y cerrar el festival Coachella de California, donde anunci\u00f3 su gira mundial, con la que recorrer\u00e1 20 pa\u00edses de Am\u00e9rica y Europa desde el pr\u00f3ximo 24 de julio en Chicago. Fuente: Vistazo<\/p>\n","protected":false},"author":1,"featured_media":31204,"comment_status":"closed","ping_status":"closed","sticky":false,"template":"","format":"standard","meta":{"footnotes":""},"categories":[268],"tags":[],"class_list":["post-31203","post","type-post","status-publish","format-standard","has-post-thumbnail","hentry","category-nacionales"],"_links":{"self":[{"href":"https:\/\/www.elamazonico.com\/portal\/wp-json\/wp\/v2\/posts\/31203","targetHints":{"allow":["GET"]}}],"collection":[{"href":"https:\/\/www.elamazonico.com\/portal\/wp-json\/wp\/v2\/posts"}],"about":[{"href":"https:\/\/www.elamazonico.com\/portal\/wp-json\/wp\/v2\/types\/post"}],"author":[{"embeddable":true,"href":"https:\/\/www.elamazonico.com\/portal\/wp-json\/wp\/v2\/users\/1"}],"replies":[{"embeddable":true,"href":"https:\/\/www.elamazonico.com\/portal\/wp-json\/wp\/v2\/comments?post=31203"}],"version-history":[{"count":1,"href":"https:\/\/www.elamazonico.com\/portal\/wp-json\/wp\/v2\/posts\/31203\/revisions"}],"predecessor-version":[{"id":31205,"href":"https:\/\/www.elamazonico.com\/portal\/wp-json\/wp\/v2\/posts\/31203\/revisions\/31205"}],"wp:featuredmedia":[{"embeddable":true,"href":"https:\/\/www.elamazonico.com\/portal\/wp-json\/wp\/v2\/media\/31204"}],"wp:attachment":[{"href":"https:\/\/www.elamazonico.com\/portal\/wp-json\/wp\/v2\/media?parent=31203"}],"wp:term":[{"taxonomy":"category","embeddable":true,"href":"https:\/\/www.elamazonico.com\/portal\/wp-json\/wp\/v2\/categories?post=31203"},{"taxonomy":"post_tag","embeddable":true,"href":"https:\/\/www.elamazonico.com\/portal\/wp-json\/wp\/v2\/tags?post=31203"}],"curies":[{"name":"wp","href":"https:\/\/api.w.org\/{rel}","templated":true}]}}