{"id":31200,"date":"2026-05-01T08:46:49","date_gmt":"2026-05-01T13:46:49","guid":{"rendered":"https:\/\/www.elamazonico.com\/portal\/?p=31200"},"modified":"2026-05-01T08:46:49","modified_gmt":"2026-05-01T13:46:49","slug":"entran-en-vigor-aranceles-del-100-impuestos-por-ecuador-a-importaciones-colombianas","status":"publish","type":"post","link":"https:\/\/www.elamazonico.com\/portal\/entran-en-vigor-aranceles-del-100-impuestos-por-ecuador-a-importaciones-colombianas\/","title":{"rendered":"Entran en vigor aranceles del 100 % impuestos por Ecuador a importaciones colombianas"},"content":{"rendered":"<div class=\"paragraph texto\">\n<p class=\"p_0\">Los\u00a0<b><a href=\"https:\/\/www.vistazo.com\/actualidad\/internacional\/2026-04-10-aranceles-100-ecuador-inviable-comercio-asociacion-comercio-exterior-colombia-PM10855846\">aranceles del 100 %<\/a><\/b>\u00a0impuestos por Ecuador a importaciones colombianas entraron en vigor desde este viernes, primero de mayo, lo que recrudece la\u00a0<b>guerra comercial iniciada en febrero por el presidente\u00a0<a href=\"https:\/\/www.vistazo.com\/politica\/nacional\/2026-04-08-daniel-noboa-plantea-llegada-tropas-eeuu-ecuador-no-es-una-invasion-es-cooperacion-contra-el-crimen-HN10843073\">Daniel Noboa<\/a><\/b>, bajo el argumento de que el vecino pa\u00eds no hace lo suficiente para enfrentar al narcotr\u00e1fico y al crimen organizado en la frontera com\u00fan.<\/p>\n<p class=\"p_1\">La medida se aplica a las mercanc\u00edas que provengan o que sean originarias de Colombia,\u00a0<u><b>con algunas excepciones<\/b><\/u>, como importaciones petroleras y de generaci\u00f3n energ\u00e9tica y afines, entre otras, seg\u00fan se detalla en una resoluci\u00f3n emitida por el Servicio Nacional de Aduana de Ecuador (Senae) el pasado 9 de abril.<\/p>\n<p class=\"p_3\">Empresarios, exportadores y trabajadores de la frontera han rechazado el alza de aranceles y han instado a los presidentes de ambos pa\u00edses a que se sienten a conversar para encontrar soluciones que contribuyan a la seguridad sin que causen m\u00e1s impactos de los que, dicen,\u00a0<u><b>ya est\u00e1n provocando tarifas de entre el 30 % y 50 %<\/b><\/u>.<\/p>\n<\/div>\n<div class=\"multimediaMacroWrapper img lateral\">\n<figure class=\"contentMedia art-img\">\n<div><img fetchpriority=\"high\" decoding=\"async\" class=\" lazyloaded\" title=\"Transportistas y comerciantes de la frontera han expresado su rechazo a la medida.\" src=\"https:\/\/www.vistazo.com\/placeholder\/svg\/viewbox\/768x576\" sizes=\"100vw\" srcset=\"\/\/www.vistazo.com\/binrepository\/768x576\/0c0\/0d0\/none\/12727\/WWYM\/20260203206017-marcha-binacional-rumi_2657351_20260501083534.jpg 768w,\/\/www.vistazo.com\/binrepository\/640x480\/0c0\/0d0\/none\/12727\/WWYP\/20260203206017-marcha-binacional-rumi_2657351_20260501083534.jpg 640w,\/\/www.vistazo.com\/binrepository\/512x384\/0c0\/0d0\/none\/12727\/WWYI\/20260203206017-marcha-binacional-rumi_2657351_20260501083534.jpg 512w,\/\/www.vistazo.com\/binrepository\/384x288\/0c0\/0d0\/none\/12727\/WWYM\/20260203206017-marcha-binacional-rumi_2657351_20260501083534.jpg 384w,\/\/www.vistazo.com\/binrepository\/300x225\/0c0\/0d0\/none\/12727\/WWYH\/20260203206017-marcha-binacional-rumi_2657351_20260501083534.jpg 300w\" alt=\"$!Transportistas y comerciantes de la frontera han expresado su rechazo a la medida.\" width=\"768\" height=\"576\" data-srcset=\"\/\/www.vistazo.com\/binrepository\/768x576\/0c0\/0d0\/none\/12727\/WWYM\/20260203206017-marcha-binacional-rumi_2657351_20260501083534.jpg 768w,\/\/www.vistazo.com\/binrepository\/640x480\/0c0\/0d0\/none\/12727\/WWYP\/20260203206017-marcha-binacional-rumi_2657351_20260501083534.jpg 640w,\/\/www.vistazo.com\/binrepository\/512x384\/0c0\/0d0\/none\/12727\/WWYI\/20260203206017-marcha-binacional-rumi_2657351_20260501083534.jpg 512w,\/\/www.vistazo.com\/binrepository\/384x288\/0c0\/0d0\/none\/12727\/WWYM\/20260203206017-marcha-binacional-rumi_2657351_20260501083534.jpg 384w,\/\/www.vistazo.com\/binrepository\/300x225\/0c0\/0d0\/none\/12727\/WWYH\/20260203206017-marcha-binacional-rumi_2657351_20260501083534.jpg 300w\" \/><\/div>\n<div class=\"cutline-byline\"><span class=\"cutline-text\">Transportistas y comerciantes de la frontera han expresado su rechazo a la medida.<\/span>\u00a0<span class=\"byline-image\">(Juan Camilo Escobar)<\/span><\/div>\n<\/figure>\n<\/div>\n<h2 class=\"h2vistazo\">As\u00ed escal\u00f3 la tensa relaci\u00f3n entre Ecuador y Colombia<\/h2>\n<div class=\"paragraph texto\">\n<p class=\"p_4\">En enero pasado, el presidente Noboa anunci\u00f3 que desde el 1 de febrero entrar\u00eda en vigor una\u00a0<u><b>\u00abtasa de seguridad\u00bb\u00a0<\/b><\/u>del 30 % a las importaciones colombianas hasta que \u00abexista un compromiso real\u00bb de Bogot\u00e1 para enfrentar al narcotr\u00e1fico y la miner\u00eda ilegal en la frontera.<\/p>\n<p class=\"p_5\">Colombia respondi\u00f3 con una medida similar,\u00a0<u><b>cort\u00f3 la interconexi\u00f3n el\u00e9ctrica con Ecuador y cerr\u00f3 su frontera terrestre\u00a0<\/b><\/u>al ingreso de varios productos ecuatorianos, como el arroz y el banano.<\/p>\n<div class=\"teads-inread sm-screen\">\n<div class=\"teads-ui-components-adchoices\"><\/div>\n<div id=\"teads1\" class=\"teads-player\">Ecuador increment\u00f3 de 3 a 30 d\u00f3lares el precio por barril del transporte de petr\u00f3leo de la estatal colombiana<u><b>\u00a0Ecopetrol<\/b><\/u>\u00a0a trav\u00e9s de uno de sus principales oleoductos y subi\u00f3 en marzo los aranceles al 50 %.<\/div>\n<\/div>\n<p class=\"p_8\">Un mes despu\u00e9s, el Gobierno ecuatoriano se\u00f1al\u00f3 que la tarifa subir\u00eda desde este viernes al 100 %\u00a0<u><b>\u00abtras constatar la falta de implementaci\u00f3n de medidas concretas en materia de seguridad fronteriza por parte de Colombia\u00bb.<\/b><\/u><\/p>\n<\/div>\n<div class=\"multimediaMacroWrapper img lateral\">\n<figure class=\"contentMedia art-img\">\n<div><img decoding=\"async\" class=\" lazyloaded\" title=\"Los desacuerdos entre Gustavo Petro y Daniel Noboa han aumentado la tensi\u00f3n y la guerra comercial entre ambos pa\u00edses.\" src=\"https:\/\/www.vistazo.com\/placeholder\/svg\/viewbox\/768x432\" sizes=\"100vw\" srcset=\"\/\/www.vistazo.com\/binrepository\/768x432\/0c0\/0d0\/none\/12727\/QHTN\/afp-20260429-a9e39g3-v1-highres-26570_2657356_20260501083535.jpg 768w,\/\/www.vistazo.com\/binrepository\/640x360\/0c0\/0d0\/none\/12727\/QHTG\/afp-20260429-a9e39g3-v1-highres-26570_2657356_20260501083535.jpg 640w,\/\/www.vistazo.com\/binrepository\/512x288\/0c0\/0d0\/none\/12727\/QHTF\/afp-20260429-a9e39g3-v1-highres-26570_2657356_20260501083535.jpg 512w,\/\/www.vistazo.com\/binrepository\/384x216\/0c0\/0d0\/none\/12727\/QHTL\/afp-20260429-a9e39g3-v1-highres-26570_2657356_20260501083535.jpg 384w,\/\/www.vistazo.com\/binrepository\/300x169\/0c0\/0d0\/none\/12727\/QHTM\/afp-20260429-a9e39g3-v1-highres-26570_2657356_20260501083535.jpg 300w\" alt=\"$!Los desacuerdos entre Gustavo Petro y Daniel Noboa han aumentado la tensi\u00f3n y la guerra comercial entre ambos pa\u00edses.\" width=\"768\" height=\"432\" data-srcset=\"\/\/www.vistazo.com\/binrepository\/768x432\/0c0\/0d0\/none\/12727\/QHTN\/afp-20260429-a9e39g3-v1-highres-26570_2657356_20260501083535.jpg 768w,\/\/www.vistazo.com\/binrepository\/640x360\/0c0\/0d0\/none\/12727\/QHTG\/afp-20260429-a9e39g3-v1-highres-26570_2657356_20260501083535.jpg 640w,\/\/www.vistazo.com\/binrepository\/512x288\/0c0\/0d0\/none\/12727\/QHTF\/afp-20260429-a9e39g3-v1-highres-26570_2657356_20260501083535.jpg 512w,\/\/www.vistazo.com\/binrepository\/384x216\/0c0\/0d0\/none\/12727\/QHTL\/afp-20260429-a9e39g3-v1-highres-26570_2657356_20260501083535.jpg 384w,\/\/www.vistazo.com\/binrepository\/300x169\/0c0\/0d0\/none\/12727\/QHTM\/afp-20260429-a9e39g3-v1-highres-26570_2657356_20260501083535.jpg 300w\" \/><\/div>\n<div class=\"cutline-byline\"><span class=\"cutline-text\">Los desacuerdos entre Gustavo Petro y Daniel Noboa han aumentado la tensi\u00f3n y la guerra comercial entre ambos pa\u00edses.<\/span>\u00a0<span class=\"byline-image\">(Foto: archivo)<\/span><\/div>\n<\/figure>\n<\/div>\n<h2 class=\"h2vistazo\">Confrontaci\u00f3n entre Daniel Noboa y Gustavo Petro<\/h2>\n<div class=\"paragraph texto\">\n<p class=\"p_10\">La guerra comercial tambi\u00e9n ha estado marcada por acusaciones cruzadas entre Noboa y el presidente colombiano, Gustavo Petro, que ha llevado a los gobiernos a llamar a\u00a0<u><b>consultas a sus embajadores<\/b><\/u>.<\/p>\n<p class=\"p_11\">A inicios de marzo, militares ecuatorianos bombardearon supuestos campamentos de bandas criminales en la frontera con Colombia con apoyo de Estados Unidos.<\/p>\n<p class=\"p_12\"><u><b>Una de esas bombas apareci\u00f3 en un campo de cultivos de coca de Colombia<\/b><\/u>, un incidente que qued\u00f3 solventado despu\u00e9s de que se determin\u00f3 que el artefacto hab\u00eda rebotado en territorio vecino sin llegar a detonar.<\/p>\n<p class=\"p_14\">La relaci\u00f3n bilateral se volvi\u00f3 a tensar cuando Petro insisti\u00f3 en llamar al encarcelado exvicepresidente ecuatoriano\u00a0<b><a href=\"https:\/\/www.vistazo.com\/politica\/nacional\/2026-04-07-daniel-noboa-arremete-jorge-glas-quieren-vender-cuento-preso-politico-JK10839312\">Jorge Glas,<\/a><\/b>\u00a0condenado por corrupci\u00f3n, un \u00abpreso pol\u00edtico\u00bb.<\/p>\n<p class=\"p_15\">Posteriormente, Noboa lo acus\u00f3 de haberse relacionado con personas cercanas al narcotraficante\u00a0<u><b>Jos\u00e9 Adolfo Mac\u00edas (&#8216;Fito&#8217;)<\/b><\/u>, l\u00edder de Los Choneros, la banda criminal m\u00e1s antigua de Ecuador, durante su\u00a0<a href=\"https:\/\/www.vistazo.com\/politica\/internacional\/2026-04-26-viaje-secreto-gustavo-petro-manta-detalles-ocultos-visita-LI10902898\">estancia de dos d\u00edas en la ciudad costera de Manta<\/a>\u00a0en 2025 tras acudir a Quito a la posesi\u00f3n del presidente ecuatoriano, algo que el mandatario colombiano niega.<\/p>\n<p class=\"p_16\">El \u00faltimo episodio se produjo el mi\u00e9rcoles, cuando Noboa se\u00f1al\u00f3 a Petro por haber impulsado una\u00a0<u><b>supuesta incursi\u00f3n de guerrilleros colombianos en territorio ecuatoriano<\/b><\/u>, y el presidente colombiano le dijo que \u00abdeje de creer mentiras\u00bb y le propuso un encuentro en la frontera com\u00fan para \u00abconstruir la paz\u00bb. Fuente: Vistazo<\/p>\n<\/div>\n","protected":false},"excerpt":{"rendered":"<p>Los\u00a0aranceles del 100 %\u00a0impuestos por Ecuador a importaciones colombianas entraron en vigor desde este viernes, primero de mayo, lo que recrudece la\u00a0guerra comercial iniciada en febrero por el presidente\u00a0Daniel Noboa, bajo el argumento de que el vecino pa\u00eds no hace lo suficiente para enfrentar al narcotr\u00e1fico y al crimen organizado en la frontera com\u00fan. La medida se aplica a las mercanc\u00edas que provengan o que sean originarias de Colombia,\u00a0con algunas excepciones, como importaciones petroleras y de generaci\u00f3n energ\u00e9tica y afines, entre otras, seg\u00fan se detalla en una resoluci\u00f3n emitida por el Servicio Nacional de Aduana de Ecuador (Senae) el pasado 9 de abril. Empresarios, exportadores y trabajadores de la frontera han rechazado el alza de aranceles y han instado a los presidentes de ambos pa\u00edses a que se sienten a conversar para encontrar soluciones que contribuyan a la seguridad sin que causen m\u00e1s impactos de los que, dicen,\u00a0ya est\u00e1n provocando tarifas de entre el 30 % y 50 %. Transportistas y comerciantes de la frontera han expresado su rechazo a la medida.\u00a0(Juan Camilo Escobar) As\u00ed escal\u00f3 la tensa relaci\u00f3n entre Ecuador y Colombia En enero pasado, el presidente Noboa anunci\u00f3 que desde el 1 de febrero entrar\u00eda en vigor una\u00a0\u00abtasa de seguridad\u00bb\u00a0del 30 % a las importaciones colombianas hasta que \u00abexista un compromiso real\u00bb de Bogot\u00e1 para enfrentar al narcotr\u00e1fico y la miner\u00eda ilegal en la frontera. Colombia respondi\u00f3 con una medida similar,\u00a0cort\u00f3 la interconexi\u00f3n el\u00e9ctrica con Ecuador y cerr\u00f3 su frontera terrestre\u00a0al ingreso de varios productos ecuatorianos, como el arroz y el banano. Ecuador increment\u00f3 de 3 a 30 d\u00f3lares el precio por barril del transporte de petr\u00f3leo de la estatal colombiana\u00a0Ecopetrol\u00a0a trav\u00e9s de uno de sus principales oleoductos y subi\u00f3 en marzo los aranceles al 50 %. Un mes despu\u00e9s, el Gobierno ecuatoriano se\u00f1al\u00f3 que la tarifa subir\u00eda desde este viernes al 100 %\u00a0\u00abtras constatar la falta de implementaci\u00f3n de medidas concretas en materia de seguridad fronteriza por parte de Colombia\u00bb. Los desacuerdos entre Gustavo Petro y Daniel Noboa han aumentado la tensi\u00f3n y la guerra comercial entre ambos pa\u00edses.\u00a0(Foto: archivo) Confrontaci\u00f3n entre Daniel Noboa y Gustavo Petro La guerra comercial tambi\u00e9n ha estado marcada por acusaciones cruzadas entre Noboa y el presidente colombiano, Gustavo Petro, que ha llevado a los gobiernos a llamar a\u00a0consultas a sus embajadores. A inicios de marzo, militares ecuatorianos bombardearon supuestos campamentos de bandas criminales en la frontera con Colombia con apoyo de Estados Unidos. Una de esas bombas apareci\u00f3 en un campo de cultivos de coca de Colombia, un incidente que qued\u00f3 solventado despu\u00e9s de que se determin\u00f3 que el artefacto hab\u00eda rebotado en territorio vecino sin llegar a detonar. La relaci\u00f3n bilateral se volvi\u00f3 a tensar cuando Petro insisti\u00f3 en llamar al encarcelado exvicepresidente ecuatoriano\u00a0Jorge Glas,\u00a0condenado por corrupci\u00f3n, un \u00abpreso pol\u00edtico\u00bb. Posteriormente, Noboa lo acus\u00f3 de haberse relacionado con personas cercanas al narcotraficante\u00a0Jos\u00e9 Adolfo Mac\u00edas (&#8216;Fito&#8217;), l\u00edder de Los Choneros, la banda criminal m\u00e1s antigua de Ecuador, durante su\u00a0estancia de dos d\u00edas en la ciudad costera de Manta\u00a0en 2025 tras acudir a Quito a la posesi\u00f3n del presidente ecuatoriano, algo que el mandatario colombiano niega. El \u00faltimo episodio se produjo el mi\u00e9rcoles, cuando Noboa se\u00f1al\u00f3 a Petro por haber impulsado una\u00a0supuesta incursi\u00f3n de guerrilleros colombianos en territorio ecuatoriano, y el presidente colombiano le dijo que \u00abdeje de creer mentiras\u00bb y le propuso un encuentro en la frontera com\u00fan para \u00abconstruir la paz\u00bb. Fuente: Vistazo<\/p>\n","protected":false},"author":1,"featured_media":31201,"comment_status":"closed","ping_status":"closed","sticky":false,"template":"","format":"standard","meta":{"footnotes":""},"categories":[268],"tags":[],"class_list":["post-31200","post","type-post","status-publish","format-standard","has-post-thumbnail","hentry","category-nacionales"],"_links":{"self":[{"href":"https:\/\/www.elamazonico.com\/portal\/wp-json\/wp\/v2\/posts\/31200","targetHints":{"allow":["GET"]}}],"collection":[{"href":"https:\/\/www.elamazonico.com\/portal\/wp-json\/wp\/v2\/posts"}],"about":[{"href":"https:\/\/www.elamazonico.com\/portal\/wp-json\/wp\/v2\/types\/post"}],"author":[{"embeddable":true,"href":"https:\/\/www.elamazonico.com\/portal\/wp-json\/wp\/v2\/users\/1"}],"replies":[{"embeddable":true,"href":"https:\/\/www.elamazonico.com\/portal\/wp-json\/wp\/v2\/comments?post=31200"}],"version-history":[{"count":1,"href":"https:\/\/www.elamazonico.com\/portal\/wp-json\/wp\/v2\/posts\/31200\/revisions"}],"predecessor-version":[{"id":31202,"href":"https:\/\/www.elamazonico.com\/portal\/wp-json\/wp\/v2\/posts\/31200\/revisions\/31202"}],"wp:featuredmedia":[{"embeddable":true,"href":"https:\/\/www.elamazonico.com\/portal\/wp-json\/wp\/v2\/media\/31201"}],"wp:attachment":[{"href":"https:\/\/www.elamazonico.com\/portal\/wp-json\/wp\/v2\/media?parent=31200"}],"wp:term":[{"taxonomy":"category","embeddable":true,"href":"https:\/\/www.elamazonico.com\/portal\/wp-json\/wp\/v2\/categories?post=31200"},{"taxonomy":"post_tag","embeddable":true,"href":"https:\/\/www.elamazonico.com\/portal\/wp-json\/wp\/v2\/tags?post=31200"}],"curies":[{"name":"wp","href":"https:\/\/api.w.org\/{rel}","templated":true}]}}