{"id":31196,"date":"2026-05-01T07:28:48","date_gmt":"2026-05-01T12:28:48","guid":{"rendered":"https:\/\/www.elamazonico.com\/portal\/?p=31196"},"modified":"2026-05-01T07:29:32","modified_gmt":"2026-05-01T12:29:32","slug":"unidad-popular-ratifica-su-vigencia-politica-y-anuncia-acciones-legales-tras-rueda-de-prensa-en-zamora-chinchipe","status":"publish","type":"post","link":"https:\/\/www.elamazonico.com\/portal\/unidad-popular-ratifica-su-vigencia-politica-y-anuncia-acciones-legales-tras-rueda-de-prensa-en-zamora-chinchipe\/","title":{"rendered":"Movimiento Unidad Popular ratifica vigencia pol\u00edtica y convoca a movilizaci\u00f3n del 1 de mayo en Zamora Ch."},"content":{"rendered":"<p>El movimiento pol\u00edtico Unidad Popular, a trav\u00e9s de su director provincial Jeynnson Darwin Jua y la subdirectora provincial Lorena Gonz\u00e1lez, desarroll\u00f3 una rueda de prensa en la provincia de Zamora Chinchipe, en la que expuso su postura frente a la situaci\u00f3n legal y pol\u00edtica que enfrenta la organizaci\u00f3n a nivel nacional, as\u00ed como su agenda de movilizaci\u00f3n social.<\/p>\n<p>Durante su intervenci\u00f3n, Jua destac\u00f3 el proceso de reorganizaci\u00f3n interna que ha venido ejecutando el movimiento en la provincia, se\u00f1alando la realizaci\u00f3n de 26 asambleas provinciales recientes, en las que se reafirm\u00f3 la capacidad organizativa y de movilizaci\u00f3n de su militancia. En este contexto, inform\u00f3 sobre la renovaci\u00f3n de la directiva provincial, encabezada por \u00e9l como director y Lorena Gonz\u00e1lez como subdirectora, lo que \u2014seg\u00fan afirm\u00f3\u2014 evidencia la vigencia y fortaleza de la base social de la organizaci\u00f3n en Zamora Chinchipe.<\/p>\n<p>En el \u00e1mbito pol\u00edtico, el dirigente expres\u00f3 su rechazo a la decisi\u00f3n de excluir a Unidad Popular de la papeleta electoral, calific\u00e1ndola como una medida \u201carbitraria\u201d y contraria al ordenamiento jur\u00eddico ecuatoriano. Argument\u00f3 que dicha resoluci\u00f3n vulnerar\u00eda el plazo de 120 d\u00edas establecido en la normativa electoral para este tipo de procedimientos, citando el art\u00edculo 327, numeral 7, y asegurando que cualquier acci\u00f3n posterior a ese per\u00edodo carecer\u00eda de validez legal.<\/p>\n<p>Asimismo, Jua sostuvo que el movimiento cuenta con aproximadamente 206 mil afiliados a nivel nacional, y que las cifras oficiales del Consejo Nacional Electoral (CNE) reflejar\u00edan una reducci\u00f3n m\u00ednima de su militancia \u2014cercana al 0,7%\u2014, lo que, a su criterio, desvirt\u00faa los argumentos para su eventual eliminaci\u00f3n. En este sentido, anunci\u00f3 que Unidad Popular acudir\u00e1 a las instancias jur\u00eddicas correspondientes para defender su personer\u00eda pol\u00edtica y su derecho a participar en el proceso electoral.<\/p>\n<p>En relaci\u00f3n con el escenario electoral en la provincia, el director provincial asegur\u00f3 que las alianzas pol\u00edticas se mantienen vigentes y que los candidatos del movimiento continuar\u00e1n en contienda, incluso mientras se resuelve la situaci\u00f3n legal del partido. Indic\u00f3 que existen candidaturas en distintos niveles de representaci\u00f3n, incluyendo concejal\u00edas, juntas parroquiales y una alcald\u00eda en varios cantones de Zamora Chinchipe.<\/p>\n<p>Por otro lado, el dirigente hizo un llamado a las organizaciones pol\u00edticas de tendencia de centroizquierda a articular esfuerzos en defensa de la democracia, en medio de lo que calific\u00f3 como un contexto de \u201cpersecuci\u00f3n pol\u00edtica\u201d hacia sectores opositores.<\/p>\n<p>En su intervenci\u00f3n, la subdirectora provincial Lorena Gonz\u00e1lez abord\u00f3 el componente social y laboral, confirmando la participaci\u00f3n de Unidad Popular en las movilizaciones previstas por el D\u00eda Internacional del Trabajo. Inform\u00f3 que, en coordinaci\u00f3n con la Federaci\u00f3n Provincial de Trabajadores de Zamora Chinchipe, se ha organizado una marcha para el 1 de mayo a las 09:00 en el cant\u00f3n Paquisha, con la participaci\u00f3n de diversos sindicatos, incluidos los del sector salud.<\/p>\n<p>Gonz\u00e1lez se\u00f1al\u00f3 que la jornada de movilizaci\u00f3n servir\u00e1 como espacio para visibilizar demandas laborales y expresar el rechazo a medidas gubernamentales que, seg\u00fan manifest\u00f3, afectar\u00edan los derechos de los trabajadores, entre ellas reformas mediante acuerdos ministeriales, posibles incrementos del IVA y eliminaci\u00f3n de subsidios. Tambi\u00e9n advirti\u00f3 sobre el impacto del alza de la canasta b\u00e1sica en la econom\u00eda de las familias ecuatorianas.<\/p>\n<p>Finalmente, los representantes de Unidad Popular reiteraron su compromiso de continuar en la lucha pol\u00edtica y social, tanto en el \u00e1mbito jur\u00eddico como en las calles, defendiendo \u2014seg\u00fan se\u00f1alaron\u2014 los derechos democr\u00e1ticos y laborales de la ciudadan\u00eda.<\/p>\n","protected":false},"excerpt":{"rendered":"<p>El movimiento pol\u00edtico Unidad Popular, a trav\u00e9s de su director provincial Jeynnson Darwin Jua y la subdirectora provincial Lorena Gonz\u00e1lez, desarroll\u00f3 una rueda de prensa en la provincia de Zamora Chinchipe, en la que expuso su postura frente a la situaci\u00f3n legal y pol\u00edtica que enfrenta la organizaci\u00f3n a nivel nacional, as\u00ed como su agenda de movilizaci\u00f3n social. Durante su intervenci\u00f3n, Jua destac\u00f3 el proceso de reorganizaci\u00f3n interna que ha venido ejecutando el movimiento en la provincia, se\u00f1alando la realizaci\u00f3n de 26 asambleas provinciales recientes, en las que se reafirm\u00f3 la capacidad organizativa y de movilizaci\u00f3n de su militancia. En este contexto, inform\u00f3 sobre la renovaci\u00f3n de la directiva provincial, encabezada por \u00e9l como director y Lorena Gonz\u00e1lez como subdirectora, lo que \u2014seg\u00fan afirm\u00f3\u2014 evidencia la vigencia y fortaleza de la base social de la organizaci\u00f3n en Zamora Chinchipe. En el \u00e1mbito pol\u00edtico, el dirigente expres\u00f3 su rechazo a la decisi\u00f3n de excluir a Unidad Popular de la papeleta electoral, calific\u00e1ndola como una medida \u201carbitraria\u201d y contraria al ordenamiento jur\u00eddico ecuatoriano. Argument\u00f3 que dicha resoluci\u00f3n vulnerar\u00eda el plazo de 120 d\u00edas establecido en la normativa electoral para este tipo de procedimientos, citando el art\u00edculo 327, numeral 7, y asegurando que cualquier acci\u00f3n posterior a ese per\u00edodo carecer\u00eda de validez legal. Asimismo, Jua sostuvo que el movimiento cuenta con aproximadamente 206 mil afiliados a nivel nacional, y que las cifras oficiales del Consejo Nacional Electoral (CNE) reflejar\u00edan una reducci\u00f3n m\u00ednima de su militancia \u2014cercana al 0,7%\u2014, lo que, a su criterio, desvirt\u00faa los argumentos para su eventual eliminaci\u00f3n. En este sentido, anunci\u00f3 que Unidad Popular acudir\u00e1 a las instancias jur\u00eddicas correspondientes para defender su personer\u00eda pol\u00edtica y su derecho a participar en el proceso electoral. En relaci\u00f3n con el escenario electoral en la provincia, el director provincial asegur\u00f3 que las alianzas pol\u00edticas se mantienen vigentes y que los candidatos del movimiento continuar\u00e1n en contienda, incluso mientras se resuelve la situaci\u00f3n legal del partido. Indic\u00f3 que existen candidaturas en distintos niveles de representaci\u00f3n, incluyendo concejal\u00edas, juntas parroquiales y una alcald\u00eda en varios cantones de Zamora Chinchipe. Por otro lado, el dirigente hizo un llamado a las organizaciones pol\u00edticas de tendencia de centroizquierda a articular esfuerzos en defensa de la democracia, en medio de lo que calific\u00f3 como un contexto de \u201cpersecuci\u00f3n pol\u00edtica\u201d hacia sectores opositores. En su intervenci\u00f3n, la subdirectora provincial Lorena Gonz\u00e1lez abord\u00f3 el componente social y laboral, confirmando la participaci\u00f3n de Unidad Popular en las movilizaciones previstas por el D\u00eda Internacional del Trabajo. Inform\u00f3 que, en coordinaci\u00f3n con la Federaci\u00f3n Provincial de Trabajadores de Zamora Chinchipe, se ha organizado una marcha para el 1 de mayo a las 09:00 en el cant\u00f3n Paquisha, con la participaci\u00f3n de diversos sindicatos, incluidos los del sector salud. Gonz\u00e1lez se\u00f1al\u00f3 que la jornada de movilizaci\u00f3n servir\u00e1 como espacio para visibilizar demandas laborales y expresar el rechazo a medidas gubernamentales que, seg\u00fan manifest\u00f3, afectar\u00edan los derechos de los trabajadores, entre ellas reformas mediante acuerdos ministeriales, posibles incrementos del IVA y eliminaci\u00f3n de subsidios. Tambi\u00e9n advirti\u00f3 sobre el impacto del alza de la canasta b\u00e1sica en la econom\u00eda de las familias ecuatorianas. Finalmente, los representantes de Unidad Popular reiteraron su compromiso de continuar en la lucha pol\u00edtica y social, tanto en el \u00e1mbito jur\u00eddico como en las calles, defendiendo \u2014seg\u00fan se\u00f1alaron\u2014 los derechos democr\u00e1ticos y laborales de la ciudadan\u00eda.<\/p>\n","protected":false},"author":1,"featured_media":31197,"comment_status":"closed","ping_status":"closed","sticky":false,"template":"","format":"standard","meta":{"footnotes":""},"categories":[243],"tags":[],"class_list":["post-31196","post","type-post","status-publish","format-standard","has-post-thumbnail","hentry","category-noticias-zamora"],"_links":{"self":[{"href":"https:\/\/www.elamazonico.com\/portal\/wp-json\/wp\/v2\/posts\/31196","targetHints":{"allow":["GET"]}}],"collection":[{"href":"https:\/\/www.elamazonico.com\/portal\/wp-json\/wp\/v2\/posts"}],"about":[{"href":"https:\/\/www.elamazonico.com\/portal\/wp-json\/wp\/v2\/types\/post"}],"author":[{"embeddable":true,"href":"https:\/\/www.elamazonico.com\/portal\/wp-json\/wp\/v2\/users\/1"}],"replies":[{"embeddable":true,"href":"https:\/\/www.elamazonico.com\/portal\/wp-json\/wp\/v2\/comments?post=31196"}],"version-history":[{"count":2,"href":"https:\/\/www.elamazonico.com\/portal\/wp-json\/wp\/v2\/posts\/31196\/revisions"}],"predecessor-version":[{"id":31199,"href":"https:\/\/www.elamazonico.com\/portal\/wp-json\/wp\/v2\/posts\/31196\/revisions\/31199"}],"wp:featuredmedia":[{"embeddable":true,"href":"https:\/\/www.elamazonico.com\/portal\/wp-json\/wp\/v2\/media\/31197"}],"wp:attachment":[{"href":"https:\/\/www.elamazonico.com\/portal\/wp-json\/wp\/v2\/media?parent=31196"}],"wp:term":[{"taxonomy":"category","embeddable":true,"href":"https:\/\/www.elamazonico.com\/portal\/wp-json\/wp\/v2\/categories?post=31196"},{"taxonomy":"post_tag","embeddable":true,"href":"https:\/\/www.elamazonico.com\/portal\/wp-json\/wp\/v2\/tags?post=31196"}],"curies":[{"name":"wp","href":"https:\/\/api.w.org\/{rel}","templated":true}]}}