{"id":31193,"date":"2026-05-01T07:24:54","date_gmt":"2026-05-01T12:24:54","guid":{"rendered":"https:\/\/www.elamazonico.com\/portal\/?p=31193"},"modified":"2026-05-01T07:24:54","modified_gmt":"2026-05-01T12:24:54","slug":"policia-nacional-recibe-condecoracion-al-merito-profesional-por-su-labor-en-seguridad-ciudadana-en-zamora","status":"publish","type":"post","link":"https:\/\/www.elamazonico.com\/portal\/policia-nacional-recibe-condecoracion-al-merito-profesional-por-su-labor-en-seguridad-ciudadana-en-zamora\/","title":{"rendered":"Polic\u00eda Nacional recibe condecoraci\u00f3n al m\u00e9rito profesional por su labor en seguridad ciudadana en Zamora"},"content":{"rendered":"<p>La Polic\u00eda Nacional del Ecuador, a trav\u00e9s de los servidores policiales del eje investigativo, fue reconocida con la Condecoraci\u00f3n al M\u00e9rito Profesional, distinci\u00f3n otorgada por el Concejo Municipal del cant\u00f3n Zamora, en m\u00e9rito a su compromiso, disciplina y vocaci\u00f3n de servicio en el fortalecimiento de la seguridad ciudadana.<\/p>\n<p>El reconocimiento institucional resalta el trabajo t\u00e9cnico, investigativo y operativo que desarrolla el personal policial, enfocado en la prevenci\u00f3n, control y esclarecimiento de hechos delictivos en la jurisdicci\u00f3n. Estas acciones se enmarcan en estrategias integrales orientadas a garantizar la tranquilidad y el orden p\u00fablico, en respuesta a las necesidades de seguridad de la poblaci\u00f3n.<\/p>\n<p>Desde una perspectiva institucional, la condecoraci\u00f3n evidencia el aporte sostenido de los servidores policiales en el \u00e1mbito investigativo, cuya labor resulta clave en la generaci\u00f3n de resultados efectivos frente a la delincuencia, as\u00ed como en la consolidaci\u00f3n de procesos de confianza entre la ciudadan\u00eda y las entidades de control.<\/p>\n<p>La Polic\u00eda Nacional reafirm\u00f3 su compromiso de continuar ejecutando sus funciones con profesionalismo, \u00e9tica y responsabilidad, fortaleciendo la coordinaci\u00f3n interinstitucional con las autoridades locales. Este trabajo articulado busca optimizar las capacidades operativas y preventivas en beneficio del bienestar colectivo y la seguridad del cant\u00f3n Zamora.<\/p>\n<p>El reconocimiento otorgado por el Concejo Municipal constituye, adem\u00e1s, un incentivo para el fortalecimiento de la gesti\u00f3n policial, destacando la importancia de la labor investigativa como pilar fundamental en la construcci\u00f3n de entornos m\u00e1s seguros.<\/p>\n","protected":false},"excerpt":{"rendered":"<p>La Polic\u00eda Nacional del Ecuador, a trav\u00e9s de los servidores policiales del eje investigativo, fue reconocida con la Condecoraci\u00f3n al M\u00e9rito Profesional, distinci\u00f3n otorgada por el Concejo Municipal del cant\u00f3n Zamora, en m\u00e9rito a su compromiso, disciplina y vocaci\u00f3n de servicio en el fortalecimiento de la seguridad ciudadana. El reconocimiento institucional resalta el trabajo t\u00e9cnico, investigativo y operativo que desarrolla el personal policial, enfocado en la prevenci\u00f3n, control y esclarecimiento de hechos delictivos en la jurisdicci\u00f3n. Estas acciones se enmarcan en estrategias integrales orientadas a garantizar la tranquilidad y el orden p\u00fablico, en respuesta a las necesidades de seguridad de la poblaci\u00f3n. Desde una perspectiva institucional, la condecoraci\u00f3n evidencia el aporte sostenido de los servidores policiales en el \u00e1mbito investigativo, cuya labor resulta clave en la generaci\u00f3n de resultados efectivos frente a la delincuencia, as\u00ed como en la consolidaci\u00f3n de procesos de confianza entre la ciudadan\u00eda y las entidades de control. La Polic\u00eda Nacional reafirm\u00f3 su compromiso de continuar ejecutando sus funciones con profesionalismo, \u00e9tica y responsabilidad, fortaleciendo la coordinaci\u00f3n interinstitucional con las autoridades locales. Este trabajo articulado busca optimizar las capacidades operativas y preventivas en beneficio del bienestar colectivo y la seguridad del cant\u00f3n Zamora. El reconocimiento otorgado por el Concejo Municipal constituye, adem\u00e1s, un incentivo para el fortalecimiento de la gesti\u00f3n policial, destacando la importancia de la labor investigativa como pilar fundamental en la construcci\u00f3n de entornos m\u00e1s seguros.<\/p>\n","protected":false},"author":1,"featured_media":31194,"comment_status":"closed","ping_status":"closed","sticky":false,"template":"","format":"standard","meta":{"footnotes":""},"categories":[243],"tags":[],"class_list":["post-31193","post","type-post","status-publish","format-standard","has-post-thumbnail","hentry","category-noticias-zamora"],"_links":{"self":[{"href":"https:\/\/www.elamazonico.com\/portal\/wp-json\/wp\/v2\/posts\/31193","targetHints":{"allow":["GET"]}}],"collection":[{"href":"https:\/\/www.elamazonico.com\/portal\/wp-json\/wp\/v2\/posts"}],"about":[{"href":"https:\/\/www.elamazonico.com\/portal\/wp-json\/wp\/v2\/types\/post"}],"author":[{"embeddable":true,"href":"https:\/\/www.elamazonico.com\/portal\/wp-json\/wp\/v2\/users\/1"}],"replies":[{"embeddable":true,"href":"https:\/\/www.elamazonico.com\/portal\/wp-json\/wp\/v2\/comments?post=31193"}],"version-history":[{"count":1,"href":"https:\/\/www.elamazonico.com\/portal\/wp-json\/wp\/v2\/posts\/31193\/revisions"}],"predecessor-version":[{"id":31195,"href":"https:\/\/www.elamazonico.com\/portal\/wp-json\/wp\/v2\/posts\/31193\/revisions\/31195"}],"wp:featuredmedia":[{"embeddable":true,"href":"https:\/\/www.elamazonico.com\/portal\/wp-json\/wp\/v2\/media\/31194"}],"wp:attachment":[{"href":"https:\/\/www.elamazonico.com\/portal\/wp-json\/wp\/v2\/media?parent=31193"}],"wp:term":[{"taxonomy":"category","embeddable":true,"href":"https:\/\/www.elamazonico.com\/portal\/wp-json\/wp\/v2\/categories?post=31193"},{"taxonomy":"post_tag","embeddable":true,"href":"https:\/\/www.elamazonico.com\/portal\/wp-json\/wp\/v2\/tags?post=31193"}],"curies":[{"name":"wp","href":"https:\/\/api.w.org\/{rel}","templated":true}]}}