{"id":31187,"date":"2026-05-01T07:20:32","date_gmt":"2026-05-01T12:20:32","guid":{"rendered":"https:\/\/www.elamazonico.com\/portal\/?p=31187"},"modified":"2026-05-01T07:20:32","modified_gmt":"2026-05-01T12:20:32","slug":"zamaskijat-convoca-a-congreso-provincial-para-debatir-agenda-social-territorial-y-renovar-su-dirigencia","status":"publish","type":"post","link":"https:\/\/www.elamazonico.com\/portal\/zamaskijat-convoca-a-congreso-provincial-para-debatir-agenda-social-territorial-y-renovar-su-dirigencia\/","title":{"rendered":"Zamaskijat convoca a congreso provincial para debatir agenda social, territorial y renovar su dirigencia"},"content":{"rendered":"<p>La organizaci\u00f3n provincial Zamaskijat desarrollar\u00e1 su congreso este pr\u00f3ximo s\u00e1bado 2 de mayo, en la comunidad de Sisam, cant\u00f3n Paquisha, a partir de las 08:00, con el objetivo de generar espacios de an\u00e1lisis sobre la coyuntura nacional, fortalecer su estructura organizativa y renovar su Consejo de Gobierno.<\/p>\n<p>As\u00ed lo inform\u00f3 Jimmy Tene, presidente de Zamaskijat, en entrevista, donde destac\u00f3 que este encuentro constituye un espacio fundamental de deliberaci\u00f3n colectiva en torno a temas estrat\u00e9gicos como el sistema de educaci\u00f3n intercultural biling\u00fce, la defensa de los territorios y la protecci\u00f3n de las fuentes h\u00eddricas en la provincia de Zamora Chinchipe.<\/p>\n<p>El congreso contemplar\u00e1 la instalaci\u00f3n de tres mesas de trabajo orientadas a recoger las principales problem\u00e1ticas de las comunidades, cuyas resoluciones servir\u00e1n como hoja de ruta para la nueva dirigencia. En este marco, Tene confirm\u00f3 que concluir\u00e1 su periodo al frente de la organizaci\u00f3n, tras tres a\u00f1os y seis meses de gesti\u00f3n, promoviendo un proceso de renovaci\u00f3n dirigencial basado en la alternancia y el fortalecimiento de nuevos liderazgos.<\/p>\n<p>\u201cSiempre hemos sostenido que es necesario oxigenar la organizaci\u00f3n y permitir que nuevos cuadros asuman responsabilidades, aportando con nuevas perspectivas al desarrollo organizativo\u201d, enfatiz\u00f3.<\/p>\n<p>Durante su administraci\u00f3n, Zamaskijat logr\u00f3 consolidar autonom\u00eda financiera mediante la gesti\u00f3n de proyectos con fundaciones y organizaciones no gubernamentales, lo que permiti\u00f3 canalizar recursos nacionales e internacionales hacia procesos de formaci\u00f3n en liderazgo, derecho constitucional y comunicaci\u00f3n comunitaria. Estas acciones se ejecutaron en los siete cantones donde la organizaci\u00f3n mantiene presencia, articulando a m\u00e1s de 200 comunidades, principalmente del pueblo Kichwa Saraguro.<\/p>\n<p>En el \u00e1mbito pol\u00edtico y social, Tene se\u00f1al\u00f3 que la organizaci\u00f3n ha acompa\u00f1ado las resoluciones del movimiento ind\u00edgena a nivel nacional, especialmente en el marco de movilizaciones vinculadas al incremento del costo de vida y de los combustibles. En este sentido, advirti\u00f3 que las actuales medidas econ\u00f3micas contin\u00faan afectando a los sectores m\u00e1s vulnerables, profundizando las condiciones de precariedad en las comunidades rurales.<\/p>\n<p>El dirigente tambi\u00e9n subray\u00f3 que uno de los ejes centrales del congreso ser\u00e1 visibilizar la situaci\u00f3n estructural de las comunidades, muchas de las cuales carecen de servicios b\u00e1sicos como agua potable, alcantarillado y alumbrado p\u00fablico, lo que limita el acceso a condiciones dignas de vida.<\/p>\n<p>Asimismo, reiter\u00f3 la necesidad de fortalecer el acceso a la educaci\u00f3n superior en la provincia, recordando que la demanda por la creaci\u00f3n de una universidad en Zamora Chinchipe se mantiene vigente desde hace m\u00e1s de una d\u00e9cada. En este contexto, destac\u00f3 los avances alcanzados con la vinculaci\u00f3n de j\u00f3venes a la Universidad Amawtay Wasi y las gestiones para establecer una extensi\u00f3n en territorio provincial.<\/p>\n<p>Finalmente, Zamaskijat extendi\u00f3 la invitaci\u00f3n a sus organizaciones filiales, comunidades y medios de comunicaci\u00f3n a participar activamente en este congreso, considerado un espacio clave para la toma de decisiones colectivas y la proyecci\u00f3n de la agenda organizativa en beneficio de las comunidades.<\/p>\n<p>El evento tambi\u00e9n incluir\u00e1 la presentaci\u00f3n del informe de gesti\u00f3n del actual Consejo de Gobierno, en el que se detallar\u00e1n logros, limitaciones y desaf\u00edos, con miras a garantizar la continuidad institucional y el fortalecimiento de la organizaci\u00f3n en el nuevo periodo.<\/p>\n","protected":false},"excerpt":{"rendered":"<p>La organizaci\u00f3n provincial Zamaskijat desarrollar\u00e1 su congreso este pr\u00f3ximo s\u00e1bado 2 de mayo, en la comunidad de Sisam, cant\u00f3n Paquisha, a partir de las 08:00, con el objetivo de generar espacios de an\u00e1lisis sobre la coyuntura nacional, fortalecer su estructura organizativa y renovar su Consejo de Gobierno. As\u00ed lo inform\u00f3 Jimmy Tene, presidente de Zamaskijat, en entrevista, donde destac\u00f3 que este encuentro constituye un espacio fundamental de deliberaci\u00f3n colectiva en torno a temas estrat\u00e9gicos como el sistema de educaci\u00f3n intercultural biling\u00fce, la defensa de los territorios y la protecci\u00f3n de las fuentes h\u00eddricas en la provincia de Zamora Chinchipe. El congreso contemplar\u00e1 la instalaci\u00f3n de tres mesas de trabajo orientadas a recoger las principales problem\u00e1ticas de las comunidades, cuyas resoluciones servir\u00e1n como hoja de ruta para la nueva dirigencia. En este marco, Tene confirm\u00f3 que concluir\u00e1 su periodo al frente de la organizaci\u00f3n, tras tres a\u00f1os y seis meses de gesti\u00f3n, promoviendo un proceso de renovaci\u00f3n dirigencial basado en la alternancia y el fortalecimiento de nuevos liderazgos. \u201cSiempre hemos sostenido que es necesario oxigenar la organizaci\u00f3n y permitir que nuevos cuadros asuman responsabilidades, aportando con nuevas perspectivas al desarrollo organizativo\u201d, enfatiz\u00f3. Durante su administraci\u00f3n, Zamaskijat logr\u00f3 consolidar autonom\u00eda financiera mediante la gesti\u00f3n de proyectos con fundaciones y organizaciones no gubernamentales, lo que permiti\u00f3 canalizar recursos nacionales e internacionales hacia procesos de formaci\u00f3n en liderazgo, derecho constitucional y comunicaci\u00f3n comunitaria. Estas acciones se ejecutaron en los siete cantones donde la organizaci\u00f3n mantiene presencia, articulando a m\u00e1s de 200 comunidades, principalmente del pueblo Kichwa Saraguro. En el \u00e1mbito pol\u00edtico y social, Tene se\u00f1al\u00f3 que la organizaci\u00f3n ha acompa\u00f1ado las resoluciones del movimiento ind\u00edgena a nivel nacional, especialmente en el marco de movilizaciones vinculadas al incremento del costo de vida y de los combustibles. En este sentido, advirti\u00f3 que las actuales medidas econ\u00f3micas contin\u00faan afectando a los sectores m\u00e1s vulnerables, profundizando las condiciones de precariedad en las comunidades rurales. El dirigente tambi\u00e9n subray\u00f3 que uno de los ejes centrales del congreso ser\u00e1 visibilizar la situaci\u00f3n estructural de las comunidades, muchas de las cuales carecen de servicios b\u00e1sicos como agua potable, alcantarillado y alumbrado p\u00fablico, lo que limita el acceso a condiciones dignas de vida. Asimismo, reiter\u00f3 la necesidad de fortalecer el acceso a la educaci\u00f3n superior en la provincia, recordando que la demanda por la creaci\u00f3n de una universidad en Zamora Chinchipe se mantiene vigente desde hace m\u00e1s de una d\u00e9cada. En este contexto, destac\u00f3 los avances alcanzados con la vinculaci\u00f3n de j\u00f3venes a la Universidad Amawtay Wasi y las gestiones para establecer una extensi\u00f3n en territorio provincial. Finalmente, Zamaskijat extendi\u00f3 la invitaci\u00f3n a sus organizaciones filiales, comunidades y medios de comunicaci\u00f3n a participar activamente en este congreso, considerado un espacio clave para la toma de decisiones colectivas y la proyecci\u00f3n de la agenda organizativa en beneficio de las comunidades. El evento tambi\u00e9n incluir\u00e1 la presentaci\u00f3n del informe de gesti\u00f3n del actual Consejo de Gobierno, en el que se detallar\u00e1n logros, limitaciones y desaf\u00edos, con miras a garantizar la continuidad institucional y el fortalecimiento de la organizaci\u00f3n en el nuevo periodo.<\/p>\n","protected":false},"author":1,"featured_media":31188,"comment_status":"closed","ping_status":"closed","sticky":false,"template":"","format":"standard","meta":{"footnotes":""},"categories":[243],"tags":[],"class_list":["post-31187","post","type-post","status-publish","format-standard","has-post-thumbnail","hentry","category-noticias-zamora"],"_links":{"self":[{"href":"https:\/\/www.elamazonico.com\/portal\/wp-json\/wp\/v2\/posts\/31187","targetHints":{"allow":["GET"]}}],"collection":[{"href":"https:\/\/www.elamazonico.com\/portal\/wp-json\/wp\/v2\/posts"}],"about":[{"href":"https:\/\/www.elamazonico.com\/portal\/wp-json\/wp\/v2\/types\/post"}],"author":[{"embeddable":true,"href":"https:\/\/www.elamazonico.com\/portal\/wp-json\/wp\/v2\/users\/1"}],"replies":[{"embeddable":true,"href":"https:\/\/www.elamazonico.com\/portal\/wp-json\/wp\/v2\/comments?post=31187"}],"version-history":[{"count":1,"href":"https:\/\/www.elamazonico.com\/portal\/wp-json\/wp\/v2\/posts\/31187\/revisions"}],"predecessor-version":[{"id":31189,"href":"https:\/\/www.elamazonico.com\/portal\/wp-json\/wp\/v2\/posts\/31187\/revisions\/31189"}],"wp:featuredmedia":[{"embeddable":true,"href":"https:\/\/www.elamazonico.com\/portal\/wp-json\/wp\/v2\/media\/31188"}],"wp:attachment":[{"href":"https:\/\/www.elamazonico.com\/portal\/wp-json\/wp\/v2\/media?parent=31187"}],"wp:term":[{"taxonomy":"category","embeddable":true,"href":"https:\/\/www.elamazonico.com\/portal\/wp-json\/wp\/v2\/categories?post=31187"},{"taxonomy":"post_tag","embeddable":true,"href":"https:\/\/www.elamazonico.com\/portal\/wp-json\/wp\/v2\/tags?post=31187"}],"curies":[{"name":"wp","href":"https:\/\/api.w.org\/{rel}","templated":true}]}}