{"id":31184,"date":"2026-05-01T07:18:04","date_gmt":"2026-05-01T12:18:04","guid":{"rendered":"https:\/\/www.elamazonico.com\/portal\/?p=31184"},"modified":"2026-05-01T07:18:04","modified_gmt":"2026-05-01T12:18:04","slug":"unidad-popular-presenta-recursos-legales-ante-el-cne-y-denuncia-presuntas-irregularidades-en-el-proceso-electoral","status":"publish","type":"post","link":"https:\/\/www.elamazonico.com\/portal\/unidad-popular-presenta-recursos-legales-ante-el-cne-y-denuncia-presuntas-irregularidades-en-el-proceso-electoral\/","title":{"rendered":"Unidad Popular presenta recursos legales ante el CNE y denuncia presuntas irregularidades en el proceso electoral"},"content":{"rendered":"<p>En el marco del actual proceso preelectoral, Sebasti\u00e1n Cevallos, subdirector nacional de Unidad Popular, inform\u00f3 sobre las acciones jur\u00eddicas emprendidas por esta organizaci\u00f3n pol\u00edtica frente a su suspensi\u00f3n temporal, al tiempo que cuestion\u00f3 el manejo institucional del proceso por parte del Consejo Nacional Electoral (CNE).<\/p>\n<p>Durante una entrevista, Cevallos se\u00f1al\u00f3 que Unidad Popular ha presentado formalmente una impugnaci\u00f3n y apelaci\u00f3n ante el CNE, con el objetivo de revertir la medida que pretende excluirlos del registro de organizaciones pol\u00edticas habilitadas para participar en las pr\u00f3ximas elecciones. En caso de no obtener una resoluci\u00f3n favorable, anunci\u00f3 que recurrir\u00e1n al Tribunal Contencioso Electoral (TCE) y, de ser necesario, a instancias internacionales como la Comisi\u00f3n Interamericana de Derechos Humanos (CIDH), mediante la solicitud de medidas cautelares.<\/p>\n<p>El dirigente sostuvo que la organizaci\u00f3n se mantiene en ejercicio de sus derechos, argumentando que no existe una sentencia firme que justifique su cancelaci\u00f3n. En ese sentido, indic\u00f3 que el 3 de mayo se publicar\u00e1 el registro oficial de partidos pol\u00edticos, fecha en la cual conf\u00edan en constar formalmente.<\/p>\n<p>En relaci\u00f3n con su estructura interna, Cevallos afirm\u00f3 que Unidad Popular cuenta con m\u00e1s de 200 mil afiliados a nivel nacional, registrando aproximadamente 1.400 desafiliaciones en los \u00faltimos seis a\u00f1os, lo que \u2014seg\u00fan indic\u00f3\u2014 la posiciona como una de las organizaciones con mayor estabilidad en su militancia. Adem\u00e1s, record\u00f3 que el propio CNE valid\u00f3 en su momento estos registros, incluso mediante procesos t\u00e9cnicos de verificaci\u00f3n de firmas.<\/p>\n<p>En el \u00e1mbito electoral, el subdirector nacional se\u00f1al\u00f3 que, pese a la coyuntura, la organizaci\u00f3n contin\u00faa avanzando en la construcci\u00f3n de alianzas pol\u00edticas en varias provincias, incluyendo Zamora Chinchipe, as\u00ed como en la estructuraci\u00f3n de candidaturas en m\u00e1s de 150 cantones del pa\u00eds. Asimismo, confirm\u00f3 que participar\u00e1n en los procesos de elecciones primarias previstas a partir del 18 de junio, conforme al calendario electoral vigente.<\/p>\n<p>Cevallos tambi\u00e9n expres\u00f3 cr\u00edticas al adelanto del cronograma electoral, se\u00f1alando que esta medida obliga a las organizaciones pol\u00edticas a acelerar sus procesos internos de selecci\u00f3n de candidaturas, lo que \u2014a su criterio\u2014 podr\u00eda afectar la participaci\u00f3n democr\u00e1tica. No obstante, reiter\u00f3 que Unidad Popular continuar\u00e1 cumpliendo con los plazos establecidos en la normativa electoral.<\/p>\n<p>En cuanto al contexto pol\u00edtico, el dirigente hizo referencia a la situaci\u00f3n econ\u00f3mica y social del pa\u00eds, destacando el incremento del costo de vida y los desaf\u00edos estructurales que enfrentan diversos sectores. En este sentido, confirm\u00f3 la participaci\u00f3n de la organizaci\u00f3n en las movilizaciones conmemorativas del 1 de mayo, D\u00eda del Trabajo, como un espacio de expresi\u00f3n ciudadana y de reivindicaci\u00f3n de derechos laborales.<\/p>\n<p>Finalmente, Cevallos subray\u00f3 que la defensa de la participaci\u00f3n pol\u00edtica de Unidad Popular se enmarca \u2014seg\u00fan su criterio\u2014 en la necesidad de garantizar el pluralismo y la vigencia del sistema democr\u00e1tico en el pa\u00eds.<\/p>\n","protected":false},"excerpt":{"rendered":"<p>En el marco del actual proceso preelectoral, Sebasti\u00e1n Cevallos, subdirector nacional de Unidad Popular, inform\u00f3 sobre las acciones jur\u00eddicas emprendidas por esta organizaci\u00f3n pol\u00edtica frente a su suspensi\u00f3n temporal, al tiempo que cuestion\u00f3 el manejo institucional del proceso por parte del Consejo Nacional Electoral (CNE). Durante una entrevista, Cevallos se\u00f1al\u00f3 que Unidad Popular ha presentado formalmente una impugnaci\u00f3n y apelaci\u00f3n ante el CNE, con el objetivo de revertir la medida que pretende excluirlos del registro de organizaciones pol\u00edticas habilitadas para participar en las pr\u00f3ximas elecciones. En caso de no obtener una resoluci\u00f3n favorable, anunci\u00f3 que recurrir\u00e1n al Tribunal Contencioso Electoral (TCE) y, de ser necesario, a instancias internacionales como la Comisi\u00f3n Interamericana de Derechos Humanos (CIDH), mediante la solicitud de medidas cautelares. El dirigente sostuvo que la organizaci\u00f3n se mantiene en ejercicio de sus derechos, argumentando que no existe una sentencia firme que justifique su cancelaci\u00f3n. En ese sentido, indic\u00f3 que el 3 de mayo se publicar\u00e1 el registro oficial de partidos pol\u00edticos, fecha en la cual conf\u00edan en constar formalmente. En relaci\u00f3n con su estructura interna, Cevallos afirm\u00f3 que Unidad Popular cuenta con m\u00e1s de 200 mil afiliados a nivel nacional, registrando aproximadamente 1.400 desafiliaciones en los \u00faltimos seis a\u00f1os, lo que \u2014seg\u00fan indic\u00f3\u2014 la posiciona como una de las organizaciones con mayor estabilidad en su militancia. Adem\u00e1s, record\u00f3 que el propio CNE valid\u00f3 en su momento estos registros, incluso mediante procesos t\u00e9cnicos de verificaci\u00f3n de firmas. En el \u00e1mbito electoral, el subdirector nacional se\u00f1al\u00f3 que, pese a la coyuntura, la organizaci\u00f3n contin\u00faa avanzando en la construcci\u00f3n de alianzas pol\u00edticas en varias provincias, incluyendo Zamora Chinchipe, as\u00ed como en la estructuraci\u00f3n de candidaturas en m\u00e1s de 150 cantones del pa\u00eds. Asimismo, confirm\u00f3 que participar\u00e1n en los procesos de elecciones primarias previstas a partir del 18 de junio, conforme al calendario electoral vigente. Cevallos tambi\u00e9n expres\u00f3 cr\u00edticas al adelanto del cronograma electoral, se\u00f1alando que esta medida obliga a las organizaciones pol\u00edticas a acelerar sus procesos internos de selecci\u00f3n de candidaturas, lo que \u2014a su criterio\u2014 podr\u00eda afectar la participaci\u00f3n democr\u00e1tica. No obstante, reiter\u00f3 que Unidad Popular continuar\u00e1 cumpliendo con los plazos establecidos en la normativa electoral. En cuanto al contexto pol\u00edtico, el dirigente hizo referencia a la situaci\u00f3n econ\u00f3mica y social del pa\u00eds, destacando el incremento del costo de vida y los desaf\u00edos estructurales que enfrentan diversos sectores. En este sentido, confirm\u00f3 la participaci\u00f3n de la organizaci\u00f3n en las movilizaciones conmemorativas del 1 de mayo, D\u00eda del Trabajo, como un espacio de expresi\u00f3n ciudadana y de reivindicaci\u00f3n de derechos laborales. Finalmente, Cevallos subray\u00f3 que la defensa de la participaci\u00f3n pol\u00edtica de Unidad Popular se enmarca \u2014seg\u00fan su criterio\u2014 en la necesidad de garantizar el pluralismo y la vigencia del sistema democr\u00e1tico en el pa\u00eds.<\/p>\n","protected":false},"author":1,"featured_media":31185,"comment_status":"closed","ping_status":"closed","sticky":false,"template":"","format":"standard","meta":{"footnotes":""},"categories":[268],"tags":[],"class_list":["post-31184","post","type-post","status-publish","format-standard","has-post-thumbnail","hentry","category-nacionales"],"_links":{"self":[{"href":"https:\/\/www.elamazonico.com\/portal\/wp-json\/wp\/v2\/posts\/31184","targetHints":{"allow":["GET"]}}],"collection":[{"href":"https:\/\/www.elamazonico.com\/portal\/wp-json\/wp\/v2\/posts"}],"about":[{"href":"https:\/\/www.elamazonico.com\/portal\/wp-json\/wp\/v2\/types\/post"}],"author":[{"embeddable":true,"href":"https:\/\/www.elamazonico.com\/portal\/wp-json\/wp\/v2\/users\/1"}],"replies":[{"embeddable":true,"href":"https:\/\/www.elamazonico.com\/portal\/wp-json\/wp\/v2\/comments?post=31184"}],"version-history":[{"count":1,"href":"https:\/\/www.elamazonico.com\/portal\/wp-json\/wp\/v2\/posts\/31184\/revisions"}],"predecessor-version":[{"id":31186,"href":"https:\/\/www.elamazonico.com\/portal\/wp-json\/wp\/v2\/posts\/31184\/revisions\/31186"}],"wp:featuredmedia":[{"embeddable":true,"href":"https:\/\/www.elamazonico.com\/portal\/wp-json\/wp\/v2\/media\/31185"}],"wp:attachment":[{"href":"https:\/\/www.elamazonico.com\/portal\/wp-json\/wp\/v2\/media?parent=31184"}],"wp:term":[{"taxonomy":"category","embeddable":true,"href":"https:\/\/www.elamazonico.com\/portal\/wp-json\/wp\/v2\/categories?post=31184"},{"taxonomy":"post_tag","embeddable":true,"href":"https:\/\/www.elamazonico.com\/portal\/wp-json\/wp\/v2\/tags?post=31184"}],"curies":[{"name":"wp","href":"https:\/\/api.w.org\/{rel}","templated":true}]}}