{"id":31178,"date":"2026-04-30T12:52:11","date_gmt":"2026-04-30T17:52:11","guid":{"rendered":"https:\/\/www.elamazonico.com\/portal\/?p=31178"},"modified":"2026-04-30T12:52:11","modified_gmt":"2026-04-30T17:52:11","slug":"el-poder-del-trabajo-digno-motor-del-desarrollo-del-pais-y-la-familia","status":"publish","type":"post","link":"https:\/\/www.elamazonico.com\/portal\/el-poder-del-trabajo-digno-motor-del-desarrollo-del-pais-y-la-familia\/","title":{"rendered":"El poder del trabajo digno: motor del desarrollo del pa\u00eds y la familia"},"content":{"rendered":"<p><strong>Introducci\u00f3n:<\/strong><\/p>\n<p><strong>\u00a0<\/strong>El trabajo no es \u00fanicamente una actividad econ\u00f3mica; es una expresi\u00f3n profunda de la dignidad humana y una de las fuerzas m\u00e1s poderosas que sostienen y transforman a la sociedad. A trav\u00e9s del trabajo, las personas no solo generan ingresos, sino que construyen sue\u00f1os, fortalecen sus familias y aportan al desarrollo de sus comunidades y del pa\u00eds. Cada jornada laboral encierra esfuerzo, sacrificio y esperanza, convirti\u00e9ndose en el puente entre el presente que vivimos y el futuro que aspiramos alcanzar.<\/p>\n<p>En un mundo marcado por cambios constantes, desigualdades persistentes y nuevos desaf\u00edos tecnol\u00f3gicos, el trabajo digno adquiere un valor a\u00fan m\u00e1s trascendental. No basta con trabajar: es imprescindible que ese trabajo se desarrolle en condiciones justas, con respeto a los derechos, oportunidades reales de crecimiento y la posibilidad de vivir con bienestar. Solo as\u00ed el trabajo puede cumplir su verdadero rol como motor de desarrollo y justicia social.<\/p>\n<p>Hablar del trabajo es, en esencia, hablar de las personas, de sus luchas, de sus aspiraciones y de su capacidad para salir adelante. Es reconocer el esfuerzo silencioso de millones que, d\u00eda a d\u00eda, sostienen la econom\u00eda, educan a sus hijos, impulsan sus comunidades y contribuyen a la construcci\u00f3n de un pa\u00eds m\u00e1s justo y solidario. Por ello, reflexionar sobre el trabajo digno no es solo un ejercicio acad\u00e9mico o conmemorativo, sino un compromiso con el presente y el futuro de nuestra sociedad.<\/p>\n<p>&nbsp;<\/p>\n<p><strong>El trabajo que forma, dignifica y construye futuro<\/strong><\/p>\n<p><strong>\u00a0<\/strong><\/p>\n<p>El progreso de un pa\u00eds est\u00e1 profundamente ligado a su capacidad de generar trabajo. Cuando una naci\u00f3n trabaja, su econom\u00eda se dinamiza, las oportunidades se multiplican y se crean las condiciones necesarias para alcanzar una verdadera justicia social. El trabajo impulsa la innovaci\u00f3n, fortalece la productividad y sostiene pilares esenciales como la educaci\u00f3n, la salud, la infraestructura y la seguridad.<\/p>\n<p>Sin embargo, no se trata de cualquier tipo de empleo. El verdadero motor de transformaci\u00f3n social es el trabajo digno y productivo: aquel que se desarrolla en condiciones justas, con acceso a la seguridad social, una remuneraci\u00f3n adecuada y el respeto pleno de los derechos laborales. Cuando estas condiciones se cumplen, el trabajo deja de ser solo un medio de subsistencia y se convierte en una herramienta efectiva de desarrollo humano y social. En sociedades donde el empleo digno es la norma y no la excepci\u00f3n, la pobreza disminuye, la esperanza se fortalece y el futuro se construye de manera colectiva.<\/p>\n<p>Adem\u00e1s, el trabajo cumple una funci\u00f3n formativa fundamental en la vida de las personas. M\u00e1s all\u00e1 de generar ingresos, constituye una verdadera escuela de valores, donde se cultivan la disciplina, la constancia, la responsabilidad y el compromiso. Estas cualidades no se limitan al \u00e1mbito laboral, sino que se proyectan en la vida familiar y social, contribuyendo a la construcci\u00f3n de ciudadanos m\u00e1s \u00edntegros y conscientes de su rol en la sociedad.<\/p>\n<p>Cuando una persona asume su labor con una actitud positiva y un sentido de prop\u00f3sito, no solo mejora su calidad de vida, sino que tambi\u00e9n impacta de manera significativa en su entorno. En el \u00e1mbito familiar, el ejemplo de esfuerzo y dedicaci\u00f3n se convierte en una gu\u00eda silenciosa pero poderosa para las nuevas generaciones, quienes aprenden que el progreso es resultado de la perseverancia y el compromiso diario, y no del azar.<\/p>\n<p>Asimismo, el trabajo dignifica al ser humano, ya que le permite sentirse \u00fatil, independiente y capaz de contribuir al bienestar colectivo. Una sociedad que valora el trabajo es, por tanto, m\u00e1s organizada, productiva y con mayores posibilidades de desarrollo sostenible. En este sentido, el trabajo no debe entenderse \u00fanicamente como una obligaci\u00f3n, sino como una oportunidad para construir un mejor futuro, tanto a nivel individual como colectivo.<\/p>\n<p>En definitiva, el trabajo puede compararse con el latido constante de un coraz\u00f3n que mantiene viva a la sociedad. D\u00eda a d\u00eda, millones de personas aportan su esfuerzo, talento y dedicaci\u00f3n para construir, cuidar, ense\u00f1ar, sanar y transformar el mundo. As\u00ed como el coraz\u00f3n no puede detenerse sin poner en riesgo la vida, el trabajo es el motor que impulsa el desarrollo social. Por ello, debe ser valorado, promovido y, sobre todo, protegido como un derecho fundamental.<\/p>\n<p><strong>Trabajo y dignidad: la fuerza que construye al Ecuador y sostiene a las familias<\/strong><\/p>\n<p><strong>\u00a0<\/strong>En Ecuador, al igual que en muchos pa\u00edses de Am\u00e9rica Latina, los derechos laborales no surgieron como concesiones espont\u00e1neas, sino como el resultado de d\u00e9cadas de lucha, organizaci\u00f3n y resistencia de la clase trabajadora. Desde inicios del siglo XX, los trabajadores ecuatorianos han alzado su voz para exigir condiciones dignas, respeto a sus derechos y justicia social, marcando hitos fundamentales en la construcci\u00f3n de un sistema laboral m\u00e1s equitativo.<\/p>\n<p>Uno de los momentos m\u00e1s trascendentales en esta historia fue la huelga general del 15 de noviembre de 1922, en Guayaquil. Esta movilizaci\u00f3n, protagonizada por trabajadores ferroviarios, portuarios y de diversos gremios, demandaba la reducci\u00f3n de la jornada laboral a ocho horas, mejores salarios y condiciones de trabajo m\u00e1s humanas. Aunque la protesta fue reprimida de manera violenta, dejando un saldo tr\u00e1gico de cientos de v\u00edctimas, su impacto fue decisivo: sembr\u00f3 las bases para futuras reformas laborales y, con el tiempo, permiti\u00f3 el reconocimiento de la jornada laboral de ocho horas como un derecho fundamental.<\/p>\n<p>Con el fortalecimiento del movimiento obrero, especialmente durante la segunda mitad del siglo XX, se consolidaron derechos esenciales como la libertad de asociaci\u00f3n sindical y la huelga. A pesar de los m\u00faltiples desaf\u00edos pol\u00edticos y econ\u00f3micos que han enfrentado las organizaciones sindicales, estas han sido y contin\u00faan siendo herramientas clave en la defensa de los intereses de los trabajadores. En la actualidad, el C\u00f3digo del Trabajo ecuatoriano reconoce y regula estos derechos, permitiendo la organizaci\u00f3n colectiva y la negociaci\u00f3n bajo marcos legales establecidos.<\/p>\n<p>Otro avance significativo ha sido la implementaci\u00f3n del salario b\u00e1sico unificado (SBU), que se actualiza anualmente y que, para el a\u00f1o 2026, se sit\u00faa en 482 d\u00f3lares. Este mecanismo busca garantizar un ingreso m\u00ednimo para los trabajadores formales, constituy\u00e9ndose en un piso de protecci\u00f3n frente a la precarizaci\u00f3n laboral. Si bien existen debates sobre su suficiencia frente al costo de vida, representa un avance importante en la b\u00fasqueda de mayor equidad. A esto se suman normativas que regulan la contrataci\u00f3n y el despido, promoviendo una mayor estabilidad laboral y reduciendo posibles abusos.<\/p>\n<p>En cuanto a la protecci\u00f3n social, la afiliaci\u00f3n al Instituto Ecuatoriano de Seguridad Social (IESS) se ha consolidado como un derecho fundamental. A trav\u00e9s de este sistema, los trabajadores acceden a servicios de salud, pensiones, licencias por maternidad y paternidad, seguros por riesgos laborales, entre otros beneficios. Estas garant\u00edas son el resultado de un proceso hist\u00f3rico orientado a brindar seguridad y bienestar tanto durante la vida laboral como en la etapa posterior a ella.<\/p>\n<p>No obstante, persisten desaf\u00edos importantes. Ecuador ha suscrito convenios internacionales y ha impulsado pol\u00edticas p\u00fablicas para erradicar el trabajo infantil, logrando avances significativos en este \u00e1mbito. Sin embargo, el trabajo informal contin\u00faa siendo una de las principales problem\u00e1ticas del pa\u00eds, afectando a una parte considerable de la poblaci\u00f3n econ\u00f3micamente activa, que labora sin contrato, sin acceso a la seguridad social y sin derechos plenamente garantizados. Esta realidad es especialmente visible en zonas rurales y en sectores de la econom\u00eda popular.<\/p>\n<p>En los \u00faltimos a\u00f1os, adem\u00e1s, han cobrado fuerza nuevas luchas vinculadas a la igualdad y la inclusi\u00f3n. La promoci\u00f3n de la equidad de g\u00e9nero en el \u00e1mbito laboral, la inclusi\u00f3n de personas con discapacidad y la lucha contra toda forma de discriminaci\u00f3n han ganado protagonismo. Asimismo, se han abierto espacios de debate sobre los derechos laborales de las personas LGBTIQ+ y la necesidad de cerrar brechas salariales, as\u00ed como de garantizar entornos de trabajo libres de violencia y acoso.<\/p>\n<p>Todas estas conquistas han sido posibles gracias al esfuerzo sostenido de generaciones de trabajadores y trabajadoras que han hecho de la lucha colectiva una herramienta de transformaci\u00f3n social. Recordar estos avances no solo constituye un ejercicio de memoria hist\u00f3rica, sino tambi\u00e9n un llamado a proteger y fortalecer los derechos laborales frente a los desaf\u00edos del siglo XXI.<\/p>\n<p><strong>\u00a0<\/strong><strong>El trabajo que sostiene la vida: fuerza del hogar y alma de la econom\u00eda<\/strong><\/p>\n<p><strong>\u00a0<\/strong>En el \u00e1mbito familiar, el trabajo cumple un rol insustituible que trasciende la simple obtenci\u00f3n de ingresos. Es la base sobre la cual se sostiene la estabilidad del hogar y, al mismo tiempo, una fuente constante de formaci\u00f3n humana. A trav\u00e9s del trabajo, las personas desarrollan valores esenciales como el esfuerzo, la responsabilidad y la perseverancia, cualidades que fortalecen el car\u00e1cter y se reflejan en la convivencia diaria. Adem\u00e1s, trabajar dignamente contribuye a fortalecer la autoestima, ya que permite a cada individuo reconocerse como capaz, \u00fatil y parte activa de un proyecto de vida.<\/p>\n<p>El trabajo tambi\u00e9n otorga sentido y prop\u00f3sito a la vida cotidiana. Cada jornada representa una oportunidad para avanzar, aprender y construir un futuro mejor. En este contexto, el esfuerzo de un padre, una madre o un hijo no solo impacta en el presente, sino que siembra las bases para el bienestar de las futuras generaciones. La posibilidad de planificar, so\u00f1ar y aspirar a mejores condiciones de vida nace, en gran medida, de la seguridad que brinda un trabajo digno y estable.<\/p>\n<p>Desde esta perspectiva, el trabajo puede entenderse tambi\u00e9n como una forma de amor hacia la familia. Proveer, cuidar y proteger a los seres queridos con dignidad no solo responde a una necesidad econ\u00f3mica, sino a un compromiso profundo con su bienestar integral. As\u00ed, el trabajo se convierte en un acto silencioso pero poderoso de responsabilidad y entrega.<\/p>\n<p>Por otra parte, el impacto del trabajo no se limita al hogar, sino que se extiende a toda la comunidad. La econom\u00eda local se dinamiza a partir de la circulaci\u00f3n del dinero, que cobra vida cuando las personas consumen productos y servicios dentro de su propio entorno. Cuando apoyamos a emprendedores y productores locales, estamos fortaleciendo un c\u00edrculo virtuoso: ellos generan ingresos, pueden pagar a sus trabajadores, adquirir materia prima, contratar servicios y, a su vez, seguir impulsando otras actividades econ\u00f3micas.<\/p>\n<p>Este efecto multiplicador beneficia directamente a los barrios y comunidades, ya que promueve el crecimiento econ\u00f3mico desde la base. El comerciante compra al productor, el productor al proveedor, el proveedor al transportista, y as\u00ed sucesivamente, generando una red de intercambio que sostiene a m\u00faltiples familias. En este sentido, el consumo local no es solo una decisi\u00f3n econ\u00f3mica, sino tambi\u00e9n un acto de compromiso social.<\/p>\n<p>Por ello, es fundamental generar conciencia sobre la importancia de apoyar a nuestros emprendedores y productores. En el caso de los zamoranos, apostar por lo nuestro significa fortalecer la econom\u00eda de la comunidad, crear oportunidades y fomentar el desarrollo colectivo. Cada compra local es una inversi\u00f3n en el bienestar com\u00fan.<\/p>\n<p>En esencia, el trabajo no solo dinamiza la econom\u00eda, sino que tambi\u00e9n late en el coraz\u00f3n del hogar y de la comunidad.<\/p>\n<p><strong>Reinventar el trabajo para construir desarrollo y bienestar<\/strong><\/p>\n<p>En la actualidad, el mundo del trabajo atraviesa transformaciones profundas que plantean retos complejos tanto para los trabajadores como para los Estados y las empresas. Problemas estructurales como la informalidad, la desigualdad y el desempleo juvenil contin\u00faan limitando el acceso a oportunidades dignas, especialmente en contextos donde una parte importante de la poblaci\u00f3n a\u00fan labora sin garant\u00edas ni protecci\u00f3n social. A estos desaf\u00edos se suman fen\u00f3menos emergentes como la automatizaci\u00f3n, la inteligencia artificial y la expansi\u00f3n de nuevos modelos laborales, que est\u00e1n redefiniendo la manera en que entendemos el empleo.<\/p>\n<p>En este escenario, reflexionar sobre el trabajo (especialmente en el marco del D\u00eda del Trabajo) implica ir m\u00e1s all\u00e1 de la conmemoraci\u00f3n y abrir un debate sobre el futuro. Es necesario pensar en pol\u00edticas p\u00fablicas que promuevan la inclusi\u00f3n, fortalezcan la educaci\u00f3n y fomenten la innovaci\u00f3n, sin perder de vista el enfoque de derechos humanos. Construir una cultura laboral moderna exige apostar por la equidad, la capacitaci\u00f3n continua, la eficiencia y una adecuada conciliaci\u00f3n entre la vida personal y profesional.<\/p>\n<p>Los avances tecnol\u00f3gicos, como la automatizaci\u00f3n y la inteligencia artificial, junto con modalidades como el teletrabajo, est\u00e1n transformando el mercado laboral a una velocidad sin precedentes. Esto nos enfrenta a preguntas fundamentales: \u00bfc\u00f3mo prepararnos para empleos que a\u00fan no existen?, \u00bfde qu\u00e9 manera formar a los j\u00f3venes para que puedan adaptarse a entornos cambiantes?, \u00bfqu\u00e9 valores deben preservarse en medio de estas transformaciones? La respuesta pasa, en gran medida, por fortalecer sistemas educativos m\u00e1s flexibles, que prioricen el pensamiento cr\u00edtico, la adaptabilidad y el aprendizaje permanente.<\/p>\n<p>En este contexto, tambi\u00e9n surgen nuevas formas de organizar el trabajo que cuestionan los modelos tradicionales. Un ejemplo relevante es la experiencia desarrollada en el Reino Unido entre el segundo semestre de 2022 y durante 2023, donde alrededor de 60 organizaciones implementaron una jornada laboral reducida al 80% del tiempo habitual (es decir, una semana de cuatro d\u00edas) manteniendo el 100% del salario, a cambio de sostener los niveles de productividad. Los resultados fueron significativos: se registraron mejoras en la productividad, en la salud f\u00edsica y mental de los trabajadores, y una reducci\u00f3n de costos para las empresas. Esta experiencia pone en evidencia que el valor del trabajo no radica necesariamente en la cantidad de horas invertidas, sino en la calidad y eficiencia con la que se desempe\u00f1a.<\/p>\n<p>Esta idea tambi\u00e9n se refleja en experiencias cotidianas. Por ejemplo, en procesos de trabajo por objetivos o \u201cpor tarea\u201d, muchas veces se evidencia que, con mayor enfoque y motivaci\u00f3n, es posible alcanzar en menos tiempo lo que tradicionalmente se realizaba en jornadas m\u00e1s largas. Esto invita a replantear esquemas r\u00edgidos y a promover formas de trabajo m\u00e1s inteligentes y orientadas a resultados.<\/p>\n<p>Sin embargo, en pa\u00edses como el nuestro, a\u00fan persiste una fuerte resistencia a estos cambios. Predomina la idea de que trabajar m\u00e1s horas equivale a mayor productividad, cuando en realidad diversos estudios y experiencias demuestran lo contrario. Este enfoque tradicional limita la posibilidad de innovar en la organizaci\u00f3n del trabajo y de mejorar la calidad de vida de los trabajadores.<\/p>\n<p>Por ello, el desaf\u00edo no solo est\u00e1 en adaptarse a los cambios tecnol\u00f3gicos, sino tambi\u00e9n en transformar la mentalidad con la que concebimos el trabajo. Se trata de avanzar hacia modelos que permitan a las empresas cumplir sus metas de producci\u00f3n, al tiempo que los trabajadores disponen de m\u00e1s tiempo para su vida personal, su familia y su bienestar integral.<\/p>\n<p>En conclusi\u00f3n, el futuro del trabajo exige equilibrio: entre productividad y calidad de vida, entre innovaci\u00f3n y derechos, entre eficiencia y humanidad. Afrontar estos desaf\u00edos con visi\u00f3n y responsabilidad ser\u00e1 clave para construir sociedades m\u00e1s justas, sostenibles y preparadas para los cambios del siglo XXI.<\/p>\n<p><strong>\u00a0<\/strong><strong>Inteligencia artificial y trabajo humano: el desaf\u00edo de evolucionar sin perder nuestra esencia<\/strong><\/p>\n<p><strong>\u00a0<\/strong>El avance de la inteligencia artificial plantea una de las preguntas m\u00e1s relevantes de nuestro tiempo: \u00bfreemplazar\u00e1 la tecnolog\u00eda al ser humano en el \u00e1mbito laboral? Si bien es cierto que muchas tareas repetitivas y operativas ya est\u00e1n siendo automatizadas, esto no significa la desaparici\u00f3n del trabajo humano, sino su transformaci\u00f3n.<\/p>\n<p>La inteligencia artificial est\u00e1 cambiando la forma en que trabajamos, exigiendo nuevas habilidades como el pensamiento cr\u00edtico, la creatividad, la toma de decisiones y la inteligencia emocional, capacidades que dif\u00edcilmente pueden ser sustituidas por m\u00e1quinas. En este sentido, el ser humano sigue siendo el centro del desarrollo, ya que es quien dise\u00f1a, supervisa y da sentido al uso de la tecnolog\u00eda.<\/p>\n<p>El futuro del trabajo no depender\u00e1 \u00fanicamente de la fuerza f\u00edsica o de tareas mec\u00e1nicas, sino del conocimiento, la adaptaci\u00f3n y la capacidad de aprender continuamente. Aquellas personas que asuman el cambio con una actitud abierta y proactiva tendr\u00e1n mayores oportunidades de crecimiento y estabilidad.<\/p>\n<p>M\u00e1s que ver a la inteligencia artificial como una amenaza, es necesario comprenderla como una herramienta que puede potenciar la productividad, mejorar la calidad de vida y generar nuevas oportunidades laborales. En este nuevo escenario, la educaci\u00f3n y la formaci\u00f3n continua se convierten en pilares fundamentales para asegurar que las personas no queden rezagadas, sino que participen activamente en la construcci\u00f3n de una sociedad m\u00e1s innovadora y equitativa.<\/p>\n<p>En definitiva, el trabajo seguir\u00e1 siendo un elemento clave en el desarrollo de la familia y del pa\u00eds, pero su naturaleza evolucionar\u00e1. El reto no es competir contra la tecnolog\u00eda, sino aprender a convivir y crecer junto a ella.<\/p>\n<p><strong>Conclusi\u00f3n <\/strong><\/p>\n<p><strong>\u00a0<\/strong>El trabajo digno no es solo un derecho, es el cimiento sobre el cual se construyen sociedades m\u00e1s justas, familias m\u00e1s fuertes y pa\u00edses con verdadero futuro. A lo largo de la historia, ha sido la herramienta con la que millones de personas han vencido la adversidad, han levantado sus hogares y han aportado, con esfuerzo silencioso, al desarrollo colectivo. Hoy, m\u00e1s que nunca, reconocer su valor es tambi\u00e9n asumir la responsabilidad de protegerlo, fortalecerlo y dignificarlo.<\/p>\n<p>En un mundo en constante transformaci\u00f3n, donde la tecnolog\u00eda avanza y los desaf\u00edos se multiplican, el sentido del trabajo no debe perder su esencia humana. El progreso no puede medirse \u00fanicamente en cifras o productividad, sino en la calidad de vida de las personas, en las oportunidades reales que tienen para crecer y en la dignidad con la que pueden sostener a sus familias. Apostar por el trabajo digno es, en definitiva, apostar por una sociedad m\u00e1s equitativa, inclusiva y solidaria.<\/p>\n<p>El futuro del pa\u00eds se construye d\u00eda a d\u00eda, en cada jornada laboral, en cada esfuerzo honesto, en cada emprendimiento que nace y en cada joven que se prepara para aportar con su talento. Por ello, el desaf\u00edo no es solo generar empleo, sino garantizar que ese trabajo sea justo, estable y humano. Solo as\u00ed podremos construir un desarrollo que no deje a nadie atr\u00e1s.<\/p>\n<p>Que este llamado no quede en palabras. Valorar el trabajo digno implica compromiso: de los Estados, de las empresas y de la sociedad en su conjunto. Porque cuando el trabajo se respeta, se protege y se dignifica, no solo crece la econom\u00eda, crece tambi\u00e9n la esperanza. Y es precisamente esa esperanza la que nos permitir\u00e1 construir un pa\u00eds m\u00e1s justo, familias m\u00e1s s\u00f3lidas y un futuro verdaderamente sostenible para todos.<\/p>\n<p><strong>\u00a0<\/strong><\/p>\n","protected":false},"excerpt":{"rendered":"<p>Introducci\u00f3n: \u00a0El trabajo no es \u00fanicamente una actividad econ\u00f3mica; es una expresi\u00f3n profunda de la dignidad humana y una de las fuerzas m\u00e1s poderosas que sostienen y transforman a la sociedad. A trav\u00e9s del trabajo, las personas no solo generan ingresos, sino que construyen sue\u00f1os, fortalecen sus familias y aportan al desarrollo de sus comunidades y del pa\u00eds. Cada jornada laboral encierra esfuerzo, sacrificio y esperanza, convirti\u00e9ndose en el puente entre el presente que vivimos y el futuro que aspiramos alcanzar. En un mundo marcado por cambios constantes, desigualdades persistentes y nuevos desaf\u00edos tecnol\u00f3gicos, el trabajo digno adquiere un valor a\u00fan m\u00e1s trascendental. No basta con trabajar: es imprescindible que ese trabajo se desarrolle en condiciones justas, con respeto a los derechos, oportunidades reales de crecimiento y la posibilidad de vivir con bienestar. Solo as\u00ed el trabajo puede cumplir su verdadero rol como motor de desarrollo y justicia social. Hablar del trabajo es, en esencia, hablar de las personas, de sus luchas, de sus aspiraciones y de su capacidad para salir adelante. Es reconocer el esfuerzo silencioso de millones que, d\u00eda a d\u00eda, sostienen la econom\u00eda, educan a sus hijos, impulsan sus comunidades y contribuyen a la construcci\u00f3n de un pa\u00eds m\u00e1s justo y solidario. Por ello, reflexionar sobre el trabajo digno no es solo un ejercicio acad\u00e9mico o conmemorativo, sino un compromiso con el presente y el futuro de nuestra sociedad. &nbsp; El trabajo que forma, dignifica y construye futuro \u00a0 El progreso de un pa\u00eds est\u00e1 profundamente ligado a su capacidad de generar trabajo. Cuando una naci\u00f3n trabaja, su econom\u00eda se dinamiza, las oportunidades se multiplican y se crean las condiciones necesarias para alcanzar una verdadera justicia social. El trabajo impulsa la innovaci\u00f3n, fortalece la productividad y sostiene pilares esenciales como la educaci\u00f3n, la salud, la infraestructura y la seguridad. Sin embargo, no se trata de cualquier tipo de empleo. El verdadero motor de transformaci\u00f3n social es el trabajo digno y productivo: aquel que se desarrolla en condiciones justas, con acceso a la seguridad social, una remuneraci\u00f3n adecuada y el respeto pleno de los derechos laborales. Cuando estas condiciones se cumplen, el trabajo deja de ser solo un medio de subsistencia y se convierte en una herramienta efectiva de desarrollo humano y social. En sociedades donde el empleo digno es la norma y no la excepci\u00f3n, la pobreza disminuye, la esperanza se fortalece y el futuro se construye de manera colectiva. Adem\u00e1s, el trabajo cumple una funci\u00f3n formativa fundamental en la vida de las personas. M\u00e1s all\u00e1 de generar ingresos, constituye una verdadera escuela de valores, donde se cultivan la disciplina, la constancia, la responsabilidad y el compromiso. Estas cualidades no se limitan al \u00e1mbito laboral, sino que se proyectan en la vida familiar y social, contribuyendo a la construcci\u00f3n de ciudadanos m\u00e1s \u00edntegros y conscientes de su rol en la sociedad. Cuando una persona asume su labor con una actitud positiva y un sentido de prop\u00f3sito, no solo mejora su calidad de vida, sino que tambi\u00e9n impacta de manera significativa en su entorno. En el \u00e1mbito familiar, el ejemplo de esfuerzo y dedicaci\u00f3n se convierte en una gu\u00eda silenciosa pero poderosa para las nuevas generaciones, quienes aprenden que el progreso es resultado de la perseverancia y el compromiso diario, y no del azar. Asimismo, el trabajo dignifica al ser humano, ya que le permite sentirse \u00fatil, independiente y capaz de contribuir al bienestar colectivo. Una sociedad que valora el trabajo es, por tanto, m\u00e1s organizada, productiva y con mayores posibilidades de desarrollo sostenible. En este sentido, el trabajo no debe entenderse \u00fanicamente como una obligaci\u00f3n, sino como una oportunidad para construir un mejor futuro, tanto a nivel individual como colectivo. En definitiva, el trabajo puede compararse con el latido constante de un coraz\u00f3n que mantiene viva a la sociedad. D\u00eda a d\u00eda, millones de personas aportan su esfuerzo, talento y dedicaci\u00f3n para construir, cuidar, ense\u00f1ar, sanar y transformar el mundo. As\u00ed como el coraz\u00f3n no puede detenerse sin poner en riesgo la vida, el trabajo es el motor que impulsa el desarrollo social. Por ello, debe ser valorado, promovido y, sobre todo, protegido como un derecho fundamental. Trabajo y dignidad: la fuerza que construye al Ecuador y sostiene a las familias \u00a0En Ecuador, al igual que en muchos pa\u00edses de Am\u00e9rica Latina, los derechos laborales no surgieron como concesiones espont\u00e1neas, sino como el resultado de d\u00e9cadas de lucha, organizaci\u00f3n y resistencia de la clase trabajadora. Desde inicios del siglo XX, los trabajadores ecuatorianos han alzado su voz para exigir condiciones dignas, respeto a sus derechos y justicia social, marcando hitos fundamentales en la construcci\u00f3n de un sistema laboral m\u00e1s equitativo. Uno de los momentos m\u00e1s trascendentales en esta historia fue la huelga general del 15 de noviembre de 1922, en Guayaquil. Esta movilizaci\u00f3n, protagonizada por trabajadores ferroviarios, portuarios y de diversos gremios, demandaba la reducci\u00f3n de la jornada laboral a ocho horas, mejores salarios y condiciones de trabajo m\u00e1s humanas. Aunque la protesta fue reprimida de manera violenta, dejando un saldo tr\u00e1gico de cientos de v\u00edctimas, su impacto fue decisivo: sembr\u00f3 las bases para futuras reformas laborales y, con el tiempo, permiti\u00f3 el reconocimiento de la jornada laboral de ocho horas como un derecho fundamental. Con el fortalecimiento del movimiento obrero, especialmente durante la segunda mitad del siglo XX, se consolidaron derechos esenciales como la libertad de asociaci\u00f3n sindical y la huelga. A pesar de los m\u00faltiples desaf\u00edos pol\u00edticos y econ\u00f3micos que han enfrentado las organizaciones sindicales, estas han sido y contin\u00faan siendo herramientas clave en la defensa de los intereses de los trabajadores. En la actualidad, el C\u00f3digo del Trabajo ecuatoriano reconoce y regula estos derechos, permitiendo la organizaci\u00f3n colectiva y la negociaci\u00f3n bajo marcos legales establecidos. Otro avance significativo ha sido la implementaci\u00f3n del salario b\u00e1sico unificado (SBU), que se actualiza anualmente y que, para el a\u00f1o 2026, se sit\u00faa en 482 d\u00f3lares. Este mecanismo busca garantizar un ingreso m\u00ednimo para los trabajadores formales, constituy\u00e9ndose en un piso de protecci\u00f3n frente a la precarizaci\u00f3n<\/p>\n","protected":false},"author":1,"featured_media":31179,"comment_status":"closed","ping_status":"closed","sticky":false,"template":"","format":"standard","meta":{"footnotes":""},"categories":[243],"tags":[],"class_list":["post-31178","post","type-post","status-publish","format-standard","has-post-thumbnail","hentry","category-noticias-zamora"],"_links":{"self":[{"href":"https:\/\/www.elamazonico.com\/portal\/wp-json\/wp\/v2\/posts\/31178","targetHints":{"allow":["GET"]}}],"collection":[{"href":"https:\/\/www.elamazonico.com\/portal\/wp-json\/wp\/v2\/posts"}],"about":[{"href":"https:\/\/www.elamazonico.com\/portal\/wp-json\/wp\/v2\/types\/post"}],"author":[{"embeddable":true,"href":"https:\/\/www.elamazonico.com\/portal\/wp-json\/wp\/v2\/users\/1"}],"replies":[{"embeddable":true,"href":"https:\/\/www.elamazonico.com\/portal\/wp-json\/wp\/v2\/comments?post=31178"}],"version-history":[{"count":1,"href":"https:\/\/www.elamazonico.com\/portal\/wp-json\/wp\/v2\/posts\/31178\/revisions"}],"predecessor-version":[{"id":31180,"href":"https:\/\/www.elamazonico.com\/portal\/wp-json\/wp\/v2\/posts\/31178\/revisions\/31180"}],"wp:featuredmedia":[{"embeddable":true,"href":"https:\/\/www.elamazonico.com\/portal\/wp-json\/wp\/v2\/media\/31179"}],"wp:attachment":[{"href":"https:\/\/www.elamazonico.com\/portal\/wp-json\/wp\/v2\/media?parent=31178"}],"wp:term":[{"taxonomy":"category","embeddable":true,"href":"https:\/\/www.elamazonico.com\/portal\/wp-json\/wp\/v2\/categories?post=31178"},{"taxonomy":"post_tag","embeddable":true,"href":"https:\/\/www.elamazonico.com\/portal\/wp-json\/wp\/v2\/tags?post=31178"}],"curies":[{"name":"wp","href":"https:\/\/api.w.org\/{rel}","templated":true}]}}