{"id":31175,"date":"2026-04-29T16:30:18","date_gmt":"2026-04-29T21:30:18","guid":{"rendered":"https:\/\/www.elamazonico.com\/portal\/?p=31175"},"modified":"2026-04-29T16:30:18","modified_gmt":"2026-04-29T21:30:18","slug":"aquiles-alvarez-acude-a-la-cidh-y-denuncia-prision-con-fines-politicos","status":"publish","type":"post","link":"https:\/\/www.elamazonico.com\/portal\/aquiles-alvarez-acude-a-la-cidh-y-denuncia-prision-con-fines-politicos\/","title":{"rendered":"Aquiles \u00c1lvarez acude a la CIDH y denuncia prisi\u00f3n con fines pol\u00edticos"},"content":{"rendered":"<p>La defensa del alcalde de Guayaquil,\u00a0<a href=\"https:\/\/www.ecuavisa.com\/politica\/municipio-guayaquil-fiorella-ycaza-inauguracion-obras-20260422-0100.html\" target=\"_blank\" rel=\"noopener\"><strong>Aquiles \u00c1lvarez<\/strong><\/a>, present\u00f3 una denuncia ante la\u00a0<strong>Comisi\u00f3n Interamericana de Derechos Humanos<\/strong>\u00a0(CIDH) al considerar que la\u00a0<strong>prisi\u00f3n preventiva<\/strong>\u00a0en su contra responde a motivaciones pol\u00edticas.<\/p>\n<p>En el documento se se\u00f1ala que el alcalde permanece en condiciones de aislamiento extremo, con restricciones en visitas, comunicaci\u00f3n y acceso a servicios b\u00e1sicos. Seg\u00fan su defensa, esto le impide ejercer el cargo para el que fue elegido, lo que \u2014afirman\u2014 configura una \u201cdestituci\u00f3n de facto\u201d. Por ello, solicitan la\u00a0<strong>adopci\u00f3n de medidas cautelares internacionales<\/strong>.<\/p>\n<div class=\"banner-context\"><\/div>\n<div class=\"ck-related-news\">\n<div id=\"relatedNews-27\">\u00c1lvarez se encuentra recluido en la <strong>C\u00e1rcel del Encuentro<\/strong>, en Santa Elena. Fue trasladado a este lugar tras su detenci\u00f3n, el pasado 10 de febrero, dentro de una investigaci\u00f3n por presunto lavado de dinero y defraudaci\u00f3n tributaria, conocida como el\u00a0<strong>caso Goleada<\/strong>.<\/div>\n<\/div>\n<p>Aunque un tribunal revoc\u00f3 la orden de prisi\u00f3n preventiva en ese proceso, al considerar que los elementos presentados por la<strong>\u00a0Fiscal\u00eda General del Estado<\/strong>\u00a0(FGE) no eran \u201csuficientes para establecer la existencia del delito\u201d ni la probabilidad de participaci\u00f3n de los procesados, el alcalde contin\u00faa privado de libertad por otras causas judiciales. Entre ellas, una investigaci\u00f3n por la presunta comercializaci\u00f3n ilegal de hidrocarburos, denominada\u00a0<strong>Triple A<\/strong>, y otro proceso relacionado por no usar grillete electr\u00f3nico antes de su encarcelamiento.<\/p>\n","protected":false},"excerpt":{"rendered":"<p>La defensa del alcalde de Guayaquil,\u00a0Aquiles \u00c1lvarez, present\u00f3 una denuncia ante la\u00a0Comisi\u00f3n Interamericana de Derechos Humanos\u00a0(CIDH) al considerar que la\u00a0prisi\u00f3n preventiva\u00a0en su contra responde a motivaciones pol\u00edticas. En el documento se se\u00f1ala que el alcalde permanece en condiciones de aislamiento extremo, con restricciones en visitas, comunicaci\u00f3n y acceso a servicios b\u00e1sicos. Seg\u00fan su defensa, esto le impide ejercer el cargo para el que fue elegido, lo que \u2014afirman\u2014 configura una \u201cdestituci\u00f3n de facto\u201d. Por ello, solicitan la\u00a0adopci\u00f3n de medidas cautelares internacionales. \u00c1lvarez se encuentra recluido en la C\u00e1rcel del Encuentro, en Santa Elena. Fue trasladado a este lugar tras su detenci\u00f3n, el pasado 10 de febrero, dentro de una investigaci\u00f3n por presunto lavado de dinero y defraudaci\u00f3n tributaria, conocida como el\u00a0caso Goleada. Aunque un tribunal revoc\u00f3 la orden de prisi\u00f3n preventiva en ese proceso, al considerar que los elementos presentados por la\u00a0Fiscal\u00eda General del Estado\u00a0(FGE) no eran \u201csuficientes para establecer la existencia del delito\u201d ni la probabilidad de participaci\u00f3n de los procesados, el alcalde contin\u00faa privado de libertad por otras causas judiciales. Entre ellas, una investigaci\u00f3n por la presunta comercializaci\u00f3n ilegal de hidrocarburos, denominada\u00a0Triple A, y otro proceso relacionado por no usar grillete electr\u00f3nico antes de su encarcelamiento.<\/p>\n","protected":false},"author":1,"featured_media":31176,"comment_status":"closed","ping_status":"closed","sticky":false,"template":"","format":"standard","meta":{"footnotes":""},"categories":[268],"tags":[],"class_list":["post-31175","post","type-post","status-publish","format-standard","has-post-thumbnail","hentry","category-nacionales"],"_links":{"self":[{"href":"https:\/\/www.elamazonico.com\/portal\/wp-json\/wp\/v2\/posts\/31175","targetHints":{"allow":["GET"]}}],"collection":[{"href":"https:\/\/www.elamazonico.com\/portal\/wp-json\/wp\/v2\/posts"}],"about":[{"href":"https:\/\/www.elamazonico.com\/portal\/wp-json\/wp\/v2\/types\/post"}],"author":[{"embeddable":true,"href":"https:\/\/www.elamazonico.com\/portal\/wp-json\/wp\/v2\/users\/1"}],"replies":[{"embeddable":true,"href":"https:\/\/www.elamazonico.com\/portal\/wp-json\/wp\/v2\/comments?post=31175"}],"version-history":[{"count":1,"href":"https:\/\/www.elamazonico.com\/portal\/wp-json\/wp\/v2\/posts\/31175\/revisions"}],"predecessor-version":[{"id":31177,"href":"https:\/\/www.elamazonico.com\/portal\/wp-json\/wp\/v2\/posts\/31175\/revisions\/31177"}],"wp:featuredmedia":[{"embeddable":true,"href":"https:\/\/www.elamazonico.com\/portal\/wp-json\/wp\/v2\/media\/31176"}],"wp:attachment":[{"href":"https:\/\/www.elamazonico.com\/portal\/wp-json\/wp\/v2\/media?parent=31175"}],"wp:term":[{"taxonomy":"category","embeddable":true,"href":"https:\/\/www.elamazonico.com\/portal\/wp-json\/wp\/v2\/categories?post=31175"},{"taxonomy":"post_tag","embeddable":true,"href":"https:\/\/www.elamazonico.com\/portal\/wp-json\/wp\/v2\/tags?post=31175"}],"curies":[{"name":"wp","href":"https:\/\/api.w.org\/{rel}","templated":true}]}}