{"id":31172,"date":"2026-04-29T15:52:43","date_gmt":"2026-04-29T20:52:43","guid":{"rendered":"https:\/\/www.elamazonico.com\/portal\/?p=31172"},"modified":"2026-04-29T15:52:43","modified_gmt":"2026-04-29T20:52:43","slug":"un-cadaver-maniatado-y-en-estado-de-descomposicion-fue-hallado-en-la-via-loja-zamora","status":"publish","type":"post","link":"https:\/\/www.elamazonico.com\/portal\/un-cadaver-maniatado-y-en-estado-de-descomposicion-fue-hallado-en-la-via-loja-zamora\/","title":{"rendered":"Un cad\u00e1ver maniatado y en estado de descomposici\u00f3n fue hallado en la v\u00eda Loja-Zamora"},"content":{"rendered":"<p>Alrededor de las 06:15 de este mi\u00e9rcoles 29 de abril<strong>, un cuerpo en estado de descomposici\u00f3n fue hallado a un costado de la<\/strong><a href=\"https:\/\/www.ecuavisa.com\/seguridad\/asesinato-loja-adulto-mayor-90-anos-hacha-20260427-0025.html\" target=\"_blank\" rel=\"noopener\"><strong>\u00a0v\u00eda Loja-Zamora<\/strong><\/a>, en el sector conocido como La Cordillera.<\/p>\n<p>Seg\u00fan los reportes preliminares, e<strong>l cuerpo fue localizado con signos de haber sido maniatado con cinta de embalaje y<\/strong>\u00a0ten\u00eda la cabeza cubierta con una funda.<\/p>\n<div class=\"banner-context\">\n<div id=\"article_desktop_block_1\" class=\"bannersaas banner-desktop\" data-google-query-id=\"CMWggYr4k5QDFSsIHAAdahwlKg\"><strong>El descubrimiento se produjo de manera fortuita cuando el conductor de una unidad de transporte p\u00fablico detuvo<\/strong>\u00a0el veh\u00edculo moment\u00e1neamente para orinar. Al descender de la unidad, el chofer vio el cad\u00e1ver junto a la carretera y procedi\u00f3 a alertar de inmediato a las autoridades.<\/div>\n<\/div>\n<p>Tras el reporte, personal de la Polic\u00eda y unidades especializadas acudieron al sitio para tomar procedimiento. Actualmente,\u00a0<strong>las autoridades investigan el caso y realizaron el levantamiento del cad\u00e1ver para trasladarlo a una morgue<\/strong>, con el objetivo de identificar a la v\u00edctima.<\/p>\n<div class=\"banner-context\">\n<div id=\"article_desktop_block_2\" class=\"bannersaas banner-desktop\" data-google-query-id=\"CO6Bl4r4k5QDFSsIHAAdahwlKg\">\n<div id=\"google_ads_iframe_\/49542283\/ecuavisa.com\/article_desktop_block_2_0__container__\">Seg\u00fan datos p\u00fablicos del Ministerio del Interior, la provincia de Loja registr\u00f3 hasta marzo 15 muertes violentas, cuatro m\u00e1s que en el mismo periodo del a\u00f1o pasado.<\/div>\n<\/div>\n<\/div>\n","protected":false},"excerpt":{"rendered":"<p>Alrededor de las 06:15 de este mi\u00e9rcoles 29 de abril, un cuerpo en estado de descomposici\u00f3n fue hallado a un costado de la\u00a0v\u00eda Loja-Zamora, en el sector conocido como La Cordillera. Seg\u00fan los reportes preliminares, el cuerpo fue localizado con signos de haber sido maniatado con cinta de embalaje y\u00a0ten\u00eda la cabeza cubierta con una funda. El descubrimiento se produjo de manera fortuita cuando el conductor de una unidad de transporte p\u00fablico detuvo\u00a0el veh\u00edculo moment\u00e1neamente para orinar. Al descender de la unidad, el chofer vio el cad\u00e1ver junto a la carretera y procedi\u00f3 a alertar de inmediato a las autoridades. Tras el reporte, personal de la Polic\u00eda y unidades especializadas acudieron al sitio para tomar procedimiento. Actualmente,\u00a0las autoridades investigan el caso y realizaron el levantamiento del cad\u00e1ver para trasladarlo a una morgue, con el objetivo de identificar a la v\u00edctima. Seg\u00fan datos p\u00fablicos del Ministerio del Interior, la provincia de Loja registr\u00f3 hasta marzo 15 muertes violentas, cuatro m\u00e1s que en el mismo periodo del a\u00f1o pasado.<\/p>\n","protected":false},"author":1,"featured_media":31173,"comment_status":"closed","ping_status":"closed","sticky":false,"template":"","format":"standard","meta":{"footnotes":""},"categories":[268],"tags":[],"class_list":["post-31172","post","type-post","status-publish","format-standard","has-post-thumbnail","hentry","category-nacionales"],"_links":{"self":[{"href":"https:\/\/www.elamazonico.com\/portal\/wp-json\/wp\/v2\/posts\/31172","targetHints":{"allow":["GET"]}}],"collection":[{"href":"https:\/\/www.elamazonico.com\/portal\/wp-json\/wp\/v2\/posts"}],"about":[{"href":"https:\/\/www.elamazonico.com\/portal\/wp-json\/wp\/v2\/types\/post"}],"author":[{"embeddable":true,"href":"https:\/\/www.elamazonico.com\/portal\/wp-json\/wp\/v2\/users\/1"}],"replies":[{"embeddable":true,"href":"https:\/\/www.elamazonico.com\/portal\/wp-json\/wp\/v2\/comments?post=31172"}],"version-history":[{"count":1,"href":"https:\/\/www.elamazonico.com\/portal\/wp-json\/wp\/v2\/posts\/31172\/revisions"}],"predecessor-version":[{"id":31174,"href":"https:\/\/www.elamazonico.com\/portal\/wp-json\/wp\/v2\/posts\/31172\/revisions\/31174"}],"wp:featuredmedia":[{"embeddable":true,"href":"https:\/\/www.elamazonico.com\/portal\/wp-json\/wp\/v2\/media\/31173"}],"wp:attachment":[{"href":"https:\/\/www.elamazonico.com\/portal\/wp-json\/wp\/v2\/media?parent=31172"}],"wp:term":[{"taxonomy":"category","embeddable":true,"href":"https:\/\/www.elamazonico.com\/portal\/wp-json\/wp\/v2\/categories?post=31172"},{"taxonomy":"post_tag","embeddable":true,"href":"https:\/\/www.elamazonico.com\/portal\/wp-json\/wp\/v2\/tags?post=31172"}],"curies":[{"name":"wp","href":"https:\/\/api.w.org\/{rel}","templated":true}]}}