{"id":31169,"date":"2026-04-29T15:45:28","date_gmt":"2026-04-29T20:45:28","guid":{"rendered":"https:\/\/www.elamazonico.com\/portal\/?p=31169"},"modified":"2026-04-29T15:45:28","modified_gmt":"2026-04-29T20:45:28","slug":"roberto-luque-anuncia-inicio-de-compensaciones-a-transportistas","status":"publish","type":"post","link":"https:\/\/www.elamazonico.com\/portal\/roberto-luque-anuncia-inicio-de-compensaciones-a-transportistas\/","title":{"rendered":"Roberto Luque anuncia inicio de compensaciones a transportistas"},"content":{"rendered":"<p>El\u00a0<a href=\"https:\/\/www.eltelegrafo.com.ec\/noticias\/nacionales\/210\/roberto-luque-entrevista-ant-problemas\">Gobierno<\/a>\u00a0anunci\u00f3 que las compensaciones al transporte p\u00fablico se mantendr\u00e1n.<\/p>\n<p>En una entrevista para Ecuavisa, el\u00a0<a href=\"https:\/\/www.eltelegrafo.com.ec\/noticias\/nacionales\/210\/gobierno-destina-118-millones-compensaciones-sector-transporte\">ministro de Infraestructura y Transporte,<\/a><a href=\"https:\/\/www.eltelegrafo.com.ec\/noticias\/nacionales\/210\/gobierno-destina-118-millones-compensaciones-sector-transporte\"><b>\u00a0Roberto Luque<\/b><\/a><a href=\"https:\/\/www.eltelegrafo.com.ec\/noticias\/nacionales\/210\/gobierno-destina-118-millones-compensaciones-sector-transporte\">,<\/a>\u00a0se\u00f1al\u00f3 que las compensaciones econ\u00f3micas al sector se mantendr\u00e1n hasta el\u00a0<b>15 de mayo<\/b>, para el\u00a0<b>transporte intra e interprovincial.<\/b><\/p>\n<p>En el caso del transporte urbano, el\u00a0<a href=\"https:\/\/www.eltelegrafo.com.ec\/noticias\/nacionales\/210\/revise-como-aplicar-a-las-compensaciones-para-transportistas-tras-la-redistribucion-del-subsidio-del-diesel\">esquema de subsidios ya concluy\u00f3,<\/a>\u00a0pero Luque explic\u00f3 que se han tomado otra acciones como tercera placa, tarifarios en rutas largas y otros.<\/p>\n<h2><b>Sobre posible alza de pasajes<\/b><\/h2>\n<p>\u201cYo no lo podr\u00eda aseverar. Esas decisiones dependen de los gobierno aut\u00f3nomos descentralizados\u201d, dijo Luque.<\/p>\n<p>Esto significa que la definici\u00f3n de\u00a0<a href=\"https:\/\/www.eltelegrafo.com.ec\/noticias\/locales\/210\/concejo-loja-aprueba-alza-pasaje-transportistas-protestan-costos\">tarifas\u00a0<\/a>no es una competencia del\u00a0<b>Ejecutivo, sino de los municipios,<\/b>\u00a0por lo que ser\u00e1n ciudades como<strong>\u00a0Quito o Guayaquil l<\/strong>as que deber\u00e1n decidir si se mantienen o modifican los valores actuales.<\/p>\n<p>Las autoridades tambi\u00e9n se\u00f1alaron que cualquier ajuste deber\u00e1 estar vinculado a mejoras en el servicio. Seg\u00fan su criterio, los usuarios podr\u00edan aceptar incrementos si estos se traducen en mayor calidad, seguridad y eficiencia en el transporte.<\/p>\n","protected":false},"excerpt":{"rendered":"<p>El\u00a0Gobierno\u00a0anunci\u00f3 que las compensaciones al transporte p\u00fablico se mantendr\u00e1n. En una entrevista para Ecuavisa, el\u00a0ministro de Infraestructura y Transporte,\u00a0Roberto Luque,\u00a0se\u00f1al\u00f3 que las compensaciones econ\u00f3micas al sector se mantendr\u00e1n hasta el\u00a015 de mayo, para el\u00a0transporte intra e interprovincial. En el caso del transporte urbano, el\u00a0esquema de subsidios ya concluy\u00f3,\u00a0pero Luque explic\u00f3 que se han tomado otra acciones como tercera placa, tarifarios en rutas largas y otros. Sobre posible alza de pasajes \u201cYo no lo podr\u00eda aseverar. Esas decisiones dependen de los gobierno aut\u00f3nomos descentralizados\u201d, dijo Luque. Esto significa que la definici\u00f3n de\u00a0tarifas\u00a0no es una competencia del\u00a0Ejecutivo, sino de los municipios,\u00a0por lo que ser\u00e1n ciudades como\u00a0Quito o Guayaquil las que deber\u00e1n decidir si se mantienen o modifican los valores actuales. Las autoridades tambi\u00e9n se\u00f1alaron que cualquier ajuste deber\u00e1 estar vinculado a mejoras en el servicio. Seg\u00fan su criterio, los usuarios podr\u00edan aceptar incrementos si estos se traducen en mayor calidad, seguridad y eficiencia en el transporte.<\/p>\n","protected":false},"author":1,"featured_media":31170,"comment_status":"closed","ping_status":"closed","sticky":false,"template":"","format":"standard","meta":{"footnotes":""},"categories":[268],"tags":[],"class_list":["post-31169","post","type-post","status-publish","format-standard","has-post-thumbnail","hentry","category-nacionales"],"_links":{"self":[{"href":"https:\/\/www.elamazonico.com\/portal\/wp-json\/wp\/v2\/posts\/31169","targetHints":{"allow":["GET"]}}],"collection":[{"href":"https:\/\/www.elamazonico.com\/portal\/wp-json\/wp\/v2\/posts"}],"about":[{"href":"https:\/\/www.elamazonico.com\/portal\/wp-json\/wp\/v2\/types\/post"}],"author":[{"embeddable":true,"href":"https:\/\/www.elamazonico.com\/portal\/wp-json\/wp\/v2\/users\/1"}],"replies":[{"embeddable":true,"href":"https:\/\/www.elamazonico.com\/portal\/wp-json\/wp\/v2\/comments?post=31169"}],"version-history":[{"count":1,"href":"https:\/\/www.elamazonico.com\/portal\/wp-json\/wp\/v2\/posts\/31169\/revisions"}],"predecessor-version":[{"id":31171,"href":"https:\/\/www.elamazonico.com\/portal\/wp-json\/wp\/v2\/posts\/31169\/revisions\/31171"}],"wp:featuredmedia":[{"embeddable":true,"href":"https:\/\/www.elamazonico.com\/portal\/wp-json\/wp\/v2\/media\/31170"}],"wp:attachment":[{"href":"https:\/\/www.elamazonico.com\/portal\/wp-json\/wp\/v2\/media?parent=31169"}],"wp:term":[{"taxonomy":"category","embeddable":true,"href":"https:\/\/www.elamazonico.com\/portal\/wp-json\/wp\/v2\/categories?post=31169"},{"taxonomy":"post_tag","embeddable":true,"href":"https:\/\/www.elamazonico.com\/portal\/wp-json\/wp\/v2\/tags?post=31169"}],"curies":[{"name":"wp","href":"https:\/\/api.w.org\/{rel}","templated":true}]}}