{"id":31166,"date":"2026-04-29T11:48:27","date_gmt":"2026-04-29T16:48:27","guid":{"rendered":"https:\/\/www.elamazonico.com\/portal\/?p=31166"},"modified":"2026-04-29T11:48:27","modified_gmt":"2026-04-29T16:48:27","slug":"daniel-noboa-oficializa-toque-de-queda-en-nueve-provincias-y-cuatro-cantones","status":"publish","type":"post","link":"https:\/\/www.elamazonico.com\/portal\/daniel-noboa-oficializa-toque-de-queda-en-nueve-provincias-y-cuatro-cantones\/","title":{"rendered":"Daniel Noboa oficializa toque de queda en nueve provincias y cuatro cantones"},"content":{"rendered":"<p>El Gobierno ecuatoriano\u00a0<strong>oficializ\u00f3 la aplicaci\u00f3n de un nuevo toque de queda<\/strong>\u00a0mediante el<strong>\u00a0Decreto Ejecutivo 370<\/strong>, que restringe la circulaci\u00f3n nocturna en varias zonas del pa\u00eds. La medida estar\u00e1 vigente entre el 3 y el 18 de mayo, en el horario de<strong>\u00a023:00 a 05:00,<\/strong>\u00a0y se aplicar\u00e1 en las provincias de Guayas, Manab\u00ed, Santa Elena, Los R\u00edos, El Oro, Pichincha, Esmeraldas, Santo Domingo de los Ts\u00e1chilas y Sucumb\u00edos, as\u00ed como en los cantones La Man\u00e1, Las Naves, Echeand\u00eda y La Troncal.<\/p>\n<p>La disposici\u00f3n\u00a0<strong>suspende la libertad de tr\u00e1nsito<\/strong>\u00a0durante la franja nocturna y tambi\u00e9n\u00a0<a href=\"https:\/\/www.eltelegrafo.com.ec\/noticias\/nacionales\/210\/daniel-noboa-oficializa-toque-de-queda-en-nueve-provincias-y-cuatro-cantones\">contempla la suspensi\u00f3n de la inviolabilidad de domicilio y de correspondencia, como parte de las medidas excepcionales adoptadas por el Ejecutivo.<\/a><\/p>\n<p>De acuerdo con el decreto,\u00a0<strong>\u00fanicamente dos segmentos estar\u00e1n autorizados a circular:<\/strong>\u00a0los servicios de salud \u2014tanto de la red p\u00fablica como privada\u2014 y la fuerza p\u00fablica, junto con entidades vinculadas a seguridad, gesti\u00f3n de riesgos y atenci\u00f3n de emergencias.<\/p>\n<p>El documento establece que los controles<strong>\u00a0ser\u00e1n ejecutados por Fuerzas Armadas, Polic\u00eda Nacional y agentes de tr\u00e1nsito<\/strong>, bajo criterios de proporcionalidad, considerando casos excepcionales en los que se justifique la movilizaci\u00f3n por razones de necesidad o emergencia.<\/p>\n<p>La decisi\u00f3n se sustenta en el comportamiento de la violencia en el pa\u00eds. Seg\u00fan cifras oficiales, entre el 1 y el 20 de abril de 2026 se registraron 76 homicidios intencionales en las provincias incluidas en la medida. Guayas concentr\u00f3 la mayor cantidad de casos, seguido de Los R\u00edos, Manab\u00ed y Sucumb\u00edos.<\/p>\n<p>El decreto tambi\u00e9n se\u00f1ala que estas<strong>\u00a0nueve provincias concentran el 90 % de la violencia a nivel nacional y cerca del 86,7 % de la actividad delictiva.<\/strong>\u00a0En ese contexto, la regi\u00f3n Costa agrupa la mayor\u00eda de los hechos violentos,\u00a0<a href=\"https:\/\/www.eltelegrafo.com.ec\/noticias\/nacionales\/210\/daniel-noboa-oficializa-toque-de-queda-en-nueve-provincias-y-cuatro-cantones\">con una alta incidencia en territorios asociados a econom\u00edas il\u00edcitas.<\/a><\/p>\n<p>Seg\u00fan el Ejecutivo,\u00a0<strong>la franja horaria nocturna presenta condiciones que facilitan la acci\u00f3n de estructuras criminales<\/strong>, debido a la menor presencia institucional y la reducci\u00f3n del control social. En ese periodo, se registran con mayor frecuencia delitos como sicariatos, atentados y movilizaci\u00f3n de armamento.<\/p>\n<p>El Gobierno sostiene que la restricci\u00f3n de movilidad\u00a0<strong>busca reducir riesgos para la poblaci\u00f3n civil<\/strong>, limitar la capacidad operativa de grupos delictivos y fortalecer las acciones de control por parte de las autoridades.<\/p>\n<p>Durante la vigencia del toque de queda, las instituciones deber\u00e1n coordinar para garantizar la continuidad de servicios p\u00fablicos, la administraci\u00f3n de justicia y el funcionamiento de sectores estrat\u00e9gicos.<\/p>\n","protected":false},"excerpt":{"rendered":"<p>El Gobierno ecuatoriano\u00a0oficializ\u00f3 la aplicaci\u00f3n de un nuevo toque de queda\u00a0mediante el\u00a0Decreto Ejecutivo 370, que restringe la circulaci\u00f3n nocturna en varias zonas del pa\u00eds. La medida estar\u00e1 vigente entre el 3 y el 18 de mayo, en el horario de\u00a023:00 a 05:00,\u00a0y se aplicar\u00e1 en las provincias de Guayas, Manab\u00ed, Santa Elena, Los R\u00edos, El Oro, Pichincha, Esmeraldas, Santo Domingo de los Ts\u00e1chilas y Sucumb\u00edos, as\u00ed como en los cantones La Man\u00e1, Las Naves, Echeand\u00eda y La Troncal. La disposici\u00f3n\u00a0suspende la libertad de tr\u00e1nsito\u00a0durante la franja nocturna y tambi\u00e9n\u00a0contempla la suspensi\u00f3n de la inviolabilidad de domicilio y de correspondencia, como parte de las medidas excepcionales adoptadas por el Ejecutivo. De acuerdo con el decreto,\u00a0\u00fanicamente dos segmentos estar\u00e1n autorizados a circular:\u00a0los servicios de salud \u2014tanto de la red p\u00fablica como privada\u2014 y la fuerza p\u00fablica, junto con entidades vinculadas a seguridad, gesti\u00f3n de riesgos y atenci\u00f3n de emergencias. El documento establece que los controles\u00a0ser\u00e1n ejecutados por Fuerzas Armadas, Polic\u00eda Nacional y agentes de tr\u00e1nsito, bajo criterios de proporcionalidad, considerando casos excepcionales en los que se justifique la movilizaci\u00f3n por razones de necesidad o emergencia. La decisi\u00f3n se sustenta en el comportamiento de la violencia en el pa\u00eds. Seg\u00fan cifras oficiales, entre el 1 y el 20 de abril de 2026 se registraron 76 homicidios intencionales en las provincias incluidas en la medida. Guayas concentr\u00f3 la mayor cantidad de casos, seguido de Los R\u00edos, Manab\u00ed y Sucumb\u00edos. El decreto tambi\u00e9n se\u00f1ala que estas\u00a0nueve provincias concentran el 90 % de la violencia a nivel nacional y cerca del 86,7 % de la actividad delictiva.\u00a0En ese contexto, la regi\u00f3n Costa agrupa la mayor\u00eda de los hechos violentos,\u00a0con una alta incidencia en territorios asociados a econom\u00edas il\u00edcitas. Seg\u00fan el Ejecutivo,\u00a0la franja horaria nocturna presenta condiciones que facilitan la acci\u00f3n de estructuras criminales, debido a la menor presencia institucional y la reducci\u00f3n del control social. En ese periodo, se registran con mayor frecuencia delitos como sicariatos, atentados y movilizaci\u00f3n de armamento. El Gobierno sostiene que la restricci\u00f3n de movilidad\u00a0busca reducir riesgos para la poblaci\u00f3n civil, limitar la capacidad operativa de grupos delictivos y fortalecer las acciones de control por parte de las autoridades. Durante la vigencia del toque de queda, las instituciones deber\u00e1n coordinar para garantizar la continuidad de servicios p\u00fablicos, la administraci\u00f3n de justicia y el funcionamiento de sectores estrat\u00e9gicos.<\/p>\n","protected":false},"author":1,"featured_media":31167,"comment_status":"closed","ping_status":"closed","sticky":false,"template":"","format":"standard","meta":{"footnotes":""},"categories":[268],"tags":[],"class_list":["post-31166","post","type-post","status-publish","format-standard","has-post-thumbnail","hentry","category-nacionales"],"_links":{"self":[{"href":"https:\/\/www.elamazonico.com\/portal\/wp-json\/wp\/v2\/posts\/31166","targetHints":{"allow":["GET"]}}],"collection":[{"href":"https:\/\/www.elamazonico.com\/portal\/wp-json\/wp\/v2\/posts"}],"about":[{"href":"https:\/\/www.elamazonico.com\/portal\/wp-json\/wp\/v2\/types\/post"}],"author":[{"embeddable":true,"href":"https:\/\/www.elamazonico.com\/portal\/wp-json\/wp\/v2\/users\/1"}],"replies":[{"embeddable":true,"href":"https:\/\/www.elamazonico.com\/portal\/wp-json\/wp\/v2\/comments?post=31166"}],"version-history":[{"count":1,"href":"https:\/\/www.elamazonico.com\/portal\/wp-json\/wp\/v2\/posts\/31166\/revisions"}],"predecessor-version":[{"id":31168,"href":"https:\/\/www.elamazonico.com\/portal\/wp-json\/wp\/v2\/posts\/31166\/revisions\/31168"}],"wp:featuredmedia":[{"embeddable":true,"href":"https:\/\/www.elamazonico.com\/portal\/wp-json\/wp\/v2\/media\/31167"}],"wp:attachment":[{"href":"https:\/\/www.elamazonico.com\/portal\/wp-json\/wp\/v2\/media?parent=31166"}],"wp:term":[{"taxonomy":"category","embeddable":true,"href":"https:\/\/www.elamazonico.com\/portal\/wp-json\/wp\/v2\/categories?post=31166"},{"taxonomy":"post_tag","embeddable":true,"href":"https:\/\/www.elamazonico.com\/portal\/wp-json\/wp\/v2\/tags?post=31166"}],"curies":[{"name":"wp","href":"https:\/\/api.w.org\/{rel}","templated":true}]}}