{"id":31163,"date":"2026-04-29T10:25:14","date_gmt":"2026-04-29T15:25:14","guid":{"rendered":"https:\/\/www.elamazonico.com\/portal\/?p=31163"},"modified":"2026-04-29T10:25:14","modified_gmt":"2026-04-29T15:25:14","slug":"daniel-noboa-ratifica-funciones-de-la-vicepresidenta-al-designar-nuevo-ministro-de-salud","status":"publish","type":"post","link":"https:\/\/www.elamazonico.com\/portal\/daniel-noboa-ratifica-funciones-de-la-vicepresidenta-al-designar-nuevo-ministro-de-salud\/","title":{"rendered":"Daniel Noboa ratifica funciones de la vicepresidenta al designar nuevo ministro de Salud"},"content":{"rendered":"<p>El presidente de Ecuador, Daniel Noboa, oficializ\u00f3 mediante el Decreto Ejecutivo 372 la ratificaci\u00f3n de funciones de la vicepresidenta Mar\u00eda Jos\u00e9 Pinto, quien hab\u00eda asumido de manera temporal el Ministerio de Salud P\u00fablica.<\/p>\n<p>El documento, emitido el 28 de abril de 2026, reafirma las responsabilidades previamente asignadas a Pinto como delegada del Ejecutivo ante el Comit\u00e9 Intersectorial para la Prevenci\u00f3n y Reducci\u00f3n de la Desnutrici\u00f3n Infantil, en l\u00ednea con lo establecido en los decretos No. 3 de mayo de 2025 y No. 237 de diciembre del mismo a\u00f1o.<\/p>\n<p>En el texto, el Ejecutivo resalta su participaci\u00f3n en la implementaci\u00f3n de pol\u00edticas p\u00fablicas enfocadas en la reducci\u00f3n de la desnutrici\u00f3n cr\u00f3nica infantil, una de las prioridades del Gobierno.<\/p>\n<p>La vicepresidenta estuvo al frente del Ministerio de Salud P\u00fablica durante cerca de cinco meses, entre el 18 de noviembre de 2025 y el 27 de abril de 2026, en calidad de encargada.<\/p>\n<p>Tras su salida de la cartera, el mandatario design\u00f3 a Jaime Otton Bernab\u00e9 Erazo como nuevo titular del Ministerio de Salud P\u00fablica. Con este nombramiento, Bernab\u00e9 se convierte en el s\u00e9ptimo funcionario \u2014entre ministros titulares y encargados\u2014 en ocupar esa funci\u00f3n durante los 18 meses de gesti\u00f3n del actual Gobierno.<\/p>\n","protected":false},"excerpt":{"rendered":"<p>El presidente de Ecuador, Daniel Noboa, oficializ\u00f3 mediante el Decreto Ejecutivo 372 la ratificaci\u00f3n de funciones de la vicepresidenta Mar\u00eda Jos\u00e9 Pinto, quien hab\u00eda asumido de manera temporal el Ministerio de Salud P\u00fablica. El documento, emitido el 28 de abril de 2026, reafirma las responsabilidades previamente asignadas a Pinto como delegada del Ejecutivo ante el Comit\u00e9 Intersectorial para la Prevenci\u00f3n y Reducci\u00f3n de la Desnutrici\u00f3n Infantil, en l\u00ednea con lo establecido en los decretos No. 3 de mayo de 2025 y No. 237 de diciembre del mismo a\u00f1o. En el texto, el Ejecutivo resalta su participaci\u00f3n en la implementaci\u00f3n de pol\u00edticas p\u00fablicas enfocadas en la reducci\u00f3n de la desnutrici\u00f3n cr\u00f3nica infantil, una de las prioridades del Gobierno. La vicepresidenta estuvo al frente del Ministerio de Salud P\u00fablica durante cerca de cinco meses, entre el 18 de noviembre de 2025 y el 27 de abril de 2026, en calidad de encargada. Tras su salida de la cartera, el mandatario design\u00f3 a Jaime Otton Bernab\u00e9 Erazo como nuevo titular del Ministerio de Salud P\u00fablica. Con este nombramiento, Bernab\u00e9 se convierte en el s\u00e9ptimo funcionario \u2014entre ministros titulares y encargados\u2014 en ocupar esa funci\u00f3n durante los 18 meses de gesti\u00f3n del actual Gobierno.<\/p>\n","protected":false},"author":1,"featured_media":31164,"comment_status":"closed","ping_status":"closed","sticky":false,"template":"","format":"standard","meta":{"footnotes":""},"categories":[268],"tags":[],"class_list":["post-31163","post","type-post","status-publish","format-standard","has-post-thumbnail","hentry","category-nacionales"],"_links":{"self":[{"href":"https:\/\/www.elamazonico.com\/portal\/wp-json\/wp\/v2\/posts\/31163","targetHints":{"allow":["GET"]}}],"collection":[{"href":"https:\/\/www.elamazonico.com\/portal\/wp-json\/wp\/v2\/posts"}],"about":[{"href":"https:\/\/www.elamazonico.com\/portal\/wp-json\/wp\/v2\/types\/post"}],"author":[{"embeddable":true,"href":"https:\/\/www.elamazonico.com\/portal\/wp-json\/wp\/v2\/users\/1"}],"replies":[{"embeddable":true,"href":"https:\/\/www.elamazonico.com\/portal\/wp-json\/wp\/v2\/comments?post=31163"}],"version-history":[{"count":1,"href":"https:\/\/www.elamazonico.com\/portal\/wp-json\/wp\/v2\/posts\/31163\/revisions"}],"predecessor-version":[{"id":31165,"href":"https:\/\/www.elamazonico.com\/portal\/wp-json\/wp\/v2\/posts\/31163\/revisions\/31165"}],"wp:featuredmedia":[{"embeddable":true,"href":"https:\/\/www.elamazonico.com\/portal\/wp-json\/wp\/v2\/media\/31164"}],"wp:attachment":[{"href":"https:\/\/www.elamazonico.com\/portal\/wp-json\/wp\/v2\/media?parent=31163"}],"wp:term":[{"taxonomy":"category","embeddable":true,"href":"https:\/\/www.elamazonico.com\/portal\/wp-json\/wp\/v2\/categories?post=31163"},{"taxonomy":"post_tag","embeddable":true,"href":"https:\/\/www.elamazonico.com\/portal\/wp-json\/wp\/v2\/tags?post=31163"}],"curies":[{"name":"wp","href":"https:\/\/api.w.org\/{rel}","templated":true}]}}