{"id":31159,"date":"2026-04-29T09:46:09","date_gmt":"2026-04-29T14:46:09","guid":{"rendered":"https:\/\/www.elamazonico.com\/portal\/?p=31159"},"modified":"2026-04-29T09:46:09","modified_gmt":"2026-04-29T14:46:09","slug":"ministro-jaime-bernabe-erazo-anuncia-cuatro-ejes-para-fortalecer-el-sistema-de-salud","status":"publish","type":"post","link":"https:\/\/www.elamazonico.com\/portal\/ministro-jaime-bernabe-erazo-anuncia-cuatro-ejes-para-fortalecer-el-sistema-de-salud\/","title":{"rendered":"Ministro Jaime Bernab\u00e9 Erazo anuncia cuatro ejes para fortalecer el sistema de salud"},"content":{"rendered":"<p>El nuevo ministro de Salud,\u00a0<strong>Jaime Bernab\u00e9 Erazo<\/strong>, asumi\u00f3 sus funciones con un llamado a trabajar con\u00a0<strong>responsabilidad<\/strong>,\u00a0<strong>eficiencia<\/strong>\u00a0y\u00a0<strong>transparencia<\/strong>\u00a0para fortalecer el sistema p\u00fablico de salud y garantizar una atenci\u00f3n\u00a0<strong>digna<\/strong>,\u00a0<strong>oportuna<\/strong>\u00a0y de\u00a0<strong>calidad<\/strong>\u00a0en el pa\u00eds.<\/p>\n<p>En sus primeras declaraciones, Erazo agradeci\u00f3 al presidente\u00a0<strong>Daniel Noboa<\/strong>\u00a0por la confianza depositada para asumir esta responsabilidad y se\u00f1al\u00f3 que llega al cargo en un momento que exige\u00a0<strong>compromiso<\/strong>,\u00a0<strong>seriedad<\/strong>\u00a0y\u00a0<strong>resultados<\/strong>. Adem\u00e1s, afirm\u00f3 que su gesti\u00f3n buscar\u00e1 consolidar los avances alcanzados y profundizar una administraci\u00f3n m\u00e1s cercana a la ciudadan\u00eda.<\/p>\n<p>El ministro anunci\u00f3 que su trabajo estar\u00e1 enfocado en\u00a0<strong>cuatro ejes de acci\u00f3n<\/strong>. El primero ser\u00e1 garantizar el\u00a0<strong>abastecimiento continuo de medicamentos e insumos esenciales<\/strong>, con el prop\u00f3sito de que lleguen de manera oportuna a cada establecimiento de salud.<\/p>\n<p>Como segundo eje, plante\u00f3 la\u00a0<strong>optimizaci\u00f3n de la capacidad operativa<\/strong>\u00a0de hospitales y centros de salud, mediante una mejor gesti\u00f3n de recursos, procesos m\u00e1s \u00e1giles y un uso eficiente de la infraestructura disponible. Seg\u00fan Erazo, esta l\u00ednea de acci\u00f3n permitir\u00e1 mejorar los\u00a0<strong>tiempos de atenci\u00f3n<\/strong>\u00a0y la\u00a0<strong>calidad del servicio<\/strong>.<\/p>\n<p>El tercer eje estar\u00e1 orientado a priorizar la\u00a0<strong>atenci\u00f3n primaria<\/strong>\u00a0como base del sistema sanitario. Para ello, se buscar\u00e1 cerrar brechas en\u00a0<strong>talento humano<\/strong>,\u00a0<strong>equipamiento<\/strong>\u00a0e\u00a0<strong>infraestructura<\/strong>, con el fin de ampliar la capacidad resolutiva de los establecimientos de primer nivel y ordenar la demanda hacia un modelo m\u00e1s eficiente.<\/p>\n<p>Finalmente, Erazo asegur\u00f3 que impulsar\u00e1 una lucha frontal contra la\u00a0<strong>corrupci\u00f3n<\/strong>, con\u00a0<strong>transparencia<\/strong>,\u00a0<strong>control<\/strong>\u00a0y\u00a0<strong>firmeza<\/strong>\u00a0en cada acci\u00f3n del sistema de salud.<\/p>\n<p>El nuevo ministro convoc\u00f3 al\u00a0<strong>personal sanitario<\/strong>, a las instituciones, al sector privado y a la ciudadan\u00eda a sumar esfuerzos para construir un sistema de salud m\u00e1s\u00a0<strong>s\u00f3lido<\/strong>,\u00a0<strong>eficiente<\/strong>\u00a0y\u00a0<strong>humano<\/strong>, en beneficio de la poblaci\u00f3n.<\/p>\n<p>&nbsp;<\/p>\n<div class=\"twitter-tweet twitter-tweet-rendered\"><iframe id=\"twitter-widget-0\" class=\"\" title=\"X Post\" src=\"https:\/\/platform.twitter.com\/embed\/Tweet.html?dnt=false&amp;embedId=twitter-widget-0&amp;features=eyJ0ZndfdGltZWxpbmVfbGlzdCI6eyJidWNrZXQiOltdLCJ2ZXJzaW9uIjpudWxsfSwidGZ3X2ZvbGxvd2VyX2NvdW50X3N1bnNldCI6eyJidWNrZXQiOnRydWUsInZlcnNpb24iOm51bGx9LCJ0ZndfdHdlZXRfZWRpdF9iYWNrZW5kIjp7ImJ1Y2tldCI6Im9uIiwidmVyc2lvbiI6bnVsbH0sInRmd19yZWZzcmNfc2Vzc2lvbiI6eyJidWNrZXQiOiJvbiIsInZlcnNpb24iOm51bGx9LCJ0ZndfZm9zbnJfc29mdF9pbnRlcnZlbnRpb25zX2VuYWJsZWQiOnsiYnVja2V0Ijoib24iLCJ2ZXJzaW9uIjpudWxsfSwidGZ3X21peGVkX21lZGlhXzE1ODk3Ijp7ImJ1Y2tldCI6InRyZWF0bWVudCIsInZlcnNpb24iOm51bGx9LCJ0ZndfZXhwZXJpbWVudHNfY29va2llX2V4cGlyYXRpb24iOnsiYnVja2V0IjoxMjA5NjAwLCJ2ZXJzaW9uIjpudWxsfSwidGZ3X3Nob3dfYmlyZHdhdGNoX3Bpdm90c19lbmFibGVkIjp7ImJ1Y2tldCI6Im9uIiwidmVyc2lvbiI6bnVsbH0sInRmd19kdXBsaWNhdGVfc2NyaWJlc190b19zZXR0aW5ncyI6eyJidWNrZXQiOiJvbiIsInZlcnNpb24iOm51bGx9LCJ0ZndfdXNlX3Byb2ZpbGVfaW1hZ2Vfc2hhcGVfZW5hYmxlZCI6eyJidWNrZXQiOiJvbiIsInZlcnNpb24iOm51bGx9LCJ0ZndfdmlkZW9faGxzX2R5bmFtaWNfbWFuaWZlc3RzXzE1MDgyIjp7ImJ1Y2tldCI6InRydWVfYml0cmF0ZSIsInZlcnNpb24iOm51bGx9LCJ0ZndfbGVnYWN5X3RpbWVsaW5lX3N1bnNldCI6eyJidWNrZXQiOnRydWUsInZlcnNpb24iOm51bGx9LCJ0ZndfdHdlZXRfZWRpdF9mcm9udGVuZCI6eyJidWNrZXQiOiJvbiIsInZlcnNpb24iOm51bGx9fQ%3D%3D&amp;frame=false&amp;hideCard=false&amp;hideThread=false&amp;id=2049306351218634899&amp;lang=es&amp;maxWidth=560px&amp;origin=https%3A%2F%2Fwww.eltelegrafo.com.ec%2Fnoticias%2Fnacionales%2F210%2Fministro-jaime-bernabe-erazo-anuncia-cuatro-ejes-fortalecer-sistema-salud&amp;sessionId=a5c13affdce8fa17a4ab98212b493c8f72d888b7&amp;theme=light&amp;widgetsVersion=2615f7e52b7e0%3A1702314776716&amp;width=550px\" frameborder=\"0\" scrolling=\"no\" allowfullscreen=\"allowfullscreen\" data-tweet-id=\"2049306351218634899\" data-mce-fragment=\"1\"><\/iframe><\/div>\n","protected":false},"excerpt":{"rendered":"<p>El nuevo ministro de Salud,\u00a0Jaime Bernab\u00e9 Erazo, asumi\u00f3 sus funciones con un llamado a trabajar con\u00a0responsabilidad,\u00a0eficiencia\u00a0y\u00a0transparencia\u00a0para fortalecer el sistema p\u00fablico de salud y garantizar una atenci\u00f3n\u00a0digna,\u00a0oportuna\u00a0y de\u00a0calidad\u00a0en el pa\u00eds. En sus primeras declaraciones, Erazo agradeci\u00f3 al presidente\u00a0Daniel Noboa\u00a0por la confianza depositada para asumir esta responsabilidad y se\u00f1al\u00f3 que llega al cargo en un momento que exige\u00a0compromiso,\u00a0seriedad\u00a0y\u00a0resultados. Adem\u00e1s, afirm\u00f3 que su gesti\u00f3n buscar\u00e1 consolidar los avances alcanzados y profundizar una administraci\u00f3n m\u00e1s cercana a la ciudadan\u00eda. El ministro anunci\u00f3 que su trabajo estar\u00e1 enfocado en\u00a0cuatro ejes de acci\u00f3n. El primero ser\u00e1 garantizar el\u00a0abastecimiento continuo de medicamentos e insumos esenciales, con el prop\u00f3sito de que lleguen de manera oportuna a cada establecimiento de salud. Como segundo eje, plante\u00f3 la\u00a0optimizaci\u00f3n de la capacidad operativa\u00a0de hospitales y centros de salud, mediante una mejor gesti\u00f3n de recursos, procesos m\u00e1s \u00e1giles y un uso eficiente de la infraestructura disponible. Seg\u00fan Erazo, esta l\u00ednea de acci\u00f3n permitir\u00e1 mejorar los\u00a0tiempos de atenci\u00f3n\u00a0y la\u00a0calidad del servicio. El tercer eje estar\u00e1 orientado a priorizar la\u00a0atenci\u00f3n primaria\u00a0como base del sistema sanitario. Para ello, se buscar\u00e1 cerrar brechas en\u00a0talento humano,\u00a0equipamiento\u00a0e\u00a0infraestructura, con el fin de ampliar la capacidad resolutiva de los establecimientos de primer nivel y ordenar la demanda hacia un modelo m\u00e1s eficiente. Finalmente, Erazo asegur\u00f3 que impulsar\u00e1 una lucha frontal contra la\u00a0corrupci\u00f3n, con\u00a0transparencia,\u00a0control\u00a0y\u00a0firmeza\u00a0en cada acci\u00f3n del sistema de salud. El nuevo ministro convoc\u00f3 al\u00a0personal sanitario, a las instituciones, al sector privado y a la ciudadan\u00eda a sumar esfuerzos para construir un sistema de salud m\u00e1s\u00a0s\u00f3lido,\u00a0eficiente\u00a0y\u00a0humano, en beneficio de la poblaci\u00f3n. &nbsp;<\/p>\n","protected":false},"author":1,"featured_media":31161,"comment_status":"closed","ping_status":"closed","sticky":false,"template":"","format":"standard","meta":{"footnotes":""},"categories":[268],"tags":[],"class_list":["post-31159","post","type-post","status-publish","format-standard","has-post-thumbnail","hentry","category-nacionales"],"_links":{"self":[{"href":"https:\/\/www.elamazonico.com\/portal\/wp-json\/wp\/v2\/posts\/31159","targetHints":{"allow":["GET"]}}],"collection":[{"href":"https:\/\/www.elamazonico.com\/portal\/wp-json\/wp\/v2\/posts"}],"about":[{"href":"https:\/\/www.elamazonico.com\/portal\/wp-json\/wp\/v2\/types\/post"}],"author":[{"embeddable":true,"href":"https:\/\/www.elamazonico.com\/portal\/wp-json\/wp\/v2\/users\/1"}],"replies":[{"embeddable":true,"href":"https:\/\/www.elamazonico.com\/portal\/wp-json\/wp\/v2\/comments?post=31159"}],"version-history":[{"count":1,"href":"https:\/\/www.elamazonico.com\/portal\/wp-json\/wp\/v2\/posts\/31159\/revisions"}],"predecessor-version":[{"id":31162,"href":"https:\/\/www.elamazonico.com\/portal\/wp-json\/wp\/v2\/posts\/31159\/revisions\/31162"}],"wp:featuredmedia":[{"embeddable":true,"href":"https:\/\/www.elamazonico.com\/portal\/wp-json\/wp\/v2\/media\/31161"}],"wp:attachment":[{"href":"https:\/\/www.elamazonico.com\/portal\/wp-json\/wp\/v2\/media?parent=31159"}],"wp:term":[{"taxonomy":"category","embeddable":true,"href":"https:\/\/www.elamazonico.com\/portal\/wp-json\/wp\/v2\/categories?post=31159"},{"taxonomy":"post_tag","embeddable":true,"href":"https:\/\/www.elamazonico.com\/portal\/wp-json\/wp\/v2\/tags?post=31159"}],"curies":[{"name":"wp","href":"https:\/\/api.w.org\/{rel}","templated":true}]}}