{"id":31156,"date":"2026-04-28T16:20:14","date_gmt":"2026-04-28T21:20:14","guid":{"rendered":"https:\/\/www.elamazonico.com\/portal\/?p=31156"},"modified":"2026-04-28T16:20:14","modified_gmt":"2026-04-28T21:20:14","slug":"alcalde-de-paquisha-anuncia-que-no-buscara-la-reeleccion","status":"publish","type":"post","link":"https:\/\/www.elamazonico.com\/portal\/alcalde-de-paquisha-anuncia-que-no-buscara-la-reeleccion\/","title":{"rendered":"Alcalde de Paquisha anuncia que no buscar\u00e1 la reelecci\u00f3n"},"content":{"rendered":"<p>El alcalde de Paquisha anunci\u00f3 oficialmente que no participar\u00e1 como candidato a la reelecci\u00f3n, seg\u00fan un comunicado dirigido a la ciudadan\u00eda en el que destaca su decisi\u00f3n como un acto de responsabilidad pol\u00edtica y compromiso con el fortalecimiento democr\u00e1tico.<\/p>\n<p>En su pronunciamiento, la autoridad se\u00f1al\u00f3 que considera necesario abrir espacio a nuevos liderazgos, afirmando que la democracia se consolida cuando existe renovaci\u00f3n y participaci\u00f3n diversa en la gesti\u00f3n p\u00fablica.<\/p>\n<p>Asimismo, asegur\u00f3 que cumplir\u00e1 su mandato hasta el \u00faltimo d\u00eda, enfocando sus esfuerzos en dejar una administraci\u00f3n transparente, con obras ejecutadas y proyectos en marcha, reafirmando su compromiso con el bienestar colectivo.<\/p>\n<p>El comunicado tambi\u00e9n incluye un mensaje de agradecimiento a la ciudadan\u00eda y a su equipo de trabajo por el respaldo durante su gesti\u00f3n.<\/p>\n<p>Sin embargo, la decisi\u00f3n abre interrogantes en el escenario pol\u00edtico local: <strong>\u00bfresponde \u00fanicamente a los argumentos expuestos en el comunicado o tambi\u00e9n a una posible falta de respaldo electoral?<\/strong><\/p>\n<p>En todo caso, en un sistema democr\u00e1tico, todos los ciudadanos tienen la libertad de participar en procesos electorales, incluyendo la posibilidad de buscar una reelecci\u00f3n, lo que mantiene abierto el an\u00e1lisis sobre las motivaciones reales detr\u00e1s de esta decisi\u00f3n.<\/p>\n","protected":false},"excerpt":{"rendered":"<p>El alcalde de Paquisha anunci\u00f3 oficialmente que no participar\u00e1 como candidato a la reelecci\u00f3n, seg\u00fan un comunicado dirigido a la ciudadan\u00eda en el que destaca su decisi\u00f3n como un acto de responsabilidad pol\u00edtica y compromiso con el fortalecimiento democr\u00e1tico. En su pronunciamiento, la autoridad se\u00f1al\u00f3 que considera necesario abrir espacio a nuevos liderazgos, afirmando que la democracia se consolida cuando existe renovaci\u00f3n y participaci\u00f3n diversa en la gesti\u00f3n p\u00fablica. Asimismo, asegur\u00f3 que cumplir\u00e1 su mandato hasta el \u00faltimo d\u00eda, enfocando sus esfuerzos en dejar una administraci\u00f3n transparente, con obras ejecutadas y proyectos en marcha, reafirmando su compromiso con el bienestar colectivo. El comunicado tambi\u00e9n incluye un mensaje de agradecimiento a la ciudadan\u00eda y a su equipo de trabajo por el respaldo durante su gesti\u00f3n. Sin embargo, la decisi\u00f3n abre interrogantes en el escenario pol\u00edtico local: \u00bfresponde \u00fanicamente a los argumentos expuestos en el comunicado o tambi\u00e9n a una posible falta de respaldo electoral? En todo caso, en un sistema democr\u00e1tico, todos los ciudadanos tienen la libertad de participar en procesos electorales, incluyendo la posibilidad de buscar una reelecci\u00f3n, lo que mantiene abierto el an\u00e1lisis sobre las motivaciones reales detr\u00e1s de esta decisi\u00f3n.<\/p>\n","protected":false},"author":1,"featured_media":31157,"comment_status":"closed","ping_status":"closed","sticky":false,"template":"","format":"standard","meta":{"footnotes":""},"categories":[243],"tags":[],"class_list":["post-31156","post","type-post","status-publish","format-standard","has-post-thumbnail","hentry","category-noticias-zamora"],"_links":{"self":[{"href":"https:\/\/www.elamazonico.com\/portal\/wp-json\/wp\/v2\/posts\/31156","targetHints":{"allow":["GET"]}}],"collection":[{"href":"https:\/\/www.elamazonico.com\/portal\/wp-json\/wp\/v2\/posts"}],"about":[{"href":"https:\/\/www.elamazonico.com\/portal\/wp-json\/wp\/v2\/types\/post"}],"author":[{"embeddable":true,"href":"https:\/\/www.elamazonico.com\/portal\/wp-json\/wp\/v2\/users\/1"}],"replies":[{"embeddable":true,"href":"https:\/\/www.elamazonico.com\/portal\/wp-json\/wp\/v2\/comments?post=31156"}],"version-history":[{"count":1,"href":"https:\/\/www.elamazonico.com\/portal\/wp-json\/wp\/v2\/posts\/31156\/revisions"}],"predecessor-version":[{"id":31158,"href":"https:\/\/www.elamazonico.com\/portal\/wp-json\/wp\/v2\/posts\/31156\/revisions\/31158"}],"wp:featuredmedia":[{"embeddable":true,"href":"https:\/\/www.elamazonico.com\/portal\/wp-json\/wp\/v2\/media\/31157"}],"wp:attachment":[{"href":"https:\/\/www.elamazonico.com\/portal\/wp-json\/wp\/v2\/media?parent=31156"}],"wp:term":[{"taxonomy":"category","embeddable":true,"href":"https:\/\/www.elamazonico.com\/portal\/wp-json\/wp\/v2\/categories?post=31156"},{"taxonomy":"post_tag","embeddable":true,"href":"https:\/\/www.elamazonico.com\/portal\/wp-json\/wp\/v2\/tags?post=31156"}],"curies":[{"name":"wp","href":"https:\/\/api.w.org\/{rel}","templated":true}]}}