{"id":31148,"date":"2026-04-28T15:12:27","date_gmt":"2026-04-28T20:12:27","guid":{"rendered":"https:\/\/www.elamazonico.com\/portal\/?p=31148"},"modified":"2026-04-28T15:12:27","modified_gmt":"2026-04-28T20:12:27","slug":"asamblea-da-luz-verde-a-reforma-penitenciaria-de-noboa-estos-son-los-cambios-en-las-carceles-de-ecuador","status":"publish","type":"post","link":"https:\/\/www.elamazonico.com\/portal\/asamblea-da-luz-verde-a-reforma-penitenciaria-de-noboa-estos-son-los-cambios-en-las-carceles-de-ecuador\/","title":{"rendered":"Asamblea da luz verde a reforma penitenciaria de Noboa: estos son los cambios en las c\u00e1rceles de Ecuador"},"content":{"rendered":"<div class=\"paragraph texto\">\n<p class=\"p_0\">La Asamblea Nacional, con 85 votos afirmativos, se allan\u00f3 a la objeci\u00f3n parcial por inconveniencia presentada por el presidente de la Rep\u00fablica,<b>\u00a0<a href=\"https:\/\/www.vistazo.com\/politica\/nacional\/2026-04-08-daniel-noboa-plantea-llegada-tropas-eeuu-ecuador-no-es-una-invasion-es-cooperacion-contra-el-crimen-HN10843073\">Daniel Noboa<\/a><\/b>, al Proyecto de Ley Org\u00e1nica Reformatoria para el\u00a0<u>Fortalecimiento del Sistema Penitenciario.<\/u>\u00a0Con esta decisi\u00f3n, la normativa ser\u00e1 remitida al Registro Oficial para su publicaci\u00f3n y entrada en vigencia.<\/p>\n<p class=\"p_2\">En la sesi\u00f3n del Pleno desarrollada este martes 28 de abril, el asamble\u00edsta ponente del informe,\u00a0<b>Mario Zambrano<\/b>, argument\u00f3 que las\u00a0<b>c\u00e1rceles<\/b>\u00a0han sido durante demasiado tiempo espacios en donde el crimen organizado ha desafiado al Estado.<\/p>\n<p class=\"p_3\">\u201c<u>El hacinamiento, la falta de control y las deficiencias normativas han tenido un costo muy alto para las familias<\/u>, por lo que esta reforma es fundamental. Adem\u00e1s, mediante la objeci\u00f3n parcial se proponen\u00a0<b>mejoras<\/b>\u00a0que no cambian el esp\u00edritu de la normativa ni su esencia, s\u00ed la hacen m\u00e1s s\u00f3lida, t\u00e9cnica y eficiente\u201d, enfatiz\u00f3.<\/p>\n<div>\n<div class=\"trv-player-container\">\n<div class=\"trv-wrapper\">\n<div id=\"br_video_player_acdcbb25d7b93f7ed6470a57f46b525a7a4d6079\" class=\"trvd_video_player trvdfloater trv-right\">\n<div class=\"media-player\">\n<div class=\"trv-video\">\n<div id=\"truvid_ima_container81839\" class=\"truvid_ima_container\">\n<div><strong>Principales ejes de la nueva ley<\/strong><\/div>\n<\/div>\n<\/div>\n<\/div>\n<\/div>\n<\/div>\n<\/div>\n<\/div>\n<\/div>\n<div class=\"paragraph texto\">\n<p class=\"p_5\">Entre los principales\u00a0<b>cambios<\/b>\u00a0incorporados constan las definiciones para el Cuerpo de Seguridad y Vigilancia Penitenciaria, con el prop\u00f3sito de garantizar mayor claridad jur\u00eddica y uniformidad normativa.<\/p>\n<p class=\"p_6\">Otra modificaci\u00f3n ampl\u00eda el derecho de impugnaci\u00f3n de\u00a0<b>traslados<\/b>, que inicialmente estaba limitado \u00fanicamente a\u00a0<b>personas sentenciadas<\/b>. Con la reforma, este derecho se extiende a todas las personas privadas de libertad en casos de embarazo, lactancia, enfermedades catastr\u00f3ficas, raras o hu\u00e9rfanas, as\u00ed como cuando se requiera tratamiento psiqui\u00e1trico.<\/p>\n<p class=\"p_8\">De manera espec\u00edfica, se revisa la incorporaci\u00f3n de un r\u00e9gimen especial para militares en servicio pasivo que se integren al Servicio Nacional de Atenci\u00f3n Integral a Personas Adultas Privadas de la Libertad y a Adolescentes Infractores (<b>SNAI<\/b>) o al Cuerpo de Seguridad y Vigilancia Penitenciaria.<\/p>\n<p class=\"p_9\">La normativa fortalece al Cuerpo de Seguridad y Vigilancia Penitenciaria como una entidad especializada, civil, armada y jerarquizada. Adem\u00e1s, permite la\u00a0<u>incorporaci\u00f3n de polic\u00edas y militares en servicio pasivo al sistema penitenciario<\/u>.<\/p>\n<p class=\"p_10\">Tambi\u00e9n establece la\u00a0<b>clasificaci\u00f3n<\/b>\u00a0de los centros penitenciarios y de las personas privadas de libertad seg\u00fan sus niveles de seguridad y riesgo, e implementa un r\u00e9gimen especial para internos de\u00a0<b>alta<\/b>\u00a0<b>peligrosidad<\/b>.<\/p>\n<p class=\"p_11\">Entre otros aspectos, refuerza el sistema de inteligencia penitenciaria para prevenir hechos violentos y desarticular estructuras criminales dentro de las c\u00e1rceles. Adem\u00e1s, introduce reformas al r\u00e9gimen disciplinario para combatir la corrupci\u00f3n interna.<\/p>\n<p class=\"p_12\">La ley incorpora pol\u00edticas de trabajo penitenciario orientadas a la rehabilitaci\u00f3n y reinserci\u00f3n social, con el objetivo de que las personas privadas de libertad trabajen para sustentar sus necesidades. <strong>Fuente: Vistazo<\/strong><\/p>\n<\/div>\n","protected":false},"excerpt":{"rendered":"<p>La Asamblea Nacional, con 85 votos afirmativos, se allan\u00f3 a la objeci\u00f3n parcial por inconveniencia presentada por el presidente de la Rep\u00fablica,\u00a0Daniel Noboa, al Proyecto de Ley Org\u00e1nica Reformatoria para el\u00a0Fortalecimiento del Sistema Penitenciario.\u00a0Con esta decisi\u00f3n, la normativa ser\u00e1 remitida al Registro Oficial para su publicaci\u00f3n y entrada en vigencia. En la sesi\u00f3n del Pleno desarrollada este martes 28 de abril, el asamble\u00edsta ponente del informe,\u00a0Mario Zambrano, argument\u00f3 que las\u00a0c\u00e1rceles\u00a0han sido durante demasiado tiempo espacios en donde el crimen organizado ha desafiado al Estado. \u201cEl hacinamiento, la falta de control y las deficiencias normativas han tenido un costo muy alto para las familias, por lo que esta reforma es fundamental. Adem\u00e1s, mediante la objeci\u00f3n parcial se proponen\u00a0mejoras\u00a0que no cambian el esp\u00edritu de la normativa ni su esencia, s\u00ed la hacen m\u00e1s s\u00f3lida, t\u00e9cnica y eficiente\u201d, enfatiz\u00f3. Principales ejes de la nueva ley Entre los principales\u00a0cambios\u00a0incorporados constan las definiciones para el Cuerpo de Seguridad y Vigilancia Penitenciaria, con el prop\u00f3sito de garantizar mayor claridad jur\u00eddica y uniformidad normativa. Otra modificaci\u00f3n ampl\u00eda el derecho de impugnaci\u00f3n de\u00a0traslados, que inicialmente estaba limitado \u00fanicamente a\u00a0personas sentenciadas. Con la reforma, este derecho se extiende a todas las personas privadas de libertad en casos de embarazo, lactancia, enfermedades catastr\u00f3ficas, raras o hu\u00e9rfanas, as\u00ed como cuando se requiera tratamiento psiqui\u00e1trico. De manera espec\u00edfica, se revisa la incorporaci\u00f3n de un r\u00e9gimen especial para militares en servicio pasivo que se integren al Servicio Nacional de Atenci\u00f3n Integral a Personas Adultas Privadas de la Libertad y a Adolescentes Infractores (SNAI) o al Cuerpo de Seguridad y Vigilancia Penitenciaria. La normativa fortalece al Cuerpo de Seguridad y Vigilancia Penitenciaria como una entidad especializada, civil, armada y jerarquizada. Adem\u00e1s, permite la\u00a0incorporaci\u00f3n de polic\u00edas y militares en servicio pasivo al sistema penitenciario. Tambi\u00e9n establece la\u00a0clasificaci\u00f3n\u00a0de los centros penitenciarios y de las personas privadas de libertad seg\u00fan sus niveles de seguridad y riesgo, e implementa un r\u00e9gimen especial para internos de\u00a0alta\u00a0peligrosidad. Entre otros aspectos, refuerza el sistema de inteligencia penitenciaria para prevenir hechos violentos y desarticular estructuras criminales dentro de las c\u00e1rceles. Adem\u00e1s, introduce reformas al r\u00e9gimen disciplinario para combatir la corrupci\u00f3n interna. La ley incorpora pol\u00edticas de trabajo penitenciario orientadas a la rehabilitaci\u00f3n y reinserci\u00f3n social, con el objetivo de que las personas privadas de libertad trabajen para sustentar sus necesidades. Fuente: Vistazo<\/p>\n","protected":false},"author":1,"featured_media":31149,"comment_status":"closed","ping_status":"closed","sticky":false,"template":"","format":"standard","meta":{"footnotes":""},"categories":[268],"tags":[],"class_list":["post-31148","post","type-post","status-publish","format-standard","has-post-thumbnail","hentry","category-nacionales"],"_links":{"self":[{"href":"https:\/\/www.elamazonico.com\/portal\/wp-json\/wp\/v2\/posts\/31148","targetHints":{"allow":["GET"]}}],"collection":[{"href":"https:\/\/www.elamazonico.com\/portal\/wp-json\/wp\/v2\/posts"}],"about":[{"href":"https:\/\/www.elamazonico.com\/portal\/wp-json\/wp\/v2\/types\/post"}],"author":[{"embeddable":true,"href":"https:\/\/www.elamazonico.com\/portal\/wp-json\/wp\/v2\/users\/1"}],"replies":[{"embeddable":true,"href":"https:\/\/www.elamazonico.com\/portal\/wp-json\/wp\/v2\/comments?post=31148"}],"version-history":[{"count":1,"href":"https:\/\/www.elamazonico.com\/portal\/wp-json\/wp\/v2\/posts\/31148\/revisions"}],"predecessor-version":[{"id":31150,"href":"https:\/\/www.elamazonico.com\/portal\/wp-json\/wp\/v2\/posts\/31148\/revisions\/31150"}],"wp:featuredmedia":[{"embeddable":true,"href":"https:\/\/www.elamazonico.com\/portal\/wp-json\/wp\/v2\/media\/31149"}],"wp:attachment":[{"href":"https:\/\/www.elamazonico.com\/portal\/wp-json\/wp\/v2\/media?parent=31148"}],"wp:term":[{"taxonomy":"category","embeddable":true,"href":"https:\/\/www.elamazonico.com\/portal\/wp-json\/wp\/v2\/categories?post=31148"},{"taxonomy":"post_tag","embeddable":true,"href":"https:\/\/www.elamazonico.com\/portal\/wp-json\/wp\/v2\/tags?post=31148"}],"curies":[{"name":"wp","href":"https:\/\/api.w.org\/{rel}","templated":true}]}}