{"id":31144,"date":"2026-04-29T04:04:01","date_gmt":"2026-04-29T09:04:01","guid":{"rendered":"https:\/\/www.elamazonico.com\/portal\/?p=31144"},"modified":"2026-04-28T15:04:17","modified_gmt":"2026-04-28T20:04:17","slug":"jovenes-de-zamora-chinchipe-fortalecen-su-liderazgo-en-la-cumbre-internacional-de-la-juventud-y-la-democracia","status":"publish","type":"post","link":"https:\/\/www.elamazonico.com\/portal\/jovenes-de-zamora-chinchipe-fortalecen-su-liderazgo-en-la-cumbre-internacional-de-la-juventud-y-la-democracia\/","title":{"rendered":"J\u00f3venes de Zamora Chinchipe fortalecen su liderazgo en la Cumbre Internacional de la Juventud y la Democracia"},"content":{"rendered":"<p>Con entusiasmo, compromiso y una s\u00f3lida vocaci\u00f3n de servicio, la provincia de Zamora Chinchipe particip\u00f3 activamente en la Cumbre Internacional de la Juventud y la Democracia, desarrollada en la ciudad de Manta, desde el jueves 24 hasta el domingo 26 de abril de 2024. En este importante encuentro, nueve j\u00f3venes l\u00edderes representaron con orgullo a su territorio, consolidando su rol como agentes de cambio en el \u00e1mbito social y democr\u00e1tico.<\/p>\n<p>La delegaci\u00f3n estuvo liderada por la directora provincial. Jhomayra Segovia, quien desempe\u00f1\u00f3 un papel clave en el acompa\u00f1amiento y orientaci\u00f3n del proceso formativo, promoviendo el fortalecimiento de la participaci\u00f3n juvenil y el compromiso ciudadano en la construcci\u00f3n de una sociedad m\u00e1s inclusiva y democr\u00e1tica.<\/p>\n<p>El evento reuni\u00f3 a delegaciones de 18 pa\u00edses, posicion\u00e1ndose como un espacio de alto nivel para el aprendizaje, el intercambio cultural y la generaci\u00f3n de propuestas colectivas orientadas al fortalecimiento del liderazgo juvenil en contextos internacionales. Durante las jornadas, los participantes formaron parte de conferencias magistrales, paneles de discusi\u00f3n y mesas de trabajo, donde compartieron experiencias, visiones y propuestas surgidas desde sus realidades locales.<\/p>\n<p>Los j\u00f3venes zamoranos destacaron por su activa participaci\u00f3n, llevando consigo no solo su voz, sino tambi\u00e9n su identidad cultural y el profundo sentido de pertenencia hacia su provincia. Sus intervenciones reflejaron propuestas y reflexiones construidas desde el territorio, evidenciando la capacidad de la juventud para incidir en procesos democr\u00e1ticos y sociales.<\/p>\n<p>La cumbre cont\u00f3 con la participaci\u00f3n de reconocidos ponentes como Andr\u00e9 Granda, Nicole Bonifaz, Jhonatan Gruezo, Johana Berm\u00fadez, Antonio Sol\u00e1 y Rosal\u00eda Arteaga, quienes compartieron sus conocimientos y experiencias, inspirando a las nuevas generaciones a asumir un rol activo en la vida p\u00fablica.<\/p>\n<p>M\u00e1s all\u00e1 del componente acad\u00e9mico, la experiencia dej\u00f3 importantes resultados en el \u00e1mbito humano y social, como la consolidaci\u00f3n de redes de colaboraci\u00f3n, el establecimiento de v\u00ednculos interculturales y el fortalecimiento de una visi\u00f3n compartida orientada al desarrollo sostenible y democr\u00e1tico. La convivencia entre j\u00f3venes de distintas nacionalidades reafirm\u00f3 que la articulaci\u00f3n de esfuerzos y el di\u00e1logo intercultural son fundamentales para generar transformaciones reales y duraderas.<\/p>\n","protected":false},"excerpt":{"rendered":"<p>Con entusiasmo, compromiso y una s\u00f3lida vocaci\u00f3n de servicio, la provincia de Zamora Chinchipe particip\u00f3 activamente en la Cumbre Internacional de la Juventud y la Democracia, desarrollada en la ciudad de Manta, desde el jueves 24 hasta el domingo 26 de abril de 2024. En este importante encuentro, nueve j\u00f3venes l\u00edderes representaron con orgullo a su territorio, consolidando su rol como agentes de cambio en el \u00e1mbito social y democr\u00e1tico. La delegaci\u00f3n estuvo liderada por la directora provincial. Jhomayra Segovia, quien desempe\u00f1\u00f3 un papel clave en el acompa\u00f1amiento y orientaci\u00f3n del proceso formativo, promoviendo el fortalecimiento de la participaci\u00f3n juvenil y el compromiso ciudadano en la construcci\u00f3n de una sociedad m\u00e1s inclusiva y democr\u00e1tica. El evento reuni\u00f3 a delegaciones de 18 pa\u00edses, posicion\u00e1ndose como un espacio de alto nivel para el aprendizaje, el intercambio cultural y la generaci\u00f3n de propuestas colectivas orientadas al fortalecimiento del liderazgo juvenil en contextos internacionales. Durante las jornadas, los participantes formaron parte de conferencias magistrales, paneles de discusi\u00f3n y mesas de trabajo, donde compartieron experiencias, visiones y propuestas surgidas desde sus realidades locales. Los j\u00f3venes zamoranos destacaron por su activa participaci\u00f3n, llevando consigo no solo su voz, sino tambi\u00e9n su identidad cultural y el profundo sentido de pertenencia hacia su provincia. Sus intervenciones reflejaron propuestas y reflexiones construidas desde el territorio, evidenciando la capacidad de la juventud para incidir en procesos democr\u00e1ticos y sociales. La cumbre cont\u00f3 con la participaci\u00f3n de reconocidos ponentes como Andr\u00e9 Granda, Nicole Bonifaz, Jhonatan Gruezo, Johana Berm\u00fadez, Antonio Sol\u00e1 y Rosal\u00eda Arteaga, quienes compartieron sus conocimientos y experiencias, inspirando a las nuevas generaciones a asumir un rol activo en la vida p\u00fablica. M\u00e1s all\u00e1 del componente acad\u00e9mico, la experiencia dej\u00f3 importantes resultados en el \u00e1mbito humano y social, como la consolidaci\u00f3n de redes de colaboraci\u00f3n, el establecimiento de v\u00ednculos interculturales y el fortalecimiento de una visi\u00f3n compartida orientada al desarrollo sostenible y democr\u00e1tico. La convivencia entre j\u00f3venes de distintas nacionalidades reafirm\u00f3 que la articulaci\u00f3n de esfuerzos y el di\u00e1logo intercultural son fundamentales para generar transformaciones reales y duraderas.<\/p>\n","protected":false},"author":1,"featured_media":31145,"comment_status":"closed","ping_status":"closed","sticky":false,"template":"","format":"standard","meta":{"footnotes":""},"categories":[243],"tags":[],"class_list":["post-31144","post","type-post","status-publish","format-standard","has-post-thumbnail","hentry","category-noticias-zamora"],"_links":{"self":[{"href":"https:\/\/www.elamazonico.com\/portal\/wp-json\/wp\/v2\/posts\/31144","targetHints":{"allow":["GET"]}}],"collection":[{"href":"https:\/\/www.elamazonico.com\/portal\/wp-json\/wp\/v2\/posts"}],"about":[{"href":"https:\/\/www.elamazonico.com\/portal\/wp-json\/wp\/v2\/types\/post"}],"author":[{"embeddable":true,"href":"https:\/\/www.elamazonico.com\/portal\/wp-json\/wp\/v2\/users\/1"}],"replies":[{"embeddable":true,"href":"https:\/\/www.elamazonico.com\/portal\/wp-json\/wp\/v2\/comments?post=31144"}],"version-history":[{"count":1,"href":"https:\/\/www.elamazonico.com\/portal\/wp-json\/wp\/v2\/posts\/31144\/revisions"}],"predecessor-version":[{"id":31146,"href":"https:\/\/www.elamazonico.com\/portal\/wp-json\/wp\/v2\/posts\/31144\/revisions\/31146"}],"wp:featuredmedia":[{"embeddable":true,"href":"https:\/\/www.elamazonico.com\/portal\/wp-json\/wp\/v2\/media\/31145"}],"wp:attachment":[{"href":"https:\/\/www.elamazonico.com\/portal\/wp-json\/wp\/v2\/media?parent=31144"}],"wp:term":[{"taxonomy":"category","embeddable":true,"href":"https:\/\/www.elamazonico.com\/portal\/wp-json\/wp\/v2\/categories?post=31144"},{"taxonomy":"post_tag","embeddable":true,"href":"https:\/\/www.elamazonico.com\/portal\/wp-json\/wp\/v2\/tags?post=31144"}],"curies":[{"name":"wp","href":"https:\/\/api.w.org\/{rel}","templated":true}]}}