{"id":31133,"date":"2026-04-28T12:06:16","date_gmt":"2026-04-28T17:06:16","guid":{"rendered":"https:\/\/www.elamazonico.com\/portal\/?p=31133"},"modified":"2026-04-28T12:06:16","modified_gmt":"2026-04-28T17:06:16","slug":"gobierno-allana-oficinas-de-cnel-en-varias-provincias-del-pais-john-reimberg-y-daniel-noboa-lideran-operativo","status":"publish","type":"post","link":"https:\/\/www.elamazonico.com\/portal\/gobierno-allana-oficinas-de-cnel-en-varias-provincias-del-pais-john-reimberg-y-daniel-noboa-lideran-operativo\/","title":{"rendered":"Gobierno allana oficinas de CNEL en varias provincias del pa\u00eds: John Reimberg y Daniel Noboa lideran operativo"},"content":{"rendered":"<p class=\"p_0\">El ministro del Interior,\u00a0<b>John Reimberg<\/b>, inform\u00f3 este martes 28 de abril de 2026 sobre un operativo de\u00a0<b>allanamiento<\/b>\u00a0a oficinas de la\u00a0<b><a href=\"https:\/\/www.vistazo.com\/actualidad\/nacional\/2026-04-12-cnel-atribuye-cortes-luz-en-guayaquil-samborondon-daule-a-sobrecarga-ola-de-calor-FM10858379\">Corporaci\u00f3n Nacional de Electricidad\u00a0<\/a><\/b>(CNEL) en varias provincias del pa\u00eds.<\/p>\n<p class=\"p_2\">A trav\u00e9s de su cuenta en la red social X, el funcionario anunci\u00f3 la intervenci\u00f3n pasadas las 10:40 y comparti\u00f3 im\u00e1genes del operativo, en las que aparece junto al presidente de la Rep\u00fablica,\u00a0<b>Daniel Noboa<\/b>.<\/p>\n<p class=\"p_3\">En las fotograf\u00edas difundidas se observa un amplio\u00a0<b>despliegue<\/b>\u00a0de efectivos de la\u00a0<b>Polic\u00eda Nacional<\/b>\u00a0y de las\u00a0<b>Fuerzas Armadas<\/b>.<\/p>\n<div>\n<div class=\"trv-player-container\">\n<div class=\"trv-wrapper\">\n<div id=\"br_video_player_3b2088ac9367efcdcc710a57f46b525a7a4d6079\" class=\"trvd_video_player trvdfloater trv-right\">\n<div class=\"media-player\">\n<div class=\"trv-video\">\n<div id=\"truvid_ima_container97006\" class=\"truvid_ima_container trv-ima-container-hidden\">\n<div><b>\u00abOperaci\u00f3n en desarrollo\u00bb<\/b>, escribi\u00f3 Reimberg en su publicaci\u00f3n, sin ofrecer, por el momento, mayores detalles sobre las causas del operativo ni el n\u00famero de oficinas intervenidas. <strong>Fuente: Vistazo<\/strong><\/div>\n<\/div>\n<\/div>\n<\/div>\n<\/div>\n<\/div>\n<\/div>\n<\/div>\n<p class=\"p_5\"><i><b>Noticia en desarrollo<\/b><\/i><\/p>\n","protected":false},"excerpt":{"rendered":"<p>El ministro del Interior,\u00a0John Reimberg, inform\u00f3 este martes 28 de abril de 2026 sobre un operativo de\u00a0allanamiento\u00a0a oficinas de la\u00a0Corporaci\u00f3n Nacional de Electricidad\u00a0(CNEL) en varias provincias del pa\u00eds. A trav\u00e9s de su cuenta en la red social X, el funcionario anunci\u00f3 la intervenci\u00f3n pasadas las 10:40 y comparti\u00f3 im\u00e1genes del operativo, en las que aparece junto al presidente de la Rep\u00fablica,\u00a0Daniel Noboa. En las fotograf\u00edas difundidas se observa un amplio\u00a0despliegue\u00a0de efectivos de la\u00a0Polic\u00eda Nacional\u00a0y de las\u00a0Fuerzas Armadas. \u00abOperaci\u00f3n en desarrollo\u00bb, escribi\u00f3 Reimberg en su publicaci\u00f3n, sin ofrecer, por el momento, mayores detalles sobre las causas del operativo ni el n\u00famero de oficinas intervenidas. Fuente: Vistazo Noticia en desarrollo<\/p>\n","protected":false},"author":1,"featured_media":31134,"comment_status":"closed","ping_status":"closed","sticky":false,"template":"","format":"standard","meta":{"footnotes":""},"categories":[268],"tags":[],"class_list":["post-31133","post","type-post","status-publish","format-standard","has-post-thumbnail","hentry","category-nacionales"],"_links":{"self":[{"href":"https:\/\/www.elamazonico.com\/portal\/wp-json\/wp\/v2\/posts\/31133","targetHints":{"allow":["GET"]}}],"collection":[{"href":"https:\/\/www.elamazonico.com\/portal\/wp-json\/wp\/v2\/posts"}],"about":[{"href":"https:\/\/www.elamazonico.com\/portal\/wp-json\/wp\/v2\/types\/post"}],"author":[{"embeddable":true,"href":"https:\/\/www.elamazonico.com\/portal\/wp-json\/wp\/v2\/users\/1"}],"replies":[{"embeddable":true,"href":"https:\/\/www.elamazonico.com\/portal\/wp-json\/wp\/v2\/comments?post=31133"}],"version-history":[{"count":1,"href":"https:\/\/www.elamazonico.com\/portal\/wp-json\/wp\/v2\/posts\/31133\/revisions"}],"predecessor-version":[{"id":31135,"href":"https:\/\/www.elamazonico.com\/portal\/wp-json\/wp\/v2\/posts\/31133\/revisions\/31135"}],"wp:featuredmedia":[{"embeddable":true,"href":"https:\/\/www.elamazonico.com\/portal\/wp-json\/wp\/v2\/media\/31134"}],"wp:attachment":[{"href":"https:\/\/www.elamazonico.com\/portal\/wp-json\/wp\/v2\/media?parent=31133"}],"wp:term":[{"taxonomy":"category","embeddable":true,"href":"https:\/\/www.elamazonico.com\/portal\/wp-json\/wp\/v2\/categories?post=31133"},{"taxonomy":"post_tag","embeddable":true,"href":"https:\/\/www.elamazonico.com\/portal\/wp-json\/wp\/v2\/tags?post=31133"}],"curies":[{"name":"wp","href":"https:\/\/api.w.org\/{rel}","templated":true}]}}