{"id":31117,"date":"2026-04-27T17:03:51","date_gmt":"2026-04-27T22:03:51","guid":{"rendered":"https:\/\/www.elamazonico.com\/portal\/?p=31117"},"modified":"2026-04-27T17:03:55","modified_gmt":"2026-04-27T22:03:55","slug":"la-furia-de-los-pueblos-no-se-proscribe","status":"publish","type":"post","link":"https:\/\/www.elamazonico.com\/portal\/la-furia-de-los-pueblos-no-se-proscribe\/","title":{"rendered":"La furia de los pueblos no se proscribe"},"content":{"rendered":"<p><strong>Por: Lic. Alonzo Cueva Rojas<\/strong><\/p>\n<p>Esa coraza que exhiben no es fuerza, es el terror paralizante de la oligarqu\u00eda. Golpean porque est\u00e1n aterrorizados; tienen p\u00e1nico de que el pueblo organizado les arranque de cuajo los privilegios que usurpan desde la colonia. Cuando el p\u00e1nico les atrapa el alma, se arrancan la careta democr\u00e1tica y muestran su verdadero rostro: la ilegalizaci\u00f3n, la persecuci\u00f3n, la proscripci\u00f3n, la c\u00e1rcel, el asesinato.<\/p>\n<p>Hace 12 a\u00f1os, en el 2014, un CNE de lacayos, sirvientes de un gobierno que blasfem\u00f3 la palabra revoluci\u00f3n, asesin\u00f3 al MPD a sangre fr\u00eda. Fue un fusilamiento pol\u00edtico, y cuatro a\u00f1os despu\u00e9s, en el 2018, tuvieron que tragarse su infamia cuando se nos devolvi\u00f3 la vida jur\u00eddica del partido, s\u00ed, pero el crimen ya estaba perpetrado.<\/p>\n<p>\u00bfNos desaparecieron? \u00a1NO, CARAJO! De las cenizas del MPD emergi\u00f3 la Unidad Popular. Su bala nos hizo organizaci\u00f3n, su represi\u00f3n nos convirti\u00f3 en trinchera.<\/p>\n<p>\u00a1Y hoy repiten la canallada! Atamaint y Merino, sicarios de la democracia a sueldo del Estado, firman por orden de Noboa la muerte civil de la Unidad Popular. Lo hacen con expedientes falsos, con el debido proceso hecho a\u00f1icos. \u00a1Esto es dictadura con membrete! Cuando el \u00e1rbitro agarra el fusil del amo, la democracia ya est\u00e1 muerta.<\/p>\n<p>Pero \u00f3iganlo bien, oligarcas: no nos van a enterrar con un oficio trucho de escritorio. Unidad Popular est\u00e1 en la calle, en el est\u00f3mago vac\u00edo, en la rabia del obrero, en el pu\u00f1o de la mujer que ya no aguanta m\u00e1s.<\/p>\n<p>Por eso tiemblan. Porque aqu\u00ed seguimos de pie, organizados, y afilando la lucha.<\/p>\n<p>\u00a1El miedo es de ustedes! \u00a1La calle es nuestra! \u00a1La historia es nuestra! \u00a1Y la victoria tambi\u00e9n ser\u00e1 nuestra!<\/p>\n<p>&nbsp;<\/p>\n","protected":false},"excerpt":{"rendered":"<p>Por: Lic. Alonzo Cueva Rojas Esa coraza que exhiben no es fuerza, es el terror paralizante de la oligarqu\u00eda. Golpean porque est\u00e1n aterrorizados; tienen p\u00e1nico de que el pueblo organizado les arranque de cuajo los privilegios que usurpan desde la colonia. Cuando el p\u00e1nico les atrapa el alma, se arrancan la careta democr\u00e1tica y muestran su verdadero rostro: la ilegalizaci\u00f3n, la persecuci\u00f3n, la proscripci\u00f3n, la c\u00e1rcel, el asesinato. Hace 12 a\u00f1os, en el 2014, un CNE de lacayos, sirvientes de un gobierno que blasfem\u00f3 la palabra revoluci\u00f3n, asesin\u00f3 al MPD a sangre fr\u00eda. Fue un fusilamiento pol\u00edtico, y cuatro a\u00f1os despu\u00e9s, en el 2018, tuvieron que tragarse su infamia cuando se nos devolvi\u00f3 la vida jur\u00eddica del partido, s\u00ed, pero el crimen ya estaba perpetrado. \u00bfNos desaparecieron? \u00a1NO, CARAJO! De las cenizas del MPD emergi\u00f3 la Unidad Popular. Su bala nos hizo organizaci\u00f3n, su represi\u00f3n nos convirti\u00f3 en trinchera. \u00a1Y hoy repiten la canallada! Atamaint y Merino, sicarios de la democracia a sueldo del Estado, firman por orden de Noboa la muerte civil de la Unidad Popular. Lo hacen con expedientes falsos, con el debido proceso hecho a\u00f1icos. \u00a1Esto es dictadura con membrete! Cuando el \u00e1rbitro agarra el fusil del amo, la democracia ya est\u00e1 muerta. Pero \u00f3iganlo bien, oligarcas: no nos van a enterrar con un oficio trucho de escritorio. Unidad Popular est\u00e1 en la calle, en el est\u00f3mago vac\u00edo, en la rabia del obrero, en el pu\u00f1o de la mujer que ya no aguanta m\u00e1s. Por eso tiemblan. Porque aqu\u00ed seguimos de pie, organizados, y afilando la lucha. \u00a1El miedo es de ustedes! \u00a1La calle es nuestra! \u00a1La historia es nuestra! \u00a1Y la victoria tambi\u00e9n ser\u00e1 nuestra! &nbsp;<\/p>\n","protected":false},"author":1,"featured_media":31118,"comment_status":"closed","ping_status":"closed","sticky":false,"template":"","format":"standard","meta":{"footnotes":""},"categories":[243],"tags":[],"class_list":["post-31117","post","type-post","status-publish","format-standard","has-post-thumbnail","hentry","category-noticias-zamora"],"_links":{"self":[{"href":"https:\/\/www.elamazonico.com\/portal\/wp-json\/wp\/v2\/posts\/31117","targetHints":{"allow":["GET"]}}],"collection":[{"href":"https:\/\/www.elamazonico.com\/portal\/wp-json\/wp\/v2\/posts"}],"about":[{"href":"https:\/\/www.elamazonico.com\/portal\/wp-json\/wp\/v2\/types\/post"}],"author":[{"embeddable":true,"href":"https:\/\/www.elamazonico.com\/portal\/wp-json\/wp\/v2\/users\/1"}],"replies":[{"embeddable":true,"href":"https:\/\/www.elamazonico.com\/portal\/wp-json\/wp\/v2\/comments?post=31117"}],"version-history":[{"count":1,"href":"https:\/\/www.elamazonico.com\/portal\/wp-json\/wp\/v2\/posts\/31117\/revisions"}],"predecessor-version":[{"id":31119,"href":"https:\/\/www.elamazonico.com\/portal\/wp-json\/wp\/v2\/posts\/31117\/revisions\/31119"}],"wp:featuredmedia":[{"embeddable":true,"href":"https:\/\/www.elamazonico.com\/portal\/wp-json\/wp\/v2\/media\/31118"}],"wp:attachment":[{"href":"https:\/\/www.elamazonico.com\/portal\/wp-json\/wp\/v2\/media?parent=31117"}],"wp:term":[{"taxonomy":"category","embeddable":true,"href":"https:\/\/www.elamazonico.com\/portal\/wp-json\/wp\/v2\/categories?post=31117"},{"taxonomy":"post_tag","embeddable":true,"href":"https:\/\/www.elamazonico.com\/portal\/wp-json\/wp\/v2\/tags?post=31117"}],"curies":[{"name":"wp","href":"https:\/\/api.w.org\/{rel}","templated":true}]}}