{"id":31114,"date":"2026-04-27T16:37:10","date_gmt":"2026-04-27T21:37:10","guid":{"rendered":"https:\/\/www.elamazonico.com\/portal\/?p=31114"},"modified":"2026-04-27T16:37:10","modified_gmt":"2026-04-27T21:37:10","slug":"petro-responde-a-reportaje-sobre-su-visita-a-manta-y-niega-vinculos-con-fito","status":"publish","type":"post","link":"https:\/\/www.elamazonico.com\/portal\/petro-responde-a-reportaje-sobre-su-visita-a-manta-y-niega-vinculos-con-fito\/","title":{"rendered":"Petro responde a reportaje sobre su visita a Manta y niega v\u00ednculos con \u2018Fito\u2019"},"content":{"rendered":"<div class=\"paragraph texto\">\n<p class=\"p_0\"><b>El presidente de Colombia,\u00a0<a href=\"https:\/\/www.vistazo.com\/metadatos\/-\/meta\/gustavo-petro\">Gustavo Petro<\/a>, reaccion\u00f3 este lunes a un reportaje publicado por Revista Vistazo sobre su controvertida visita a la ciudad de Manta en mayo de 2025, en el marco de la posesi\u00f3n presidencial de Daniel Noboa.<\/b><\/p>\n<p class=\"p_2\">La investigaci\u00f3n detalla una permanencia de 72 horas del mandatario colombiano en la\u00a0<b>residencia privada \u2018Marine Blue\u2019<\/b>, en un contexto marcado por la<b>\u00a0b\u00fasqueda de Jos\u00e9 Adolfo Mac\u00edas Villama<\/b>r, entonces pr\u00f3fugo y l\u00edder de la organizaci\u00f3n criminal Los Choneros.<\/p>\n<p class=\"p_3\">Seg\u00fan informes de inteligencia citados en la investigaci\u00f3n, durante la estancia se registraron\u00a0<b>movimientos constantes de veh\u00edculos con vidrios polarizados<\/b>, lo que imped\u00eda identificar a sus ocupantes. Adem\u00e1s, se menciona que<b>\u00a0Petro habr\u00eda estado acompa\u00f1ado por personas ajenas a su equipo oficial de seguridad.<\/b><\/p>\n<div class=\"Center2Display\">\n<div id=\"Center2\" data-google-query-id=\"CK2PlLH-jpQDFcGggwgdhzEnbw\">\n<div id=\"google_ads_iframe_\/21839199781\/Vistazo\/Vistazo_Center2_0__container__\">En respuesta, el mandatario colombiano rechaz\u00f3 las versiones, a las que calific\u00f3 falsas, e insisti\u00f3 en<b>\u00a0que su visita tuvo un car\u00e1cter estrictamente oficial<\/b>, con el acompa\u00f1amiento de su esquema de seguridad y coordinaci\u00f3n con fuerzas ecuatorianas.<\/div>\n<\/div>\n<\/div>\n<p class=\"p_5\">A trav\u00e9s de su cuenta en X, Petro afirm\u00f3 que<b>\u00a0aprovech\u00f3 su estancia en Manta para avanzar en la escritura de un libro<\/b>\u00a0sobre la relaci\u00f3n entre la acumulaci\u00f3n de capital y la crisis clim\u00e1tica, del cual \u2014seg\u00fan dijo\u2014 redact\u00f3 unas 30 p\u00e1ginas.<\/p>\n<\/div>\n<div class=\"Citavistazo\">\u201cEl bandido Fito no es tan est\u00fapido de meterse en un cerco que ten\u00eda la Polic\u00eda y el Ej\u00e9rcito ecuatorianos alrededor del lugar donde yo estaba\u201d, se\u00f1al\u00f3, desestimando cualquier insinuaci\u00f3n de contacto con el cabecilla criminal.<\/div>\n<div class=\"paragraph texto\">\n<p class=\"p_6\">El reportaje period\u00edstico de la alianza entre Vistazo y C\u00f3digo Vidrio\u00a0<b>no mencion\u00f3 que hubieran existido reuniones con \u00abFito\u00bb<\/b>\u00a0durante la visita de Petro a Manta.<\/p>\n<p class=\"p_7\">El mandatario colombiano tambi\u00e9n anunci\u00f3 que su equipo de seguridad emitir\u00e1 un comunicado oficial para<b>\u00a0detallar los movimientos realizados durante su permanencia en Ecuador.<\/b><\/p>\n<\/div>\n<div class=\"Citavistazo\">\u00abMi escolta har\u00e1 un comunicado oficial firmado por el jefe de mi seguridad, el general (r) Guatibonza, describiendo con exactitud las maniobras que ellos mismos hicieron y que no fue sino llevarme la comida comprada en el pueblo de Manta y la persona que me ayuda en la escritura de mi libro, esa persona est\u00e1 lista a declarar bajo gravedad de juramento a la justicia que corresponda y demostrar que era la \u00fanica persona que me acompa\u00f1aba\u00bb, concluy\u00f3.<\/div>\n<h2 class=\"h2vistazo\">Contexto: \u2018Fito\u2019, pr\u00f3fugo y negociaciones fallidas<\/h2>\n<div class=\"paragraph texto\">\n<p class=\"p_8\">La visita de Petro coincidi\u00f3 con un<b>\u00a0momento cr\u00edtico en la b\u00fasqueda de alias \u2018Fito\u2019<\/b>, quien permaneci\u00f3 pr\u00f3fugo entre enero de 2024 y junio de 2025, tras escapar de prisi\u00f3n.<\/p>\n<p class=\"p_9\">Durante ese periodo,\u00a0<b>el l\u00edder de Los Choneros habr\u00eda buscado mecanismos de mediaci\u00f3n para entregarse<\/b>, incluso a trav\u00e9s de contactos indirectos con funcionarios y diplom\u00e1ticos colombianos.<\/p>\n<p class=\"p_11\">El reportaje recoge<b>\u00a0intercambios y gestiones que apuntaban a una posible entrega negociada<\/b>, motivada por amenazas de grupos rivales como Los Lobos. Destacan acercamientos entre un \u00abnegociador de Fito\u00bb y el viceministro colombiano de Relaciones Multilaterales,\u00a0<b>Mauricio Jaramillo,<\/b>\u00a0a inicios de junio del a\u00f1o pasado.<\/p>\n<p class=\"p_12\">Fuentes cercanas al fallido intento de negociaci\u00f3n con autoridades colombianas mencionan que<b>\u00a0\u2018Fito\u2019 buscaba salir a una c\u00e1rcel de Estados Unidos<\/b>, evitar ir a El Salvador, que su familia recibiera protecci\u00f3n e identidad nueva en un tercer pa\u00eds.<\/p>\n<p class=\"p_13\">Finalmente,\u00a0<b>\u2018Fito\u2019 fue detenido en un b\u00fanker en la localidad de Montecristi<\/b>, en la provincia de Manab\u00ed, el 25 de junio de 2025. Poco despu\u00e9s fue extraditado hacia dicha naci\u00f3n norteamericana.<\/p>\n<\/div>\n<h2 class=\"h2vistazo\">Escalada pol\u00edtica y acusaciones cruzadas<\/h2>\n<div class=\"paragraph texto\">\n<p class=\"p_14\">La pol\u00e9mica se produce en medio de un\u00a0<b>clima de tensi\u00f3n pol\u00edtica entre ambos gobiernos.<\/b>\u00a0El pasado 19 de abril de 2026, Petro anunci\u00f3 que demandar\u00eda penalmente a Noboa por supuesta calumnia, tras acusaciones sobre presuntos v\u00ednculos con actores del narcotr\u00e1fico.<\/p>\n<p class=\"p_16\">En su pronunciamiento, e<b>l mandatario colombiano tambi\u00e9n cuestion\u00f3 decisiones del Gobierno ecuatoriano respecto a la oposici\u00f3n pol\u00edtica<\/b>\u00a0y volvi\u00f3 a condenar el encarcelamiento por varios casos de corrupci\u00f3n del expresidente ecuatoriano Jorge Glas, quien se halla en la C\u00e1rcel del Encuentro, la prisi\u00f3n de m\u00e1xima seguridad inaugurada por Noboa el a\u00f1o pasado en la provincia de Santa Elena.<\/p>\n<\/div>\n","protected":false},"excerpt":{"rendered":"<p>El presidente de Colombia,\u00a0Gustavo Petro, reaccion\u00f3 este lunes a un reportaje publicado por Revista Vistazo sobre su controvertida visita a la ciudad de Manta en mayo de 2025, en el marco de la posesi\u00f3n presidencial de Daniel Noboa. La investigaci\u00f3n detalla una permanencia de 72 horas del mandatario colombiano en la\u00a0residencia privada \u2018Marine Blue\u2019, en un contexto marcado por la\u00a0b\u00fasqueda de Jos\u00e9 Adolfo Mac\u00edas Villamar, entonces pr\u00f3fugo y l\u00edder de la organizaci\u00f3n criminal Los Choneros. Seg\u00fan informes de inteligencia citados en la investigaci\u00f3n, durante la estancia se registraron\u00a0movimientos constantes de veh\u00edculos con vidrios polarizados, lo que imped\u00eda identificar a sus ocupantes. Adem\u00e1s, se menciona que\u00a0Petro habr\u00eda estado acompa\u00f1ado por personas ajenas a su equipo oficial de seguridad. En respuesta, el mandatario colombiano rechaz\u00f3 las versiones, a las que calific\u00f3 falsas, e insisti\u00f3 en\u00a0que su visita tuvo un car\u00e1cter estrictamente oficial, con el acompa\u00f1amiento de su esquema de seguridad y coordinaci\u00f3n con fuerzas ecuatorianas. A trav\u00e9s de su cuenta en X, Petro afirm\u00f3 que\u00a0aprovech\u00f3 su estancia en Manta para avanzar en la escritura de un libro\u00a0sobre la relaci\u00f3n entre la acumulaci\u00f3n de capital y la crisis clim\u00e1tica, del cual \u2014seg\u00fan dijo\u2014 redact\u00f3 unas 30 p\u00e1ginas. \u201cEl bandido Fito no es tan est\u00fapido de meterse en un cerco que ten\u00eda la Polic\u00eda y el Ej\u00e9rcito ecuatorianos alrededor del lugar donde yo estaba\u201d, se\u00f1al\u00f3, desestimando cualquier insinuaci\u00f3n de contacto con el cabecilla criminal. El reportaje period\u00edstico de la alianza entre Vistazo y C\u00f3digo Vidrio\u00a0no mencion\u00f3 que hubieran existido reuniones con \u00abFito\u00bb\u00a0durante la visita de Petro a Manta. El mandatario colombiano tambi\u00e9n anunci\u00f3 que su equipo de seguridad emitir\u00e1 un comunicado oficial para\u00a0detallar los movimientos realizados durante su permanencia en Ecuador. \u00abMi escolta har\u00e1 un comunicado oficial firmado por el jefe de mi seguridad, el general (r) Guatibonza, describiendo con exactitud las maniobras que ellos mismos hicieron y que no fue sino llevarme la comida comprada en el pueblo de Manta y la persona que me ayuda en la escritura de mi libro, esa persona est\u00e1 lista a declarar bajo gravedad de juramento a la justicia que corresponda y demostrar que era la \u00fanica persona que me acompa\u00f1aba\u00bb, concluy\u00f3. Contexto: \u2018Fito\u2019, pr\u00f3fugo y negociaciones fallidas La visita de Petro coincidi\u00f3 con un\u00a0momento cr\u00edtico en la b\u00fasqueda de alias \u2018Fito\u2019, quien permaneci\u00f3 pr\u00f3fugo entre enero de 2024 y junio de 2025, tras escapar de prisi\u00f3n. Durante ese periodo,\u00a0el l\u00edder de Los Choneros habr\u00eda buscado mecanismos de mediaci\u00f3n para entregarse, incluso a trav\u00e9s de contactos indirectos con funcionarios y diplom\u00e1ticos colombianos. El reportaje recoge\u00a0intercambios y gestiones que apuntaban a una posible entrega negociada, motivada por amenazas de grupos rivales como Los Lobos. Destacan acercamientos entre un \u00abnegociador de Fito\u00bb y el viceministro colombiano de Relaciones Multilaterales,\u00a0Mauricio Jaramillo,\u00a0a inicios de junio del a\u00f1o pasado. Fuentes cercanas al fallido intento de negociaci\u00f3n con autoridades colombianas mencionan que\u00a0\u2018Fito\u2019 buscaba salir a una c\u00e1rcel de Estados Unidos, evitar ir a El Salvador, que su familia recibiera protecci\u00f3n e identidad nueva en un tercer pa\u00eds. Finalmente,\u00a0\u2018Fito\u2019 fue detenido en un b\u00fanker en la localidad de Montecristi, en la provincia de Manab\u00ed, el 25 de junio de 2025. Poco despu\u00e9s fue extraditado hacia dicha naci\u00f3n norteamericana. Escalada pol\u00edtica y acusaciones cruzadas La pol\u00e9mica se produce en medio de un\u00a0clima de tensi\u00f3n pol\u00edtica entre ambos gobiernos.\u00a0El pasado 19 de abril de 2026, Petro anunci\u00f3 que demandar\u00eda penalmente a Noboa por supuesta calumnia, tras acusaciones sobre presuntos v\u00ednculos con actores del narcotr\u00e1fico. En su pronunciamiento, el mandatario colombiano tambi\u00e9n cuestion\u00f3 decisiones del Gobierno ecuatoriano respecto a la oposici\u00f3n pol\u00edtica\u00a0y volvi\u00f3 a condenar el encarcelamiento por varios casos de corrupci\u00f3n del expresidente ecuatoriano Jorge Glas, quien se halla en la C\u00e1rcel del Encuentro, la prisi\u00f3n de m\u00e1xima seguridad inaugurada por Noboa el a\u00f1o pasado en la provincia de Santa Elena.<\/p>\n","protected":false},"author":1,"featured_media":31115,"comment_status":"closed","ping_status":"closed","sticky":false,"template":"","format":"standard","meta":{"footnotes":""},"categories":[5],"tags":[],"class_list":["post-31114","post","type-post","status-publish","format-standard","has-post-thumbnail","hentry","category-internacionales"],"_links":{"self":[{"href":"https:\/\/www.elamazonico.com\/portal\/wp-json\/wp\/v2\/posts\/31114","targetHints":{"allow":["GET"]}}],"collection":[{"href":"https:\/\/www.elamazonico.com\/portal\/wp-json\/wp\/v2\/posts"}],"about":[{"href":"https:\/\/www.elamazonico.com\/portal\/wp-json\/wp\/v2\/types\/post"}],"author":[{"embeddable":true,"href":"https:\/\/www.elamazonico.com\/portal\/wp-json\/wp\/v2\/users\/1"}],"replies":[{"embeddable":true,"href":"https:\/\/www.elamazonico.com\/portal\/wp-json\/wp\/v2\/comments?post=31114"}],"version-history":[{"count":1,"href":"https:\/\/www.elamazonico.com\/portal\/wp-json\/wp\/v2\/posts\/31114\/revisions"}],"predecessor-version":[{"id":31116,"href":"https:\/\/www.elamazonico.com\/portal\/wp-json\/wp\/v2\/posts\/31114\/revisions\/31116"}],"wp:featuredmedia":[{"embeddable":true,"href":"https:\/\/www.elamazonico.com\/portal\/wp-json\/wp\/v2\/media\/31115"}],"wp:attachment":[{"href":"https:\/\/www.elamazonico.com\/portal\/wp-json\/wp\/v2\/media?parent=31114"}],"wp:term":[{"taxonomy":"category","embeddable":true,"href":"https:\/\/www.elamazonico.com\/portal\/wp-json\/wp\/v2\/categories?post=31114"},{"taxonomy":"post_tag","embeddable":true,"href":"https:\/\/www.elamazonico.com\/portal\/wp-json\/wp\/v2\/tags?post=31114"}],"curies":[{"name":"wp","href":"https:\/\/api.w.org\/{rel}","templated":true}]}}