{"id":31111,"date":"2026-04-27T16:12:07","date_gmt":"2026-04-27T21:12:07","guid":{"rendered":"https:\/\/www.elamazonico.com\/portal\/?p=31111"},"modified":"2026-04-27T16:12:07","modified_gmt":"2026-04-27T21:12:07","slug":"san-juan-de-pozul-fortalece-su-sistema-hidrico-con-la-ejecucion-del-plan-maestro-de-agua-potable","status":"publish","type":"post","link":"https:\/\/www.elamazonico.com\/portal\/san-juan-de-pozul-fortalece-su-sistema-hidrico-con-la-ejecucion-del-plan-maestro-de-agua-potable\/","title":{"rendered":"San Juan de P\u00f3zul fortalece su sistema h\u00eddrico con la ejecuci\u00f3n del Plan Maestro de Agua Potable"},"content":{"rendered":"<p>Los habitantes de la cabecera parroquial de San Juan de P\u00f3zul, perteneciente al cant\u00f3n Celica, se beneficiaron con la ejecuci\u00f3n del Plan Maestro de Agua Potable, una obra de infraestructura b\u00e1sica orientada a mejorar las condiciones de vida y garantizar el acceso a servicios esenciales en esta localidad.<\/p>\n<p>El proyecto fue ejecutado por el Gobierno Nacional, a trav\u00e9s del financiamiento del Banco de Desarrollo del Ecuador, con una inversi\u00f3n de USD 338.052,88. Esta intervenci\u00f3n benefici\u00f3 de manera directa a 1.664 habitantes, quienes ahora cuentan con un sistema de abastecimiento de agua potable m\u00e1s eficiente y seguro.<\/p>\n<p>La obra contempl\u00f3 la implementaci\u00f3n de nueva infraestructura destinada a optimizar la captaci\u00f3n, conducci\u00f3n y distribuci\u00f3n del recurso h\u00eddrico, contribuyendo as\u00ed al fortalecimiento de la salud p\u00fablica y al desarrollo sostenible de la parroquia.<\/p>\n<p>La inauguraci\u00f3n oficial se llev\u00f3 a cabo en las instalaciones del sistema, con la presencia de autoridades del Ejecutivo, representantes de los gobiernos seccionales y usuarios beneficiarios, quienes destacaron la importancia de esta intervenci\u00f3n para el bienestar comunitario.<\/p>\n<p>Este tipo de proyectos evidencia la articulaci\u00f3n interinstitucional en la ejecuci\u00f3n de obras prioritarias para sectores rurales, donde el acceso a servicios b\u00e1sicos constituye un eje fundamental para el desarrollo territorial y la mejora de la calidad de vida de la poblaci\u00f3n.<\/p>\n","protected":false},"excerpt":{"rendered":"<p>Los habitantes de la cabecera parroquial de San Juan de P\u00f3zul, perteneciente al cant\u00f3n Celica, se beneficiaron con la ejecuci\u00f3n del Plan Maestro de Agua Potable, una obra de infraestructura b\u00e1sica orientada a mejorar las condiciones de vida y garantizar el acceso a servicios esenciales en esta localidad. El proyecto fue ejecutado por el Gobierno Nacional, a trav\u00e9s del financiamiento del Banco de Desarrollo del Ecuador, con una inversi\u00f3n de USD 338.052,88. Esta intervenci\u00f3n benefici\u00f3 de manera directa a 1.664 habitantes, quienes ahora cuentan con un sistema de abastecimiento de agua potable m\u00e1s eficiente y seguro. La obra contempl\u00f3 la implementaci\u00f3n de nueva infraestructura destinada a optimizar la captaci\u00f3n, conducci\u00f3n y distribuci\u00f3n del recurso h\u00eddrico, contribuyendo as\u00ed al fortalecimiento de la salud p\u00fablica y al desarrollo sostenible de la parroquia. La inauguraci\u00f3n oficial se llev\u00f3 a cabo en las instalaciones del sistema, con la presencia de autoridades del Ejecutivo, representantes de los gobiernos seccionales y usuarios beneficiarios, quienes destacaron la importancia de esta intervenci\u00f3n para el bienestar comunitario. Este tipo de proyectos evidencia la articulaci\u00f3n interinstitucional en la ejecuci\u00f3n de obras prioritarias para sectores rurales, donde el acceso a servicios b\u00e1sicos constituye un eje fundamental para el desarrollo territorial y la mejora de la calidad de vida de la poblaci\u00f3n.<\/p>\n","protected":false},"author":1,"featured_media":31112,"comment_status":"closed","ping_status":"closed","sticky":false,"template":"","format":"standard","meta":{"footnotes":""},"categories":[284],"tags":[],"class_list":["post-31111","post","type-post","status-publish","format-standard","has-post-thumbnail","hentry","category-noticias-loja"],"_links":{"self":[{"href":"https:\/\/www.elamazonico.com\/portal\/wp-json\/wp\/v2\/posts\/31111","targetHints":{"allow":["GET"]}}],"collection":[{"href":"https:\/\/www.elamazonico.com\/portal\/wp-json\/wp\/v2\/posts"}],"about":[{"href":"https:\/\/www.elamazonico.com\/portal\/wp-json\/wp\/v2\/types\/post"}],"author":[{"embeddable":true,"href":"https:\/\/www.elamazonico.com\/portal\/wp-json\/wp\/v2\/users\/1"}],"replies":[{"embeddable":true,"href":"https:\/\/www.elamazonico.com\/portal\/wp-json\/wp\/v2\/comments?post=31111"}],"version-history":[{"count":1,"href":"https:\/\/www.elamazonico.com\/portal\/wp-json\/wp\/v2\/posts\/31111\/revisions"}],"predecessor-version":[{"id":31113,"href":"https:\/\/www.elamazonico.com\/portal\/wp-json\/wp\/v2\/posts\/31111\/revisions\/31113"}],"wp:featuredmedia":[{"embeddable":true,"href":"https:\/\/www.elamazonico.com\/portal\/wp-json\/wp\/v2\/media\/31112"}],"wp:attachment":[{"href":"https:\/\/www.elamazonico.com\/portal\/wp-json\/wp\/v2\/media?parent=31111"}],"wp:term":[{"taxonomy":"category","embeddable":true,"href":"https:\/\/www.elamazonico.com\/portal\/wp-json\/wp\/v2\/categories?post=31111"},{"taxonomy":"post_tag","embeddable":true,"href":"https:\/\/www.elamazonico.com\/portal\/wp-json\/wp\/v2\/tags?post=31111"}],"curies":[{"name":"wp","href":"https:\/\/api.w.org\/{rel}","templated":true}]}}