{"id":31108,"date":"2026-04-28T04:15:00","date_gmt":"2026-04-28T09:15:00","guid":{"rendered":"https:\/\/www.elamazonico.com\/portal\/?p=31108"},"modified":"2026-04-27T16:10:29","modified_gmt":"2026-04-27T21:10:29","slug":"el-barrio-buena-esperanza-de-san-carlos-de-las-minas-se-viste-de-fiesta-fe-tradicion-y-alegria-en-honor-a-la-virgen-del-cisne","status":"publish","type":"post","link":"https:\/\/www.elamazonico.com\/portal\/el-barrio-buena-esperanza-de-san-carlos-de-las-minas-se-viste-de-fiesta-fe-tradicion-y-alegria-en-honor-a-la-virgen-del-cisne\/","title":{"rendered":"El barrio \u00a1Buena Esperanza de San Carlos de las Minas se viste de fiesta! Fe, tradici\u00f3n y alegr\u00eda en honor a la Virgen del Cisne"},"content":{"rendered":"<p data-start=\"1457\" data-end=\"1761\">La comunidad del barrio Buena Esperanza, parroquia San Carlos de las Minas, extiende una cordial invitaci\u00f3n a toda la ciudadan\u00eda a participar en las festividades religiosas, culturales y deportivas en honor a la Virgen del Cisne y la Santa Cruz, que se desarrollar\u00e1n del 30 de abril al 9 de mayo de 2026.<\/p>\n<p data-start=\"1763\" data-end=\"1999\">Durante estos d\u00edas se realizar\u00e1n m\u00faltiples actividades que integran la fe, la tradici\u00f3n y la convivencia comunitaria, incluyendo peregrinaciones, novenas, misa solemne, eventos culturales, juegos recreativos y presentaciones art\u00edsticas.<\/p>\n<p data-start=\"2001\" data-end=\"2125\">Como parte de la programaci\u00f3n deportiva del d\u00eda <strong data-start=\"2049\" data-end=\"2069\">s\u00e1bado 9 de mayo<\/strong>, se destaca un emocionante encuentro de v\u00f3ley femenino:<\/p>\n<p data-start=\"2127\" data-end=\"2157\"> <strong data-start=\"2130\" data-end=\"2155\">Gran partido de v\u00f3ley<\/strong><\/p>\n<ul data-start=\"2158\" data-end=\"2248\">\n<li data-section-id=\"tdpxbv\" data-start=\"2158\" data-end=\"2228\"><strong data-start=\"2160\" data-end=\"2172\">Equipos:<\/strong> Las Guerreras de Zamora vs Tercera Edad de San Carlos de las Minas<\/li>\n<li data-section-id=\"13fxasp\" data-start=\"2229\" data-end=\"2248\"><strong data-start=\"2231\" data-end=\"2240\">Hora:<\/strong> 15h30<\/li>\n<\/ul>\n<p data-start=\"2250\" data-end=\"2391\">Este encuentro promete ser uno de los momentos m\u00e1s atractivos de la jornada, fomentando el deporte, la integraci\u00f3n y el sano entretenimiento.<\/p>\n<p data-start=\"2393\" data-end=\"2544\">La organizaci\u00f3n invita a toda la comunidad local y visitantes a sumarse a estas festividades y disfrutar de un ambiente lleno de fe, cultura y alegr\u00eda.<\/p>\n<h3 data-section-id=\"zykg5\" data-start=\"808\" data-end=\"837\"><span role=\"text\">\u00a0\u00a0<\/span><strong><em>Programa del 8 y 9 de mayo\u00a0<\/em><\/strong><\/h3>\n<p data-start=\"839\" data-end=\"861\"><strong data-start=\"839\" data-end=\"861\">Viernes 08 de mayo<\/strong><\/p>\n<ul data-start=\"862\" data-end=\"1091\">\n<li data-section-id=\"1mlbsor\" data-start=\"862\" data-end=\"886\">16h00: Peregrinaci\u00f3n<\/li>\n<li data-section-id=\"1fckee1\" data-start=\"887\" data-end=\"921\">18h00: Noveno d\u00eda de la novena<\/li>\n<li data-section-id=\"1jk5xi0\" data-start=\"922\" data-end=\"949\">19h00: Misa de v\u00edsperas<\/li>\n<li data-section-id=\"4c3nt0\" data-start=\"950\" data-end=\"971\">20h00: Refrigerio<\/li>\n<li data-section-id=\"1u6fi8x\" data-start=\"972\" data-end=\"1040\">20h30: Noche cultural (quema de vaca loca y juegos artificiales)<\/li>\n<li data-section-id=\"148a94d\" data-start=\"1041\" data-end=\"1091\">21h00: Elecci\u00f3n de la Madre S\u00edmbolo y serenata<\/li>\n<\/ul>\n<p data-start=\"1093\" data-end=\"1114\"><strong data-start=\"1093\" data-end=\"1114\">S\u00e1bado 09 de mayo<\/strong><\/p>\n<ul data-start=\"1115\" data-end=\"1316\">\n<li data-section-id=\"bqnaf3\" data-start=\"1115\" data-end=\"1140\">05h00: Salva y dianas<\/li>\n<li data-section-id=\"18bhj33\" data-start=\"1141\" data-end=\"1164\">11h00: Misa solemne<\/li>\n<li data-section-id=\"e09yr7\" data-start=\"1165\" data-end=\"1181\">12h00: Bazar<\/li>\n<li data-section-id=\"1r4xc31\" data-start=\"1182\" data-end=\"1201\">12h30: Almuerzo<\/li>\n<li data-section-id=\"lwbvb3\" data-start=\"1202\" data-end=\"1238\">13h00 \u2013 17h00: Juegos deportivos<\/li>\n<li data-section-id=\"jhymge\" data-start=\"1239\" data-end=\"1258\">18h00: Merienda<\/li>\n<li data-section-id=\"48ect\" data-start=\"1259\" data-end=\"1282\">19h00: Premiaciones<\/li>\n<li data-section-id=\"1azd2yq\" data-start=\"1283\" data-end=\"1316\">21h00: Presentaci\u00f3n art\u00edstica<\/li>\n<\/ul>\n","protected":false},"excerpt":{"rendered":"<p>La comunidad del barrio Buena Esperanza, parroquia San Carlos de las Minas, extiende una cordial invitaci\u00f3n a toda la ciudadan\u00eda a participar en las festividades religiosas, culturales y deportivas en honor a la Virgen del Cisne y la Santa Cruz, que se desarrollar\u00e1n del 30 de abril al 9 de mayo de 2026. Durante estos d\u00edas se realizar\u00e1n m\u00faltiples actividades que integran la fe, la tradici\u00f3n y la convivencia comunitaria, incluyendo peregrinaciones, novenas, misa solemne, eventos culturales, juegos recreativos y presentaciones art\u00edsticas. Como parte de la programaci\u00f3n deportiva del d\u00eda s\u00e1bado 9 de mayo, se destaca un emocionante encuentro de v\u00f3ley femenino: Gran partido de v\u00f3ley Equipos: Las Guerreras de Zamora vs Tercera Edad de San Carlos de las Minas Hora: 15h30 Este encuentro promete ser uno de los momentos m\u00e1s atractivos de la jornada, fomentando el deporte, la integraci\u00f3n y el sano entretenimiento. La organizaci\u00f3n invita a toda la comunidad local y visitantes a sumarse a estas festividades y disfrutar de un ambiente lleno de fe, cultura y alegr\u00eda. \u00a0\u00a0Programa del 8 y 9 de mayo\u00a0 Viernes 08 de mayo 16h00: Peregrinaci\u00f3n 18h00: Noveno d\u00eda de la novena 19h00: Misa de v\u00edsperas 20h00: Refrigerio 20h30: Noche cultural (quema de vaca loca y juegos artificiales) 21h00: Elecci\u00f3n de la Madre S\u00edmbolo y serenata S\u00e1bado 09 de mayo 05h00: Salva y dianas 11h00: Misa solemne 12h00: Bazar 12h30: Almuerzo 13h00 \u2013 17h00: Juegos deportivos 18h00: Merienda 19h00: Premiaciones 21h00: Presentaci\u00f3n art\u00edstica<\/p>\n","protected":false},"author":1,"featured_media":31109,"comment_status":"closed","ping_status":"closed","sticky":false,"template":"","format":"standard","meta":{"footnotes":""},"categories":[243],"tags":[],"class_list":["post-31108","post","type-post","status-publish","format-standard","has-post-thumbnail","hentry","category-noticias-zamora"],"_links":{"self":[{"href":"https:\/\/www.elamazonico.com\/portal\/wp-json\/wp\/v2\/posts\/31108","targetHints":{"allow":["GET"]}}],"collection":[{"href":"https:\/\/www.elamazonico.com\/portal\/wp-json\/wp\/v2\/posts"}],"about":[{"href":"https:\/\/www.elamazonico.com\/portal\/wp-json\/wp\/v2\/types\/post"}],"author":[{"embeddable":true,"href":"https:\/\/www.elamazonico.com\/portal\/wp-json\/wp\/v2\/users\/1"}],"replies":[{"embeddable":true,"href":"https:\/\/www.elamazonico.com\/portal\/wp-json\/wp\/v2\/comments?post=31108"}],"version-history":[{"count":1,"href":"https:\/\/www.elamazonico.com\/portal\/wp-json\/wp\/v2\/posts\/31108\/revisions"}],"predecessor-version":[{"id":31110,"href":"https:\/\/www.elamazonico.com\/portal\/wp-json\/wp\/v2\/posts\/31108\/revisions\/31110"}],"wp:featuredmedia":[{"embeddable":true,"href":"https:\/\/www.elamazonico.com\/portal\/wp-json\/wp\/v2\/media\/31109"}],"wp:attachment":[{"href":"https:\/\/www.elamazonico.com\/portal\/wp-json\/wp\/v2\/media?parent=31108"}],"wp:term":[{"taxonomy":"category","embeddable":true,"href":"https:\/\/www.elamazonico.com\/portal\/wp-json\/wp\/v2\/categories?post=31108"},{"taxonomy":"post_tag","embeddable":true,"href":"https:\/\/www.elamazonico.com\/portal\/wp-json\/wp\/v2\/tags?post=31108"}],"curies":[{"name":"wp","href":"https:\/\/api.w.org\/{rel}","templated":true}]}}