{"id":31103,"date":"2026-04-27T14:53:54","date_gmt":"2026-04-27T19:53:54","guid":{"rendered":"https:\/\/www.elamazonico.com\/portal\/?p=31103"},"modified":"2026-04-27T14:53:54","modified_gmt":"2026-04-27T19:53:54","slug":"jaime-bernabe-erazo-es-designado-oficialmente-como-ministro-de-salud","status":"publish","type":"post","link":"https:\/\/www.elamazonico.com\/portal\/jaime-bernabe-erazo-es-designado-oficialmente-como-ministro-de-salud\/","title":{"rendered":"Jaime Bernab\u00e9 Erazo es designado oficialmente como ministro de Salud"},"content":{"rendered":"<div class=\"paragraph texto\">\n<p class=\"p_0\">El presidente de la Rep\u00fablica,\u00a0<b><a href=\"https:\/\/www.vistazo.com\/politica\/nacional\/2026-04-20-daniel-noboa-anuncia-descuento-planillas-luz-tormenta-solar-ecuador-GB10884460\">Daniel Noboa<\/a><\/b>, design\u00f3 oficialmente a\u00a0<b><a href=\"https:\/\/www.vistazo.com\/politica\/nacional\/2026-04-21-designacion-jaime-bernabe-erazo-ministro-salud-cuestionamientos-denuncias-impedimentos-KB10886837\">Jaime Bernab\u00e9 Erazo<\/a><\/b>\u00a0como ministro de Salud tras una\u00a0<u><b>semana llena de cuestionamientos alrededor del nombramiento<\/b><\/u>.<\/p>\n<p class=\"p_1\">Este lunes, 27 de abril, el mandatario emiti\u00f3 el\u00a0<u><b>Decreto Ejecutivo 369<\/b><\/u>\u00a0en el que da por terminado el encargo a la vicepresidenta,\u00a0<b><a href=\"https:\/\/www.vistazo.com\/politica\/internacional\/2026-04-13-vicepresidenta-ecuador-maria-jose-pinto-gestiona-espana-cooperacion-transformacion-digital-salud-ecuador-IP10861779\">Mar\u00eda Jos\u00e9 Pinto<\/a><\/b>, como m\u00e1xima autoridad de esa cartera de Estado,\u00a0<u><b>\u201cagradeci\u00e9ndole por los servicios prestados en el desempe\u00f1o de esas funciones\u201d<\/b><\/u>.<\/p>\n<p class=\"p_3\">Con ello, design\u00f3 a\u00a0<u><b>Jaime Otton Bernab\u00e9 Erazo<\/b><\/u>\u00a0como Ministro de Salud P\u00fablica.<\/p>\n<div>\n<div class=\"trv-player-container\">\n<div class=\"trv-wrapper\">\n<div id=\"br_video_player_70de81671347ceae446b0a57f46b525a7a4d6079\" class=\"trvd_video_player trvdinstream\">\n<div class=\"media-player\">\n<div class=\"trv-video\">\n<div id=\"truvid_ima_container5051\" class=\"truvid_ima_container trv-ima-container-hidden\">\n<div>Noboa hab\u00eda anunciado el pasado lunes 20 de abril, hace una semana, que Bernab\u00e9 asumir\u00e1 el liderazgo del ministerio <u><b>\u201cde forma inmediata\u201d<\/b><\/u>, pero reci\u00e9n este lunes se oficializ\u00f3 el nombramiento.<\/div>\n<\/div>\n<\/div>\n<\/div>\n<\/div>\n<\/div>\n<\/div>\n<\/div>\n<\/div>\n<div class=\"multimediaMacroWrapper img lateral\">\n<figure class=\"contentMedia art-img\">\n<div><img fetchpriority=\"high\" decoding=\"async\" class=\" lazyloaded\" title=\"Jaime Bernab\u00e9 Erazo enfrent\u00f3 cuestionamientos por un posible conflicto de intereses.\" src=\"https:\/\/www.vistazo.com\/placeholder\/svg\/viewbox\/768x432\" sizes=\"100vw\" srcset=\"\/\/www.vistazo.com\/binrepository\/768x432\/0c0\/0d0\/none\/12727\/AEFA\/jaime-bernabe-erazo-2652005-202604210_2655380_20260427123226.webp 768w,\/\/www.vistazo.com\/binrepository\/640x360\/0c0\/0d0\/none\/12727\/AEFL\/jaime-bernabe-erazo-2652005-202604210_2655380_20260427123226.webp 640w,\/\/www.vistazo.com\/binrepository\/512x288\/0c0\/0d0\/none\/12727\/AEFI\/jaime-bernabe-erazo-2652005-202604210_2655380_20260427123226.webp 512w,\/\/www.vistazo.com\/binrepository\/384x216\/0c0\/0d0\/none\/12727\/AEFG\/jaime-bernabe-erazo-2652005-202604210_2655380_20260427123226.webp 384w,\/\/www.vistazo.com\/binrepository\/300x169\/0c0\/0d0\/none\/12727\/AEFB\/jaime-bernabe-erazo-2652005-202604210_2655380_20260427123226.webp 300w\" alt=\"$!Jaime Bernab\u00e9 Erazo enfrent\u00f3 cuestionamientos por un posible conflicto de intereses.\" width=\"768\" height=\"432\" data-srcset=\"\/\/www.vistazo.com\/binrepository\/768x432\/0c0\/0d0\/none\/12727\/AEFA\/jaime-bernabe-erazo-2652005-202604210_2655380_20260427123226.webp 768w,\/\/www.vistazo.com\/binrepository\/640x360\/0c0\/0d0\/none\/12727\/AEFL\/jaime-bernabe-erazo-2652005-202604210_2655380_20260427123226.webp 640w,\/\/www.vistazo.com\/binrepository\/512x288\/0c0\/0d0\/none\/12727\/AEFI\/jaime-bernabe-erazo-2652005-202604210_2655380_20260427123226.webp 512w,\/\/www.vistazo.com\/binrepository\/384x216\/0c0\/0d0\/none\/12727\/AEFG\/jaime-bernabe-erazo-2652005-202604210_2655380_20260427123226.webp 384w,\/\/www.vistazo.com\/binrepository\/300x169\/0c0\/0d0\/none\/12727\/AEFB\/jaime-bernabe-erazo-2652005-202604210_2655380_20260427123226.webp 300w\" \/><\/div>\n<div class=\"cutline-byline\"><span class=\"cutline-text\">Jaime Bernab\u00e9 Erazo enfrent\u00f3 cuestionamientos por un posible conflicto de intereses.<\/span>\u00a0<span class=\"byline-image\">(Foto: archivo)<\/span><\/div>\n<\/figure>\n<\/div>\n<h2 class=\"h2vistazo\">CUESTIONAMIENTOS ALREDEDOR DE BERNAB\u00c9<\/h2>\n<div class=\"paragraph texto\">\n<p class=\"p_6\">Tras el anuncio del Presidente, el nuevo ministro enfrent\u00f3 m\u00faltiples pol\u00e9micas. Primero se conoci\u00f3 que ten\u00eda un\u00a0<u><b>impedimento para ejercer cargos p\u00fablicos\u00a0<\/b><\/u>por mantener obligaciones pendientes con el Instituto Ecuatoriano de Seguridad Social (IESS), pero ese mismo lunes, el Ministerio de Trabajo levant\u00f3 la restricci\u00f3n.<\/p>\n<p class=\"p_7\">Tambi\u00e9n, se supo que en el 2024 fue director del IESS por 27 d\u00edas. Sin embargo, al poco tiempo, lo apartaron del puesto porque<u><b>\u00a0omiti\u00f3 declarar ante la Contralor\u00eda su participaci\u00f3n en empresas proveedoras de servicios m\u00e9dicos<\/b><\/u>.<\/p>\n<p class=\"p_9\">De hecho, en el sistema de la Superintendencia de Compa\u00f1\u00edas sigue constando como<u><b>\u00a0accionista en siete empresas relacionadas con el sector de salud<\/b><\/u>, por lo cual podr\u00eda haber un conflicto de intereses.<\/p>\n<p class=\"p_10\">Por otro lado, en la Funci\u00f3n Judicial reposa el\u00a0<u><b>archivo de una investigaci\u00f3n previa por el presunto delito de homicidio culposo<\/b><\/u> por mala pr\u00e1ctica profesional. Fuente: Vistazo<\/p>\n<\/div>\n","protected":false},"excerpt":{"rendered":"<p>El presidente de la Rep\u00fablica,\u00a0Daniel Noboa, design\u00f3 oficialmente a\u00a0Jaime Bernab\u00e9 Erazo\u00a0como ministro de Salud tras una\u00a0semana llena de cuestionamientos alrededor del nombramiento. Este lunes, 27 de abril, el mandatario emiti\u00f3 el\u00a0Decreto Ejecutivo 369\u00a0en el que da por terminado el encargo a la vicepresidenta,\u00a0Mar\u00eda Jos\u00e9 Pinto, como m\u00e1xima autoridad de esa cartera de Estado,\u00a0\u201cagradeci\u00e9ndole por los servicios prestados en el desempe\u00f1o de esas funciones\u201d. Con ello, design\u00f3 a\u00a0Jaime Otton Bernab\u00e9 Erazo\u00a0como Ministro de Salud P\u00fablica. Noboa hab\u00eda anunciado el pasado lunes 20 de abril, hace una semana, que Bernab\u00e9 asumir\u00e1 el liderazgo del ministerio \u201cde forma inmediata\u201d, pero reci\u00e9n este lunes se oficializ\u00f3 el nombramiento. Jaime Bernab\u00e9 Erazo enfrent\u00f3 cuestionamientos por un posible conflicto de intereses.\u00a0(Foto: archivo) CUESTIONAMIENTOS ALREDEDOR DE BERNAB\u00c9 Tras el anuncio del Presidente, el nuevo ministro enfrent\u00f3 m\u00faltiples pol\u00e9micas. Primero se conoci\u00f3 que ten\u00eda un\u00a0impedimento para ejercer cargos p\u00fablicos\u00a0por mantener obligaciones pendientes con el Instituto Ecuatoriano de Seguridad Social (IESS), pero ese mismo lunes, el Ministerio de Trabajo levant\u00f3 la restricci\u00f3n. Tambi\u00e9n, se supo que en el 2024 fue director del IESS por 27 d\u00edas. Sin embargo, al poco tiempo, lo apartaron del puesto porque\u00a0omiti\u00f3 declarar ante la Contralor\u00eda su participaci\u00f3n en empresas proveedoras de servicios m\u00e9dicos. De hecho, en el sistema de la Superintendencia de Compa\u00f1\u00edas sigue constando como\u00a0accionista en siete empresas relacionadas con el sector de salud, por lo cual podr\u00eda haber un conflicto de intereses. Por otro lado, en la Funci\u00f3n Judicial reposa el\u00a0archivo de una investigaci\u00f3n previa por el presunto delito de homicidio culposo por mala pr\u00e1ctica profesional. Fuente: Vistazo<\/p>\n","protected":false},"author":1,"featured_media":31104,"comment_status":"closed","ping_status":"closed","sticky":false,"template":"","format":"standard","meta":{"footnotes":""},"categories":[268],"tags":[],"class_list":["post-31103","post","type-post","status-publish","format-standard","has-post-thumbnail","hentry","category-nacionales"],"_links":{"self":[{"href":"https:\/\/www.elamazonico.com\/portal\/wp-json\/wp\/v2\/posts\/31103","targetHints":{"allow":["GET"]}}],"collection":[{"href":"https:\/\/www.elamazonico.com\/portal\/wp-json\/wp\/v2\/posts"}],"about":[{"href":"https:\/\/www.elamazonico.com\/portal\/wp-json\/wp\/v2\/types\/post"}],"author":[{"embeddable":true,"href":"https:\/\/www.elamazonico.com\/portal\/wp-json\/wp\/v2\/users\/1"}],"replies":[{"embeddable":true,"href":"https:\/\/www.elamazonico.com\/portal\/wp-json\/wp\/v2\/comments?post=31103"}],"version-history":[{"count":1,"href":"https:\/\/www.elamazonico.com\/portal\/wp-json\/wp\/v2\/posts\/31103\/revisions"}],"predecessor-version":[{"id":31105,"href":"https:\/\/www.elamazonico.com\/portal\/wp-json\/wp\/v2\/posts\/31103\/revisions\/31105"}],"wp:featuredmedia":[{"embeddable":true,"href":"https:\/\/www.elamazonico.com\/portal\/wp-json\/wp\/v2\/media\/31104"}],"wp:attachment":[{"href":"https:\/\/www.elamazonico.com\/portal\/wp-json\/wp\/v2\/media?parent=31103"}],"wp:term":[{"taxonomy":"category","embeddable":true,"href":"https:\/\/www.elamazonico.com\/portal\/wp-json\/wp\/v2\/categories?post=31103"},{"taxonomy":"post_tag","embeddable":true,"href":"https:\/\/www.elamazonico.com\/portal\/wp-json\/wp\/v2\/tags?post=31103"}],"curies":[{"name":"wp","href":"https:\/\/api.w.org\/{rel}","templated":true}]}}