{"id":31099,"date":"2026-04-27T14:41:08","date_gmt":"2026-04-27T19:41:08","guid":{"rendered":"https:\/\/www.elamazonico.com\/portal\/?p=31099"},"modified":"2026-04-27T14:41:08","modified_gmt":"2026-04-27T19:41:08","slug":"el-pangui-impulsa-su-economia-con-exitosa-feria-de-emprendedores","status":"publish","type":"post","link":"https:\/\/www.elamazonico.com\/portal\/el-pangui-impulsa-su-economia-con-exitosa-feria-de-emprendedores\/","title":{"rendered":"El Pangui impulsa su econom\u00eda con exitosa feria de emprendedores"},"content":{"rendered":"<p>Con una destacada participaci\u00f3n ciudadana y el firme compromiso de fortalecer la econom\u00eda local, el domingo 26 de abril se desarroll\u00f3 con gran \u00e9xito la Primera Exposici\u00f3n y Exhibici\u00f3n de Productos Procesados y Servicios de Emprendedores del cant\u00f3n El Pangui, en el Parque Central.<\/p>\n<p>La iniciativa, liderada por un grupo de emprendedores locales y respaldada por el Gobierno Municipal de El Pangui, reuni\u00f3 a 25 productores: 24 de productos procesados y 1 de servicios; provenientes del cant\u00f3n y sus parroquias, quienes exhibieron y comercializaron una variada oferta de productos artesanales y procesados. Como acto simb\u00f3lico, se realiz\u00f3 el corte de cinta, marcando oficialmente esta primera feria impulsada por emprendedores.<\/p>\n<p>Joffri Lalvay, parte del grupo organizador, agradeci\u00f3 a la ciudadan\u00eda por su asistencia y apoyo al consumir productos locales, as\u00ed como a la instituci\u00f3n municipal y a las empresas que se sumaron a esta importante iniciativa \u201cesto nos motiva a seguir trabajando para dinamizar la econom\u00eda y el turismo de nuestro cant\u00f3n\u201d.<\/p>\n<p>Durante la jornada, los asistentes disfrutaron de una amplia gama de productos como: vainilla y sus derivados, miel de abeja, vinos, embutidos, artesan\u00edas, tejidos, pulpas de frutas, frutas deshidratadas, yogurt y chocolates, evidenciando el gran potencial y la creatividad de los emprendedores panguenses.<\/p>\n<p>La vicealcaldesa, Mayra Quezada, destac\u00f3 el apoyo institucional brindado para la realizaci\u00f3n del evento \u201ccomo GAD Municipal apoyamos con la log\u00edstica y la estrat\u00e9gica difusi\u00f3n en nuestras redes sociales y medios radiales. Nuestro compromiso es continuar respaldando estas iniciativas que fortalecen la econom\u00eda local e impulsan la producci\u00f3n del cant\u00f3n.\u201d.<\/p>\n<p>El Gobierno Municipal de El Pangui reafirma su compromiso de seguir generando espacios que promuevan el desarrollo econ\u00f3mico, la innovaci\u00f3n y el fortalecimiento del talento local como una vitrina importante para la promoci\u00f3n y crecimiento de los peque\u00f1os productores.<\/p>\n","protected":false},"excerpt":{"rendered":"<p>Con una destacada participaci\u00f3n ciudadana y el firme compromiso de fortalecer la econom\u00eda local, el domingo 26 de abril se desarroll\u00f3 con gran \u00e9xito la Primera Exposici\u00f3n y Exhibici\u00f3n de Productos Procesados y Servicios de Emprendedores del cant\u00f3n El Pangui, en el Parque Central. La iniciativa, liderada por un grupo de emprendedores locales y respaldada por el Gobierno Municipal de El Pangui, reuni\u00f3 a 25 productores: 24 de productos procesados y 1 de servicios; provenientes del cant\u00f3n y sus parroquias, quienes exhibieron y comercializaron una variada oferta de productos artesanales y procesados. Como acto simb\u00f3lico, se realiz\u00f3 el corte de cinta, marcando oficialmente esta primera feria impulsada por emprendedores. Joffri Lalvay, parte del grupo organizador, agradeci\u00f3 a la ciudadan\u00eda por su asistencia y apoyo al consumir productos locales, as\u00ed como a la instituci\u00f3n municipal y a las empresas que se sumaron a esta importante iniciativa \u201cesto nos motiva a seguir trabajando para dinamizar la econom\u00eda y el turismo de nuestro cant\u00f3n\u201d. Durante la jornada, los asistentes disfrutaron de una amplia gama de productos como: vainilla y sus derivados, miel de abeja, vinos, embutidos, artesan\u00edas, tejidos, pulpas de frutas, frutas deshidratadas, yogurt y chocolates, evidenciando el gran potencial y la creatividad de los emprendedores panguenses. La vicealcaldesa, Mayra Quezada, destac\u00f3 el apoyo institucional brindado para la realizaci\u00f3n del evento \u201ccomo GAD Municipal apoyamos con la log\u00edstica y la estrat\u00e9gica difusi\u00f3n en nuestras redes sociales y medios radiales. Nuestro compromiso es continuar respaldando estas iniciativas que fortalecen la econom\u00eda local e impulsan la producci\u00f3n del cant\u00f3n.\u201d. El Gobierno Municipal de El Pangui reafirma su compromiso de seguir generando espacios que promuevan el desarrollo econ\u00f3mico, la innovaci\u00f3n y el fortalecimiento del talento local como una vitrina importante para la promoci\u00f3n y crecimiento de los peque\u00f1os productores.<\/p>\n","protected":false},"author":1,"featured_media":31100,"comment_status":"closed","ping_status":"closed","sticky":false,"template":"","format":"standard","meta":{"footnotes":""},"categories":[243],"tags":[],"class_list":["post-31099","post","type-post","status-publish","format-standard","has-post-thumbnail","hentry","category-noticias-zamora"],"_links":{"self":[{"href":"https:\/\/www.elamazonico.com\/portal\/wp-json\/wp\/v2\/posts\/31099","targetHints":{"allow":["GET"]}}],"collection":[{"href":"https:\/\/www.elamazonico.com\/portal\/wp-json\/wp\/v2\/posts"}],"about":[{"href":"https:\/\/www.elamazonico.com\/portal\/wp-json\/wp\/v2\/types\/post"}],"author":[{"embeddable":true,"href":"https:\/\/www.elamazonico.com\/portal\/wp-json\/wp\/v2\/users\/1"}],"replies":[{"embeddable":true,"href":"https:\/\/www.elamazonico.com\/portal\/wp-json\/wp\/v2\/comments?post=31099"}],"version-history":[{"count":1,"href":"https:\/\/www.elamazonico.com\/portal\/wp-json\/wp\/v2\/posts\/31099\/revisions"}],"predecessor-version":[{"id":31101,"href":"https:\/\/www.elamazonico.com\/portal\/wp-json\/wp\/v2\/posts\/31099\/revisions\/31101"}],"wp:featuredmedia":[{"embeddable":true,"href":"https:\/\/www.elamazonico.com\/portal\/wp-json\/wp\/v2\/media\/31100"}],"wp:attachment":[{"href":"https:\/\/www.elamazonico.com\/portal\/wp-json\/wp\/v2\/media?parent=31099"}],"wp:term":[{"taxonomy":"category","embeddable":true,"href":"https:\/\/www.elamazonico.com\/portal\/wp-json\/wp\/v2\/categories?post=31099"},{"taxonomy":"post_tag","embeddable":true,"href":"https:\/\/www.elamazonico.com\/portal\/wp-json\/wp\/v2\/tags?post=31099"}],"curies":[{"name":"wp","href":"https:\/\/api.w.org\/{rel}","templated":true}]}}