{"id":31088,"date":"2026-04-27T10:17:16","date_gmt":"2026-04-27T15:17:16","guid":{"rendered":"https:\/\/www.elamazonico.com\/portal\/?p=31088"},"modified":"2026-04-27T10:17:16","modified_gmt":"2026-04-27T15:17:16","slug":"alianza-fuerza-presento-su-bloque-de-precandidatos-en-zamora-chinchipe","status":"publish","type":"post","link":"https:\/\/www.elamazonico.com\/portal\/alianza-fuerza-presento-su-bloque-de-precandidatos-en-zamora-chinchipe\/","title":{"rendered":"Alianza FUERZA present\u00f3 su bloque de precandidatos en Zamora Chinchipe"},"content":{"rendered":"<p>El domingo 26 de abril se desarroll\u00f3 la Asamblea Provincial de la Alianza FUERZA en la provincia de Zamora Chinchipe, evento pol\u00edtico que congreg\u00f3 a delegaciones de los nueve cantones, as\u00ed como a precandidatos a las diferentes alcald\u00edas y autoridades en funciones.<\/p>\n<p>La jornada cont\u00f3 con la presencia de la prefecta Karla Re\u00e1tegui, quien particip\u00f3 en el acto de apertura junto a los aspirantes a los gobiernos locales, en un espacio orientado a consolidar la estructura pol\u00edtica de la alianza de cara a los pr\u00f3ximos procesos electorales.<\/p>\n<p>Durante el encuentro se oficializaron los nombres de los precandidatos que buscar\u00edan liderar las administraciones municipales en cada cant\u00f3n de la provincia: Edgar Jim\u00e9nez por Paquisha; Nelson Qui\u00f1\u00f3nez por Centinela del C\u00f3ndor; Darwin Tapia por Nangaritza; Milton Gonz\u00e1lez por El Pangui; Luis Valladares por Zamora; Henry Ord\u00f3\u00f1ez por Chinchipe, quien aspirar\u00eda a la reelecci\u00f3n; Victoria Alberca por Palanda; y Mar\u00eda Lalangui Cabrera por Yantzaza, tambi\u00e9n en b\u00fasqueda de la reelecci\u00f3n. En el \u00e1mbito provincial, se confirm\u00f3 la precandidatura de Karla Re\u00e1tegui para la Prefectura, igualmente en condici\u00f3n de reelecci\u00f3n.<\/p>\n<p>El discurso central de la asamblea gir\u00f3 en torno a la unidad pol\u00edtica y el trabajo articulado como pilares fundamentales para impulsar el desarrollo integral de Zamora Chinchipe. Los voceros destacaron la necesidad de fortalecer la coordinaci\u00f3n entre los distintos niveles de gobierno para responder a las demandas territoriales.<\/p>\n<p>No obstante, el escenario pol\u00edtico tambi\u00e9n plante\u00f3 elementos de an\u00e1lisis, considerando que varias de las figuras presentadas formaban parte de la estructura pol\u00edtica vigente o buscaban mantenerse en funciones, lo que gener\u00f3 diversas percepciones en la ciudadan\u00eda respecto a la renovaci\u00f3n pol\u00edtica en la provincia.<\/p>\n<p>La asamblea se desarroll\u00f3 en un ambiente de respaldo entre simpatizantes y expectativa por parte de la opini\u00f3n p\u00fablica, dejando abierta una interrogante que comenz\u00f3 a posicionarse en el debate local: si esta alianza representaba la alternativa que demandaba Zamora Chinchipe o si ser\u00eda el electorado quien definir\u00eda un nuevo rumbo en las pr\u00f3ximas elecciones.<\/p>\n<p>El evento concluy\u00f3 con la reafirmaci\u00f3n del compromiso de la Alianza FUERZA con la participaci\u00f3n democr\u00e1tica y la construcci\u00f3n de propuestas orientadas al desarrollo territorial, en un contexto marcado por el dinamismo pol\u00edtico y la proximidad del calendario electoral.<\/p>\n","protected":false},"excerpt":{"rendered":"<p>El domingo 26 de abril se desarroll\u00f3 la Asamblea Provincial de la Alianza FUERZA en la provincia de Zamora Chinchipe, evento pol\u00edtico que congreg\u00f3 a delegaciones de los nueve cantones, as\u00ed como a precandidatos a las diferentes alcald\u00edas y autoridades en funciones. La jornada cont\u00f3 con la presencia de la prefecta Karla Re\u00e1tegui, quien particip\u00f3 en el acto de apertura junto a los aspirantes a los gobiernos locales, en un espacio orientado a consolidar la estructura pol\u00edtica de la alianza de cara a los pr\u00f3ximos procesos electorales. Durante el encuentro se oficializaron los nombres de los precandidatos que buscar\u00edan liderar las administraciones municipales en cada cant\u00f3n de la provincia: Edgar Jim\u00e9nez por Paquisha; Nelson Qui\u00f1\u00f3nez por Centinela del C\u00f3ndor; Darwin Tapia por Nangaritza; Milton Gonz\u00e1lez por El Pangui; Luis Valladares por Zamora; Henry Ord\u00f3\u00f1ez por Chinchipe, quien aspirar\u00eda a la reelecci\u00f3n; Victoria Alberca por Palanda; y Mar\u00eda Lalangui Cabrera por Yantzaza, tambi\u00e9n en b\u00fasqueda de la reelecci\u00f3n. En el \u00e1mbito provincial, se confirm\u00f3 la precandidatura de Karla Re\u00e1tegui para la Prefectura, igualmente en condici\u00f3n de reelecci\u00f3n. El discurso central de la asamblea gir\u00f3 en torno a la unidad pol\u00edtica y el trabajo articulado como pilares fundamentales para impulsar el desarrollo integral de Zamora Chinchipe. Los voceros destacaron la necesidad de fortalecer la coordinaci\u00f3n entre los distintos niveles de gobierno para responder a las demandas territoriales. No obstante, el escenario pol\u00edtico tambi\u00e9n plante\u00f3 elementos de an\u00e1lisis, considerando que varias de las figuras presentadas formaban parte de la estructura pol\u00edtica vigente o buscaban mantenerse en funciones, lo que gener\u00f3 diversas percepciones en la ciudadan\u00eda respecto a la renovaci\u00f3n pol\u00edtica en la provincia. La asamblea se desarroll\u00f3 en un ambiente de respaldo entre simpatizantes y expectativa por parte de la opini\u00f3n p\u00fablica, dejando abierta una interrogante que comenz\u00f3 a posicionarse en el debate local: si esta alianza representaba la alternativa que demandaba Zamora Chinchipe o si ser\u00eda el electorado quien definir\u00eda un nuevo rumbo en las pr\u00f3ximas elecciones. El evento concluy\u00f3 con la reafirmaci\u00f3n del compromiso de la Alianza FUERZA con la participaci\u00f3n democr\u00e1tica y la construcci\u00f3n de propuestas orientadas al desarrollo territorial, en un contexto marcado por el dinamismo pol\u00edtico y la proximidad del calendario electoral.<\/p>\n","protected":false},"author":1,"featured_media":31091,"comment_status":"closed","ping_status":"closed","sticky":false,"template":"","format":"standard","meta":{"footnotes":""},"categories":[243],"tags":[],"class_list":["post-31088","post","type-post","status-publish","format-standard","has-post-thumbnail","hentry","category-noticias-zamora"],"_links":{"self":[{"href":"https:\/\/www.elamazonico.com\/portal\/wp-json\/wp\/v2\/posts\/31088","targetHints":{"allow":["GET"]}}],"collection":[{"href":"https:\/\/www.elamazonico.com\/portal\/wp-json\/wp\/v2\/posts"}],"about":[{"href":"https:\/\/www.elamazonico.com\/portal\/wp-json\/wp\/v2\/types\/post"}],"author":[{"embeddable":true,"href":"https:\/\/www.elamazonico.com\/portal\/wp-json\/wp\/v2\/users\/1"}],"replies":[{"embeddable":true,"href":"https:\/\/www.elamazonico.com\/portal\/wp-json\/wp\/v2\/comments?post=31088"}],"version-history":[{"count":1,"href":"https:\/\/www.elamazonico.com\/portal\/wp-json\/wp\/v2\/posts\/31088\/revisions"}],"predecessor-version":[{"id":31092,"href":"https:\/\/www.elamazonico.com\/portal\/wp-json\/wp\/v2\/posts\/31088\/revisions\/31092"}],"wp:featuredmedia":[{"embeddable":true,"href":"https:\/\/www.elamazonico.com\/portal\/wp-json\/wp\/v2\/media\/31091"}],"wp:attachment":[{"href":"https:\/\/www.elamazonico.com\/portal\/wp-json\/wp\/v2\/media?parent=31088"}],"wp:term":[{"taxonomy":"category","embeddable":true,"href":"https:\/\/www.elamazonico.com\/portal\/wp-json\/wp\/v2\/categories?post=31088"},{"taxonomy":"post_tag","embeddable":true,"href":"https:\/\/www.elamazonico.com\/portal\/wp-json\/wp\/v2\/tags?post=31088"}],"curies":[{"name":"wp","href":"https:\/\/api.w.org\/{rel}","templated":true}]}}