{"id":31086,"date":"2026-04-27T09:36:15","date_gmt":"2026-04-27T14:36:15","guid":{"rendered":"https:\/\/www.elamazonico.com\/portal\/?p=31086"},"modified":"2026-04-27T09:38:48","modified_gmt":"2026-04-27T14:38:48","slug":"sabanilla-celebra-71-anos-con-obras-tradicion-y-unidad-comunitaria","status":"publish","type":"post","link":"https:\/\/www.elamazonico.com\/portal\/sabanilla-celebra-71-anos-con-obras-tradicion-y-unidad-comunitaria\/","title":{"rendered":"Sabanilla celebra 71 a\u00f1os con obras, tradici\u00f3n y unidad comunitaria"},"content":{"rendered":"<p>En el marco de la conmemoraci\u00f3n por los 71 a\u00f1os de parroquializaci\u00f3n de la parroquia Sabanilla, la presidenta del Gobierno Aut\u00f3nomo Descentralizado Parroquial, Ang\u00e9lica Tocto, destac\u00f3 el desarrollo de una amplia agenda de actividades culturales, deportivas, productivas y c\u00edvicas, orientadas a fortalecer la identidad local y promover la participaci\u00f3n ciudadana.<\/p>\n<p>Durante una entrevista, la autoridad inform\u00f3 que las festividades iniciaron con eventos como el preg\u00f3n, concursos de oratoria y pintura, y la elecci\u00f3n y coronaci\u00f3n de la nueva soberana de la parroquia, acto que cont\u00f3 adem\u00e1s con la participaci\u00f3n de ex reinas, en un ejercicio de memoria y reconocimiento a quienes han representado a Sabanilla en a\u00f1os anteriores.<\/p>\n<p>La programaci\u00f3n continu\u00f3 con la realizaci\u00f3n de las finales de los juegos deportivos en el barrio La Cascada, seguidas de un baile popular nocturno con la participaci\u00f3n de un grupo femenino invitado. El d\u00eda domingo, se desarroll\u00f3 la Feria Gastron\u00f3mica, Agr\u00edcola y Ganadera, espacio que reuni\u00f3 a emprendedores locales y productores pecuarios, destacando la vocaci\u00f3n productiva de la parroquia, caracterizada por su actividad ganadera.<\/p>\n<p>Como parte del cierre de las festividades, este lunes se llevar\u00e1 a cabo el desfile c\u00edvico y la sesi\u00f3n solemne, actos protocolarios que contar\u00e1n con la presencia de autoridades cantonales, provinciales y ciudadan\u00eda en general, con el prop\u00f3sito de culminar las celebraciones con un enfoque institucional y participativo.<\/p>\n<p>En el \u00e1mbito de gesti\u00f3n, Tocto resalt\u00f3 que Sabanilla ha experimentado avances significativos en infraestructura y desarrollo social durante su administraci\u00f3n, que se extiende por cerca de ocho a\u00f1os. Entre las principales obras ejecutadas, mencion\u00f3 la construcci\u00f3n de un bloque de aulas para el fortalecimiento del sistema educativo local, as\u00ed como la implementaci\u00f3n de una cancha con cubierta y c\u00e9sped sint\u00e9tico en el barrio La Cascada, destinada a actividades deportivas y comunitarias.<\/p>\n<p>Asimismo, inform\u00f3 sobre la aprobaci\u00f3n de un proyecto para la construcci\u00f3n de un recinto ferial, orientado a potenciar las actividades productivas de ganaderos y emprendedores, el cual se encuentra en proceso de formalizaci\u00f3n mediante la firma de convenio y asignaci\u00f3n de recursos. De igual manera, se contempla la ejecuci\u00f3n de un proyecto de mantenimiento y repotenciaci\u00f3n de cinco unidades educativas de la parroquia, actualmente a la espera del desembolso correspondiente.<\/p>\n<p>La presidenta destac\u00f3 el respaldo institucional recibido por parte del Municipio de Zamora, encabezado por el alcalde Manuel Gonz\u00e1lez, as\u00ed como el apoyo de los concejales en distintas administraciones. Tambi\u00e9n expres\u00f3 su reconocimiento al Gobierno Nacional, al presidente Daniel Noboa, al Ministerio de la Amazon\u00eda y a la Secretar\u00eda T\u00e9cnica de la Circunscripci\u00f3n Territorial Amaz\u00f3nica (CTA), por su contribuci\u00f3n en la aprobaci\u00f3n y financiamiento de proyectos que han incidido en el desarrollo de la parroquia.<\/p>\n<p>En su intervenci\u00f3n, Tocto subray\u00f3 que la planificaci\u00f3n de las festividades se ha realizado con criterios de responsabilidad y austeridad, priorizando el uso eficiente de los recursos p\u00fablicos. \u201cSe trata de una celebraci\u00f3n organizada con amor, compromiso y coordinaci\u00f3n institucional, sin exceder las capacidades presupuestarias\u201d, puntualiz\u00f3.<\/p>\n","protected":false},"excerpt":{"rendered":"<p>En el marco de la conmemoraci\u00f3n por los 71 a\u00f1os de parroquializaci\u00f3n de la parroquia Sabanilla, la presidenta del Gobierno Aut\u00f3nomo Descentralizado Parroquial, Ang\u00e9lica Tocto, destac\u00f3 el desarrollo de una amplia agenda de actividades culturales, deportivas, productivas y c\u00edvicas, orientadas a fortalecer la identidad local y promover la participaci\u00f3n ciudadana. Durante una entrevista, la autoridad inform\u00f3 que las festividades iniciaron con eventos como el preg\u00f3n, concursos de oratoria y pintura, y la elecci\u00f3n y coronaci\u00f3n de la nueva soberana de la parroquia, acto que cont\u00f3 adem\u00e1s con la participaci\u00f3n de ex reinas, en un ejercicio de memoria y reconocimiento a quienes han representado a Sabanilla en a\u00f1os anteriores. La programaci\u00f3n continu\u00f3 con la realizaci\u00f3n de las finales de los juegos deportivos en el barrio La Cascada, seguidas de un baile popular nocturno con la participaci\u00f3n de un grupo femenino invitado. El d\u00eda domingo, se desarroll\u00f3 la Feria Gastron\u00f3mica, Agr\u00edcola y Ganadera, espacio que reuni\u00f3 a emprendedores locales y productores pecuarios, destacando la vocaci\u00f3n productiva de la parroquia, caracterizada por su actividad ganadera. Como parte del cierre de las festividades, este lunes se llevar\u00e1 a cabo el desfile c\u00edvico y la sesi\u00f3n solemne, actos protocolarios que contar\u00e1n con la presencia de autoridades cantonales, provinciales y ciudadan\u00eda en general, con el prop\u00f3sito de culminar las celebraciones con un enfoque institucional y participativo. En el \u00e1mbito de gesti\u00f3n, Tocto resalt\u00f3 que Sabanilla ha experimentado avances significativos en infraestructura y desarrollo social durante su administraci\u00f3n, que se extiende por cerca de ocho a\u00f1os. Entre las principales obras ejecutadas, mencion\u00f3 la construcci\u00f3n de un bloque de aulas para el fortalecimiento del sistema educativo local, as\u00ed como la implementaci\u00f3n de una cancha con cubierta y c\u00e9sped sint\u00e9tico en el barrio La Cascada, destinada a actividades deportivas y comunitarias. Asimismo, inform\u00f3 sobre la aprobaci\u00f3n de un proyecto para la construcci\u00f3n de un recinto ferial, orientado a potenciar las actividades productivas de ganaderos y emprendedores, el cual se encuentra en proceso de formalizaci\u00f3n mediante la firma de convenio y asignaci\u00f3n de recursos. De igual manera, se contempla la ejecuci\u00f3n de un proyecto de mantenimiento y repotenciaci\u00f3n de cinco unidades educativas de la parroquia, actualmente a la espera del desembolso correspondiente. La presidenta destac\u00f3 el respaldo institucional recibido por parte del Municipio de Zamora, encabezado por el alcalde Manuel Gonz\u00e1lez, as\u00ed como el apoyo de los concejales en distintas administraciones. Tambi\u00e9n expres\u00f3 su reconocimiento al Gobierno Nacional, al presidente Daniel Noboa, al Ministerio de la Amazon\u00eda y a la Secretar\u00eda T\u00e9cnica de la Circunscripci\u00f3n Territorial Amaz\u00f3nica (CTA), por su contribuci\u00f3n en la aprobaci\u00f3n y financiamiento de proyectos que han incidido en el desarrollo de la parroquia. En su intervenci\u00f3n, Tocto subray\u00f3 que la planificaci\u00f3n de las festividades se ha realizado con criterios de responsabilidad y austeridad, priorizando el uso eficiente de los recursos p\u00fablicos. \u201cSe trata de una celebraci\u00f3n organizada con amor, compromiso y coordinaci\u00f3n institucional, sin exceder las capacidades presupuestarias\u201d, puntualiz\u00f3.<\/p>\n","protected":false},"author":1,"featured_media":31087,"comment_status":"closed","ping_status":"closed","sticky":false,"template":"","format":"standard","meta":{"footnotes":""},"categories":[243],"tags":[],"class_list":["post-31086","post","type-post","status-publish","format-standard","has-post-thumbnail","hentry","category-noticias-zamora"],"_links":{"self":[{"href":"https:\/\/www.elamazonico.com\/portal\/wp-json\/wp\/v2\/posts\/31086","targetHints":{"allow":["GET"]}}],"collection":[{"href":"https:\/\/www.elamazonico.com\/portal\/wp-json\/wp\/v2\/posts"}],"about":[{"href":"https:\/\/www.elamazonico.com\/portal\/wp-json\/wp\/v2\/types\/post"}],"author":[{"embeddable":true,"href":"https:\/\/www.elamazonico.com\/portal\/wp-json\/wp\/v2\/users\/1"}],"replies":[{"embeddable":true,"href":"https:\/\/www.elamazonico.com\/portal\/wp-json\/wp\/v2\/comments?post=31086"}],"version-history":[{"count":1,"href":"https:\/\/www.elamazonico.com\/portal\/wp-json\/wp\/v2\/posts\/31086\/revisions"}],"predecessor-version":[{"id":31089,"href":"https:\/\/www.elamazonico.com\/portal\/wp-json\/wp\/v2\/posts\/31086\/revisions\/31089"}],"wp:featuredmedia":[{"embeddable":true,"href":"https:\/\/www.elamazonico.com\/portal\/wp-json\/wp\/v2\/media\/31087"}],"wp:attachment":[{"href":"https:\/\/www.elamazonico.com\/portal\/wp-json\/wp\/v2\/media?parent=31086"}],"wp:term":[{"taxonomy":"category","embeddable":true,"href":"https:\/\/www.elamazonico.com\/portal\/wp-json\/wp\/v2\/categories?post=31086"},{"taxonomy":"post_tag","embeddable":true,"href":"https:\/\/www.elamazonico.com\/portal\/wp-json\/wp\/v2\/tags?post=31086"}],"curies":[{"name":"wp","href":"https:\/\/api.w.org\/{rel}","templated":true}]}}