{"id":31083,"date":"2026-04-27T09:13:38","date_gmt":"2026-04-27T14:13:38","guid":{"rendered":"https:\/\/www.elamazonico.com\/portal\/?p=31083"},"modified":"2026-04-27T09:13:38","modified_gmt":"2026-04-27T14:13:38","slug":"lluvias-y-calor-marcaran-el-clima-en-ecuador-la-ultima-semana-de-abril","status":"publish","type":"post","link":"https:\/\/www.elamazonico.com\/portal\/lluvias-y-calor-marcaran-el-clima-en-ecuador-la-ultima-semana-de-abril\/","title":{"rendered":"Lluvias y calor marcar\u00e1n el clima en Ecuador la \u00faltima semana de abril"},"content":{"rendered":"<p data-start=\"404\" data-end=\"733\">El\u00a0<strong data-start=\"407\" data-end=\"455\">clima en Ecuador durante la \u00faltima semana de abril de 2026<\/strong>\u00a0mantendr\u00e1 condiciones inestables con lluvias, nubosidad y calor en distintas regiones. Seg\u00fan reportes del\u00a0<span data-sfc-root=\"c\" data-wiz-uids=\"LUBsZe_8\" data-sfc-cb=\"\"><a class=\"GI370e\" href=\"https:\/\/www.google.com\/search?q=Instituto+Nacional+de+Meteorolog%C3%ADa+e+Hidrolog%C3%ADa&amp;newwindow=1&amp;sca_esv=bab5d0a3aacebeff&amp;rlz=1C1CHWL_enEC1093EC1093&amp;sxsrf=ANbL-n6_iQ3J46x1qij0Tcvox0h9KjnITw%3A1777295377657&amp;ei=EWDvafrpJ7WawbkPi7rNwQk&amp;biw=1242&amp;bih=552&amp;oq=que+es+inam&amp;gs_lp=Egxnd3Mtd2l6LXNlcnAiC3F1ZSBlcyBpbmFtKgIIADIFEAAYgAQyBRAAGIAEMgUQABiABDIFEAAYgAQyBRAAGIAEMgUQABiABDIFEAAYgAQyBRAAGIAEMgUQABiABDIFEAAYgARIqyBQAFjsFHABeAGQAQCYAZcBoAGYC6oBBDAuMTK4AQPIAQD4AQGYAg2gAs8MwgIKECMYgAQYigUYJ8ICBxAjGMkCGCfCAggQABiABBixA8ICCBAuGIAEGLEDwgIOEAAYgAQYigUYsQMYgwHCAgsQABiABBixAxiDAcICChAAGIAEGIoFGEPCAgQQIxgnwgIQECMYyQIY8AUYgAQYigUYJ8ICChAAGIAEGBQYhwKYAwCSBwQxLjEyoAfCULIHBDAuMTK4B7wMwgcHMi01LjcuMcgHkQGACAE&amp;sclient=gws-wiz-serp&amp;mstk=AUtExfBojdMA1_kAJtn1ZXVbLXZjRN46wl2xmhuO0ezWU-rnUqNXtMti5-mocuG88Eh84UivoGGyg45L27E7dUF79M-64RZJULeHLjeqy4FuO2zeO-oR04fGBU46SJHt9xWiZfM&amp;csui=3&amp;ved=2ahUKEwjOr_HLj46UAxWCjLAFHWsiPUgQgK4QegYIAQgAEAM\" data-ved=\"2ahUKEwjOr_HLj46UAxWCjLAFHWsiPUgQgK4QegYIAQgAEAM\" data-hveid=\"CAEIABAD\">Instituto Nacional de Meteorolog\u00eda e Hidrolog\u00eda<\/a><\/span>\u00a0(<strong data-start=\"562\" data-end=\"583\">INAMHI)<\/strong>, el pa\u00eds atraviesa un periodo de transici\u00f3n clim\u00e1tica con\u00a0<strong>precipitaciones recurrentes<\/strong>\u00a0y alta radiaci\u00f3n solar.<\/p>\n<h2 data-section-id=\"1jrofsx\" data-start=\"735\" data-end=\"789\"><strong>\u00bfC\u00f3mo estar\u00e1 el clima en Ecuador durante la semana?<\/strong><\/h2>\n<p data-start=\"790\" data-end=\"879\">Las condiciones generales para los d\u00edas 27, 28, 29, 30 de abril y 1, 2 y 3 de mayo ser\u00e1n:<\/p>\n<ul data-start=\"881\" data-end=\"1089\">\n<li data-section-id=\"1fxk750\" data-start=\"881\" data-end=\"947\">Cielos parcialmente nublados a nublados en gran parte del pa\u00eds.<\/li>\n<li data-section-id=\"1o1wpan\" data-start=\"948\" data-end=\"1001\">Lluvias de variable intensidad en tardes y noches.<\/li>\n<li data-section-id=\"2vwdt4\" data-start=\"1002\" data-end=\"1050\">Tormentas el\u00e9ctricas en zonas de la Amazon\u00eda.<\/li>\n<li data-section-id=\"13nf2vn\" data-start=\"1051\" data-end=\"1089\">Radiaci\u00f3n UV entre alta y muy alta.<\/li>\n<\/ul>\n<p data-start=\"1091\" data-end=\"1244\">El patr\u00f3n clim\u00e1tico responde a la persistencia de humedad en el ambiente y sistemas de inestabilidad atmosf\u00e9rica.<\/p>\n<h2 data-section-id=\"1x74qxv\" data-start=\"1246\" data-end=\"1289\"><strong>Costa: calor y lluvias aisladas<\/strong><\/h2>\n<p data-start=\"1290\" data-end=\"1331\">En la Costa se prev\u00e9n condiciones mixtas:<\/p>\n<ul data-start=\"1333\" data-end=\"1447\">\n<li data-section-id=\"4srx7t\" data-start=\"1333\" data-end=\"1369\">Temperaturas entre 28 \u00b0C y 32 \u00b0C.<\/li>\n<li data-section-id=\"16ua0lg\" data-start=\"1370\" data-end=\"1386\">Alta humedad.<\/li>\n<li data-section-id=\"g1f3nn\" data-start=\"1387\" data-end=\"1447\">Lluvias dispersas, sobre todo en el interior del Litoral.<\/li>\n<\/ul>\n<p data-start=\"1449\" data-end=\"1575\">Las precipitaciones ser\u00e1n m\u00e1s frecuentes en provincias como\u00a0<strong>Guayas, Manab\u00ed y Los R\u00edos.<\/strong><\/p>\n<h2 data-section-id=\"1nzqwee\" data-start=\"1577\" data-end=\"1623\">S<strong>ierra: lluvias en las tardes y noches<\/strong><\/h2>\n<p data-start=\"1624\" data-end=\"1668\">En la Sierra se mantendr\u00e1 un clima variable:<\/p>\n<ul data-start=\"1670\" data-end=\"1789\">\n<li data-section-id=\"1xpsbtg\" data-start=\"1670\" data-end=\"1712\">Cielos nublados con claros ocasionales.<\/li>\n<li data-section-id=\"ljrjvk\" data-start=\"1713\" data-end=\"1753\">Lluvias en horas de la tarde y noche.<\/li>\n<li data-section-id=\"1leabjs\" data-start=\"1754\" data-end=\"1789\">Temperaturas entre 9 \u00b0C y 21 \u00b0C.<\/li>\n<\/ul>\n<p data-start=\"1791\" data-end=\"1931\">Ciudades como\u00a0<strong>Quito, Latacunga y Cuenca<\/strong>\u00a0registrar\u00e1n\u00a0<strong>precipitaciones intermitente<\/strong>s durante la semana.<\/p>\n<h2 data-section-id=\"jzq12o\" data-start=\"1933\" data-end=\"1983\"><strong>Amazon\u00eda: lluvias intensas y tormentas<\/strong><\/h2>\n<p data-start=\"1984\" data-end=\"2037\">La Amazon\u00eda concentrar\u00e1 la mayor actividad clim\u00e1tica:<\/p>\n<ul data-start=\"2039\" data-end=\"2160\">\n<li data-section-id=\"hjcb1\" data-start=\"2039\" data-end=\"2083\">Lluvias frecuentes y de mayor intensidad.<\/li>\n<li data-section-id=\"1wv3ovo\" data-start=\"2084\" data-end=\"2120\">Tormentas el\u00e9ctricas recurrentes.<\/li>\n<li data-section-id=\"1cxx5xb\" data-start=\"2121\" data-end=\"2160\">Alta humedad durante toda la semana.<\/li>\n<\/ul>\n<p data-start=\"2162\" data-end=\"2275\">Esta regi\u00f3n seguir\u00e1 siendo la m\u00e1s afectada por precipitaciones continuas.<\/p>\n<h2 data-section-id=\"13sd6eq\" data-start=\"2277\" data-end=\"2312\"><strong>Radiaci\u00f3n UV y recomendaciones<\/strong><\/h2>\n<p data-start=\"2313\" data-end=\"2362\">El INAMHI advierte niveles elevados de radiaci\u00f3n:<\/p>\n<ul data-start=\"2364\" data-end=\"2463\">\n<li data-section-id=\"1uu3g87\" data-start=\"2364\" data-end=\"2409\">Nivel siete a 10 (alto a extremadamente alto).<\/li>\n<li data-section-id=\"1iwsrsp\" data-start=\"2410\" data-end=\"2463\">Mayor intensidad en la<strong>\u00a0Costa y zonas occidentales.<\/strong><\/li>\n<\/ul>\n<p data-start=\"2465\" data-end=\"2595\">Se recomienda\u00a0<strong>protecci\u00f3n solar<\/strong>\u00a0y evitar exposici\u00f3n prolongada en horas de mayor radiaci\u00f3n.<\/p>\n","protected":false},"excerpt":{"rendered":"<p>El\u00a0clima en Ecuador durante la \u00faltima semana de abril de 2026\u00a0mantendr\u00e1 condiciones inestables con lluvias, nubosidad y calor en distintas regiones. Seg\u00fan reportes del\u00a0Instituto Nacional de Meteorolog\u00eda e Hidrolog\u00eda\u00a0(INAMHI), el pa\u00eds atraviesa un periodo de transici\u00f3n clim\u00e1tica con\u00a0precipitaciones recurrentes\u00a0y alta radiaci\u00f3n solar. \u00bfC\u00f3mo estar\u00e1 el clima en Ecuador durante la semana? Las condiciones generales para los d\u00edas 27, 28, 29, 30 de abril y 1, 2 y 3 de mayo ser\u00e1n: Cielos parcialmente nublados a nublados en gran parte del pa\u00eds. Lluvias de variable intensidad en tardes y noches. Tormentas el\u00e9ctricas en zonas de la Amazon\u00eda. Radiaci\u00f3n UV entre alta y muy alta. El patr\u00f3n clim\u00e1tico responde a la persistencia de humedad en el ambiente y sistemas de inestabilidad atmosf\u00e9rica. Costa: calor y lluvias aisladas En la Costa se prev\u00e9n condiciones mixtas: Temperaturas entre 28 \u00b0C y 32 \u00b0C. Alta humedad. Lluvias dispersas, sobre todo en el interior del Litoral. Las precipitaciones ser\u00e1n m\u00e1s frecuentes en provincias como\u00a0Guayas, Manab\u00ed y Los R\u00edos. Sierra: lluvias en las tardes y noches En la Sierra se mantendr\u00e1 un clima variable: Cielos nublados con claros ocasionales. Lluvias en horas de la tarde y noche. Temperaturas entre 9 \u00b0C y 21 \u00b0C. Ciudades como\u00a0Quito, Latacunga y Cuenca\u00a0registrar\u00e1n\u00a0precipitaciones intermitentes durante la semana. Amazon\u00eda: lluvias intensas y tormentas La Amazon\u00eda concentrar\u00e1 la mayor actividad clim\u00e1tica: Lluvias frecuentes y de mayor intensidad. Tormentas el\u00e9ctricas recurrentes. Alta humedad durante toda la semana. Esta regi\u00f3n seguir\u00e1 siendo la m\u00e1s afectada por precipitaciones continuas. Radiaci\u00f3n UV y recomendaciones El INAMHI advierte niveles elevados de radiaci\u00f3n: Nivel siete a 10 (alto a extremadamente alto). Mayor intensidad en la\u00a0Costa y zonas occidentales. Se recomienda\u00a0protecci\u00f3n solar\u00a0y evitar exposici\u00f3n prolongada en horas de mayor radiaci\u00f3n.<\/p>\n","protected":false},"author":1,"featured_media":31084,"comment_status":"closed","ping_status":"closed","sticky":false,"template":"","format":"standard","meta":{"footnotes":""},"categories":[268],"tags":[],"class_list":["post-31083","post","type-post","status-publish","format-standard","has-post-thumbnail","hentry","category-nacionales"],"_links":{"self":[{"href":"https:\/\/www.elamazonico.com\/portal\/wp-json\/wp\/v2\/posts\/31083","targetHints":{"allow":["GET"]}}],"collection":[{"href":"https:\/\/www.elamazonico.com\/portal\/wp-json\/wp\/v2\/posts"}],"about":[{"href":"https:\/\/www.elamazonico.com\/portal\/wp-json\/wp\/v2\/types\/post"}],"author":[{"embeddable":true,"href":"https:\/\/www.elamazonico.com\/portal\/wp-json\/wp\/v2\/users\/1"}],"replies":[{"embeddable":true,"href":"https:\/\/www.elamazonico.com\/portal\/wp-json\/wp\/v2\/comments?post=31083"}],"version-history":[{"count":1,"href":"https:\/\/www.elamazonico.com\/portal\/wp-json\/wp\/v2\/posts\/31083\/revisions"}],"predecessor-version":[{"id":31085,"href":"https:\/\/www.elamazonico.com\/portal\/wp-json\/wp\/v2\/posts\/31083\/revisions\/31085"}],"wp:featuredmedia":[{"embeddable":true,"href":"https:\/\/www.elamazonico.com\/portal\/wp-json\/wp\/v2\/media\/31084"}],"wp:attachment":[{"href":"https:\/\/www.elamazonico.com\/portal\/wp-json\/wp\/v2\/media?parent=31083"}],"wp:term":[{"taxonomy":"category","embeddable":true,"href":"https:\/\/www.elamazonico.com\/portal\/wp-json\/wp\/v2\/categories?post=31083"},{"taxonomy":"post_tag","embeddable":true,"href":"https:\/\/www.elamazonico.com\/portal\/wp-json\/wp\/v2\/tags?post=31083"}],"curies":[{"name":"wp","href":"https:\/\/api.w.org\/{rel}","templated":true}]}}