{"id":31074,"date":"2026-04-27T09:04:07","date_gmt":"2026-04-27T14:04:07","guid":{"rendered":"https:\/\/www.elamazonico.com\/portal\/?p=31074"},"modified":"2026-04-27T09:04:07","modified_gmt":"2026-04-27T14:04:07","slug":"cne-frena-regulacion-del-cannabis-en-ecuador-por-falta-de-firmas","status":"publish","type":"post","link":"https:\/\/www.elamazonico.com\/portal\/cne-frena-regulacion-del-cannabis-en-ecuador-por-falta-de-firmas\/","title":{"rendered":"CNE frena regulaci\u00f3n del cannabis en Ecuador por falta de firmas"},"content":{"rendered":"<p data-start=\"406\" data-end=\"731\">El proceso para regular el uso del<strong data-start=\"433\" data-end=\"468\">\u00a0cannabis en Ecuador<\/strong>\u00a0se detuvo tras la revisi\u00f3n del\u00a0Consejo Nacional Electoral (<strong data-start=\"500\" data-end=\"518\">CNE). El organismo estatal\u00a0<\/strong>concluy\u00f3 que la iniciativa ciudadana no cumple con el requisito de firmas. La propuesta deber\u00e1 completar el respaldo para continuar su tr\u00e1mite en la Asamblea Nacional.<\/p>\n<h2 data-section-id=\"1vdjcy7\" data-start=\"733\" data-end=\"777\"><strong>\u00bfPor qu\u00e9 el CNE fren\u00f3 la ley de cannabis?<\/strong><\/h2>\n<p data-start=\"778\" data-end=\"831\">El organismo electoral evalu\u00f3 las firmas presentadas:<\/p>\n<ul data-start=\"833\" data-end=\"928\">\n<li data-section-id=\"1plp34d\" data-start=\"833\" data-end=\"870\">11.134 firmas v\u00e1lidas registradas<\/li>\n<li data-section-id=\"1uvvekv\" data-start=\"871\" data-end=\"928\">34.136 firmas requeridas (0,25% del padr\u00f3n electoral)<\/li>\n<\/ul>\n<p data-start=\"930\" data-end=\"1070\">La cifra qued\u00f3 por debajo del m\u00ednimo necesario para que el proyecto contin\u00fae su tr\u00e1mite legislativo.<\/p>\n<h2 data-section-id=\"l9j0e8\" data-start=\"1072\" data-end=\"1126\"><strong>\u00bfQu\u00e9 pasar\u00e1 con el proyecto de cannabis en Ecuador?<\/strong><\/h2>\n<p data-start=\"1127\" data-end=\"1164\">El CNE estableci\u00f3 un plazo adicional:<\/p>\n<ul data-start=\"1166\" data-end=\"1274\">\n<li data-section-id=\"bwcg9q\" data-start=\"1166\" data-end=\"1210\">90 d\u00edas para recolectar firmas faltantes<\/li>\n<li data-section-id=\"6plncj\" data-start=\"1211\" data-end=\"1274\">Posibilidad de retomar el proceso si se cumple el requisito<\/li>\n<\/ul>\n<p data-start=\"1276\" data-end=\"1413\">Si se alcanza el n\u00famero exigido, la propuesta podr\u00e1 volver a la Asamblea Nacional para su debate.<\/p>\n<h2 data-section-id=\"69g0pi\" data-start=\"1415\" data-end=\"1450\"><strong>\u00bfQu\u00e9 propone la iniciativa ciudadana?<\/strong><\/h2>\n<p data-start=\"1451\" data-end=\"1485\">El proyecto incluye varios puntos:<\/p>\n<ul data-start=\"1487\" data-end=\"1683\">\n<li data-section-id=\"13e3j7l\" data-start=\"1487\" data-end=\"1528\">Regulaci\u00f3n del uso medicinal y adulto<\/li>\n<li data-section-id=\"ym2ik4\" data-start=\"1529\" data-end=\"1585\">Permitir autocultivo de hasta 30 plantas por persona<\/li>\n<li data-section-id=\"1g6zi25\" data-start=\"1586\" data-end=\"1632\">Creaci\u00f3n de un ente regulador del cannabis<\/li>\n<li data-section-id=\"rj8q9m\" data-start=\"1633\" data-end=\"1683\">Autorizaci\u00f3n de clubes, dispensarios y tiendas<\/li>\n<\/ul>\n<p data-start=\"1685\" data-end=\"1815\">La iniciativa plantea excluir la planta de la lista de sustancias sujetas a fiscalizaci\u00f3n.<\/p>\n<h2 data-section-id=\"1eixzcv\" data-start=\"1817\" data-end=\"1874\"><strong>El proceso<\/strong><\/h2>\n<p data-start=\"1875\" data-end=\"1902\">El proceso legal establece:<\/p>\n<ul data-start=\"1904\" data-end=\"2064\">\n<li data-section-id=\"1ttn27n\" data-start=\"1904\" data-end=\"1962\">Recolecci\u00f3n de firmas equivalentes al 0,25% del padr\u00f3n<\/li>\n<li data-section-id=\"1qda7pp\" data-start=\"1963\" data-end=\"1985\">Validaci\u00f3n del CNE<\/li>\n<li data-section-id=\"1bqa7s6\" data-start=\"1986\" data-end=\"2018\">Env\u00edo a la Asamblea Nacional<\/li>\n<li data-section-id=\"7jwwun\" data-start=\"2019\" data-end=\"2064\">Plazo de 180 d\u00edas para debate legislativo<\/li>\n<\/ul>\n<p data-start=\"2066\" data-end=\"2126\">Si no se cumplen estos pasos, la propuesta no puede avanzar.<\/p>\n<h2 data-section-id=\"1u1rpx\" data-start=\"2128\" data-end=\"2141\"><strong>Contexto<\/strong><\/h2>\n<p data-start=\"2142\" data-end=\"2601\">El proyecto de ley ingres\u00f3 a la Asamblea Nacional el 21 de agosto de 2025 como iniciativa popular impulsada por organizaciones sociales. En abril de 2026, el CNE revis\u00f3 las firmas y determin\u00f3 que no alcanzaban el m\u00ednimo requerido, lo que fren\u00f3 su avance.<\/p>\n","protected":false},"excerpt":{"rendered":"<p>El proceso para regular el uso del\u00a0cannabis en Ecuador\u00a0se detuvo tras la revisi\u00f3n del\u00a0Consejo Nacional Electoral (CNE). El organismo estatal\u00a0concluy\u00f3 que la iniciativa ciudadana no cumple con el requisito de firmas. La propuesta deber\u00e1 completar el respaldo para continuar su tr\u00e1mite en la Asamblea Nacional. \u00bfPor qu\u00e9 el CNE fren\u00f3 la ley de cannabis? El organismo electoral evalu\u00f3 las firmas presentadas: 11.134 firmas v\u00e1lidas registradas 34.136 firmas requeridas (0,25% del padr\u00f3n electoral) La cifra qued\u00f3 por debajo del m\u00ednimo necesario para que el proyecto contin\u00fae su tr\u00e1mite legislativo. \u00bfQu\u00e9 pasar\u00e1 con el proyecto de cannabis en Ecuador? El CNE estableci\u00f3 un plazo adicional: 90 d\u00edas para recolectar firmas faltantes Posibilidad de retomar el proceso si se cumple el requisito Si se alcanza el n\u00famero exigido, la propuesta podr\u00e1 volver a la Asamblea Nacional para su debate. \u00bfQu\u00e9 propone la iniciativa ciudadana? El proyecto incluye varios puntos: Regulaci\u00f3n del uso medicinal y adulto Permitir autocultivo de hasta 30 plantas por persona Creaci\u00f3n de un ente regulador del cannabis Autorizaci\u00f3n de clubes, dispensarios y tiendas La iniciativa plantea excluir la planta de la lista de sustancias sujetas a fiscalizaci\u00f3n. El proceso El proceso legal establece: Recolecci\u00f3n de firmas equivalentes al 0,25% del padr\u00f3n Validaci\u00f3n del CNE Env\u00edo a la Asamblea Nacional Plazo de 180 d\u00edas para debate legislativo Si no se cumplen estos pasos, la propuesta no puede avanzar. Contexto El proyecto de ley ingres\u00f3 a la Asamblea Nacional el 21 de agosto de 2025 como iniciativa popular impulsada por organizaciones sociales. En abril de 2026, el CNE revis\u00f3 las firmas y determin\u00f3 que no alcanzaban el m\u00ednimo requerido, lo que fren\u00f3 su avance.<\/p>\n","protected":false},"author":1,"featured_media":31077,"comment_status":"closed","ping_status":"closed","sticky":false,"template":"","format":"standard","meta":{"footnotes":""},"categories":[268],"tags":[],"class_list":["post-31074","post","type-post","status-publish","format-standard","has-post-thumbnail","hentry","category-nacionales"],"_links":{"self":[{"href":"https:\/\/www.elamazonico.com\/portal\/wp-json\/wp\/v2\/posts\/31074","targetHints":{"allow":["GET"]}}],"collection":[{"href":"https:\/\/www.elamazonico.com\/portal\/wp-json\/wp\/v2\/posts"}],"about":[{"href":"https:\/\/www.elamazonico.com\/portal\/wp-json\/wp\/v2\/types\/post"}],"author":[{"embeddable":true,"href":"https:\/\/www.elamazonico.com\/portal\/wp-json\/wp\/v2\/users\/1"}],"replies":[{"embeddable":true,"href":"https:\/\/www.elamazonico.com\/portal\/wp-json\/wp\/v2\/comments?post=31074"}],"version-history":[{"count":1,"href":"https:\/\/www.elamazonico.com\/portal\/wp-json\/wp\/v2\/posts\/31074\/revisions"}],"predecessor-version":[{"id":31078,"href":"https:\/\/www.elamazonico.com\/portal\/wp-json\/wp\/v2\/posts\/31074\/revisions\/31078"}],"wp:featuredmedia":[{"embeddable":true,"href":"https:\/\/www.elamazonico.com\/portal\/wp-json\/wp\/v2\/media\/31077"}],"wp:attachment":[{"href":"https:\/\/www.elamazonico.com\/portal\/wp-json\/wp\/v2\/media?parent=31074"}],"wp:term":[{"taxonomy":"category","embeddable":true,"href":"https:\/\/www.elamazonico.com\/portal\/wp-json\/wp\/v2\/categories?post=31074"},{"taxonomy":"post_tag","embeddable":true,"href":"https:\/\/www.elamazonico.com\/portal\/wp-json\/wp\/v2\/tags?post=31074"}],"curies":[{"name":"wp","href":"https:\/\/api.w.org\/{rel}","templated":true}]}}