{"id":31043,"date":"2026-04-24T10:41:44","date_gmt":"2026-04-24T15:41:44","guid":{"rendered":"https:\/\/www.elamazonico.com\/portal\/?p=31043"},"modified":"2026-04-24T10:41:44","modified_gmt":"2026-04-24T15:41:44","slug":"ministerio-de-educacion-aclara-que-uso-de-celulares-siguen-restringuidos-en-escuelas","status":"publish","type":"post","link":"https:\/\/www.elamazonico.com\/portal\/ministerio-de-educacion-aclara-que-uso-de-celulares-siguen-restringuidos-en-escuelas\/","title":{"rendered":"Ministerio de Educaci\u00f3n aclara que uso de celulares siguen restringuidos en escuelas"},"content":{"rendered":"<p>Seg\u00fan inform\u00f3 el\u00a0<a href=\"https:\/\/www.eltelegrafo.com.ec\/noticias\/nacionales\/210\/quito-ministerio-educacion-dispuso-cierre-definitivo-colegio\"><strong>Ministerio de Educaci\u00f3n, Deporte y Cultura<\/strong>\u00a0<\/a>con la normativa vigente, en niveles de Inicial y Educaci\u00f3n General B\u00e1sica la restricci\u00f3n es total, es decir, el\u00a0<b>100% del\u00a0<a href=\"https:\/\/www.eltelegrafo.com.ec\/noticias\/educacion\/6\/seguridad-premilitar-prohibicion-celular-colegios-sierra-amazonia\">uso de celulares\u00a0<\/a>no est\u00e1 permitido ni recomendado dentro de las aulas.<\/b><\/p>\n<p>En el caso del bachillerato, la situaci\u00f3n es distinta. Los estudiantes pueden utilizar estos dispositivos, pero\u00a0<b>\u00fanicamente con fines pedag\u00f3gicos<\/b>, bajo la autorizaci\u00f3n y supervisi\u00f3n directa de los\u00a0<a href=\"https:\/\/www.eltelegrafo.com.ec\/noticias\/nacionales\/210\/ministerio-de-educacion-niega-despidos-masivos-a-docentes\">docentes.<\/a><\/p>\n<p>Adem\u00e1s, las autoridades han sido enf\u00e1ticas en que los celulares\u00a0<b>no pueden ser exigidos como parte de la lista de \u00fatiles escolares<\/b>, lo que busca evitar desigualdades entre estudiantes.<\/p>\n<p>Este enfoque se complementa con el nuevo\u00a0<strong>Acuerdo de medidas socioeducativas y disciplinarias\u00a0<\/strong>que\u00a0prioriza la resoluci\u00f3n de conflictos desde una perspectiva formativa, sin eliminar los mecanismos de control.<\/p>\n<p>El objetivo, seg\u00fan lo planteado, es mejorar el ambiente escolar y promover una convivencia m\u00e1s saludable, en la que se equilibren la disciplina, el uso responsable de la tecnolog\u00eda y la protecci\u00f3n integral de los estudiantes.<\/p>\n","protected":false},"excerpt":{"rendered":"<p>Seg\u00fan inform\u00f3 el\u00a0Ministerio de Educaci\u00f3n, Deporte y Cultura\u00a0con la normativa vigente, en niveles de Inicial y Educaci\u00f3n General B\u00e1sica la restricci\u00f3n es total, es decir, el\u00a0100% del\u00a0uso de celulares\u00a0no est\u00e1 permitido ni recomendado dentro de las aulas. En el caso del bachillerato, la situaci\u00f3n es distinta. Los estudiantes pueden utilizar estos dispositivos, pero\u00a0\u00fanicamente con fines pedag\u00f3gicos, bajo la autorizaci\u00f3n y supervisi\u00f3n directa de los\u00a0docentes. Adem\u00e1s, las autoridades han sido enf\u00e1ticas en que los celulares\u00a0no pueden ser exigidos como parte de la lista de \u00fatiles escolares, lo que busca evitar desigualdades entre estudiantes. Este enfoque se complementa con el nuevo\u00a0Acuerdo de medidas socioeducativas y disciplinarias\u00a0que\u00a0prioriza la resoluci\u00f3n de conflictos desde una perspectiva formativa, sin eliminar los mecanismos de control. El objetivo, seg\u00fan lo planteado, es mejorar el ambiente escolar y promover una convivencia m\u00e1s saludable, en la que se equilibren la disciplina, el uso responsable de la tecnolog\u00eda y la protecci\u00f3n integral de los estudiantes.<\/p>\n","protected":false},"author":1,"featured_media":31044,"comment_status":"closed","ping_status":"closed","sticky":false,"template":"","format":"standard","meta":{"footnotes":""},"categories":[268],"tags":[],"class_list":["post-31043","post","type-post","status-publish","format-standard","has-post-thumbnail","hentry","category-nacionales"],"_links":{"self":[{"href":"https:\/\/www.elamazonico.com\/portal\/wp-json\/wp\/v2\/posts\/31043","targetHints":{"allow":["GET"]}}],"collection":[{"href":"https:\/\/www.elamazonico.com\/portal\/wp-json\/wp\/v2\/posts"}],"about":[{"href":"https:\/\/www.elamazonico.com\/portal\/wp-json\/wp\/v2\/types\/post"}],"author":[{"embeddable":true,"href":"https:\/\/www.elamazonico.com\/portal\/wp-json\/wp\/v2\/users\/1"}],"replies":[{"embeddable":true,"href":"https:\/\/www.elamazonico.com\/portal\/wp-json\/wp\/v2\/comments?post=31043"}],"version-history":[{"count":1,"href":"https:\/\/www.elamazonico.com\/portal\/wp-json\/wp\/v2\/posts\/31043\/revisions"}],"predecessor-version":[{"id":31045,"href":"https:\/\/www.elamazonico.com\/portal\/wp-json\/wp\/v2\/posts\/31043\/revisions\/31045"}],"wp:featuredmedia":[{"embeddable":true,"href":"https:\/\/www.elamazonico.com\/portal\/wp-json\/wp\/v2\/media\/31044"}],"wp:attachment":[{"href":"https:\/\/www.elamazonico.com\/portal\/wp-json\/wp\/v2\/media?parent=31043"}],"wp:term":[{"taxonomy":"category","embeddable":true,"href":"https:\/\/www.elamazonico.com\/portal\/wp-json\/wp\/v2\/categories?post=31043"},{"taxonomy":"post_tag","embeddable":true,"href":"https:\/\/www.elamazonico.com\/portal\/wp-json\/wp\/v2\/tags?post=31043"}],"curies":[{"name":"wp","href":"https:\/\/api.w.org\/{rel}","templated":true}]}}