{"id":31038,"date":"2026-04-24T10:23:55","date_gmt":"2026-04-24T15:23:55","guid":{"rendered":"https:\/\/www.elamazonico.com\/portal\/?p=31038"},"modified":"2026-04-24T10:23:55","modified_gmt":"2026-04-24T15:23:55","slug":"alerta-por-el-nino-altas-temperaturas-predominaran-entre-mayo-y-julio","status":"publish","type":"post","link":"https:\/\/www.elamazonico.com\/portal\/alerta-por-el-nino-altas-temperaturas-predominaran-entre-mayo-y-julio\/","title":{"rendered":"\u00a1Alerta por El Ni\u00f1o! Altas temperaturas predominar\u00e1n entre mayo y julio"},"content":{"rendered":"<p>La Organizaci\u00f3n de las Naciones Unidas (ONU) levant\u00f3 una alerta por el fen\u00f3meno de El Ni\u00f1o. La informaci\u00f3n se difundi\u00f3 este viernes, 24 de abril de 2026.<\/p>\n<p><strong>Qu\u00e9 se espera de El Ni\u00f1o\u00a0<\/strong><\/p>\n<p>Entre los meses de mayo y julio de 2026 se espera que El Ni\u00f1o se presente en todo el mundo. Predominar\u00e1n en casi todo el planeta las temperaturas superiores a la media normal, dijo Wilfran Moufouma Okia, jefe de predicci\u00f3n clim\u00e1tica de la Organizaci\u00f3n Meteorol\u00f3gica Mundial (OMM).<\/p>\n<p>\u00abTras un per\u00edodo de condiciones neutras a principios de a\u00f1o, ahora los modelos clim\u00e1ticos apuntan claramente en la misma direcci\u00f3n y pronostican, con un nivel de confianza alto, la instauraci\u00f3n de un episodio de El Ni\u00f1o, que cobrar\u00e1 mayor fuerza en los meses siguientes\u00bb, se\u00f1al\u00f3.<\/p>\n<p>Las autoridades de la OMM adem\u00e1s explicaron que El Ni\u00f1o suele producirse cada dos a siete a\u00f1os y su duraci\u00f3n oscila entre nueve y 12 meses. Uno de sus principales signos de su presencia es el aumento r\u00e1pido de las temperaturas.<\/p>\n<p>Expertos han se\u00f1alado que El Ni\u00f1o podr\u00eda convertirse en uno de los m\u00e1s fuertes de la historia. De hecho, han mencionado que se lo conocer\u00e1 como el \u2018S\u00faper Ni\u00f1o\u2019.<\/p>\n<p><strong>Lluvias intensas en Ecuador\u00a0<\/strong><\/p>\n<p>El Instituto Oceanogr\u00e1fico y Ant\u00e1rtico de la Armada del Ecuador (Inocar) inform\u00f3 en marzo que las fuertes lluvias registradas no corresponden al fen\u00f3meno de El Ni\u00f1o sino a precipitaciones locales.<\/p>\n<p>Las fuertes lluvias ya han dejado un impacto en Ecuador. En el \u00faltimo informe de la Secretar\u00eda Nacional de Gesti\u00f3n de Riesgos (SNGR), con fecha del 22 de abril de 2026, se detalla las afectaciones que se han registrado:<\/p>\n<p>17 personas fallecidas<\/p>\n<p>103.680 personas afectadas<\/p>\n<p>18.839 personas damnificadas<\/p>\n<p>30.973 viviendas afectadas<\/p>\n<p>272 viviendas destruidas<\/p>\n<p>58 puentes afectados<\/p>\n<p>33 puentes destruidos<\/p>\n<p>66,61 kil\u00f3metros de v\u00edas afectadas<\/p>\n<p>Se han entregado kits humanitarios para las personas afectadas: 82.106 bienes de asistencia entregados.<\/p>\n","protected":false},"excerpt":{"rendered":"<p>La Organizaci\u00f3n de las Naciones Unidas (ONU) levant\u00f3 una alerta por el fen\u00f3meno de El Ni\u00f1o. La informaci\u00f3n se difundi\u00f3 este viernes, 24 de abril de 2026. Qu\u00e9 se espera de El Ni\u00f1o\u00a0 Entre los meses de mayo y julio de 2026 se espera que El Ni\u00f1o se presente en todo el mundo. Predominar\u00e1n en casi todo el planeta las temperaturas superiores a la media normal, dijo Wilfran Moufouma Okia, jefe de predicci\u00f3n clim\u00e1tica de la Organizaci\u00f3n Meteorol\u00f3gica Mundial (OMM). \u00abTras un per\u00edodo de condiciones neutras a principios de a\u00f1o, ahora los modelos clim\u00e1ticos apuntan claramente en la misma direcci\u00f3n y pronostican, con un nivel de confianza alto, la instauraci\u00f3n de un episodio de El Ni\u00f1o, que cobrar\u00e1 mayor fuerza en los meses siguientes\u00bb, se\u00f1al\u00f3. Las autoridades de la OMM adem\u00e1s explicaron que El Ni\u00f1o suele producirse cada dos a siete a\u00f1os y su duraci\u00f3n oscila entre nueve y 12 meses. Uno de sus principales signos de su presencia es el aumento r\u00e1pido de las temperaturas. Expertos han se\u00f1alado que El Ni\u00f1o podr\u00eda convertirse en uno de los m\u00e1s fuertes de la historia. De hecho, han mencionado que se lo conocer\u00e1 como el \u2018S\u00faper Ni\u00f1o\u2019. Lluvias intensas en Ecuador\u00a0 El Instituto Oceanogr\u00e1fico y Ant\u00e1rtico de la Armada del Ecuador (Inocar) inform\u00f3 en marzo que las fuertes lluvias registradas no corresponden al fen\u00f3meno de El Ni\u00f1o sino a precipitaciones locales. Las fuertes lluvias ya han dejado un impacto en Ecuador. En el \u00faltimo informe de la Secretar\u00eda Nacional de Gesti\u00f3n de Riesgos (SNGR), con fecha del 22 de abril de 2026, se detalla las afectaciones que se han registrado: 17 personas fallecidas 103.680 personas afectadas 18.839 personas damnificadas 30.973 viviendas afectadas 272 viviendas destruidas 58 puentes afectados 33 puentes destruidos 66,61 kil\u00f3metros de v\u00edas afectadas Se han entregado kits humanitarios para las personas afectadas: 82.106 bienes de asistencia entregados.<\/p>\n","protected":false},"author":1,"featured_media":31039,"comment_status":"closed","ping_status":"closed","sticky":false,"template":"","format":"standard","meta":{"footnotes":""},"categories":[268],"tags":[],"class_list":["post-31038","post","type-post","status-publish","format-standard","has-post-thumbnail","hentry","category-nacionales"],"_links":{"self":[{"href":"https:\/\/www.elamazonico.com\/portal\/wp-json\/wp\/v2\/posts\/31038","targetHints":{"allow":["GET"]}}],"collection":[{"href":"https:\/\/www.elamazonico.com\/portal\/wp-json\/wp\/v2\/posts"}],"about":[{"href":"https:\/\/www.elamazonico.com\/portal\/wp-json\/wp\/v2\/types\/post"}],"author":[{"embeddable":true,"href":"https:\/\/www.elamazonico.com\/portal\/wp-json\/wp\/v2\/users\/1"}],"replies":[{"embeddable":true,"href":"https:\/\/www.elamazonico.com\/portal\/wp-json\/wp\/v2\/comments?post=31038"}],"version-history":[{"count":2,"href":"https:\/\/www.elamazonico.com\/portal\/wp-json\/wp\/v2\/posts\/31038\/revisions"}],"predecessor-version":[{"id":31041,"href":"https:\/\/www.elamazonico.com\/portal\/wp-json\/wp\/v2\/posts\/31038\/revisions\/31041"}],"wp:featuredmedia":[{"embeddable":true,"href":"https:\/\/www.elamazonico.com\/portal\/wp-json\/wp\/v2\/media\/31039"}],"wp:attachment":[{"href":"https:\/\/www.elamazonico.com\/portal\/wp-json\/wp\/v2\/media?parent=31038"}],"wp:term":[{"taxonomy":"category","embeddable":true,"href":"https:\/\/www.elamazonico.com\/portal\/wp-json\/wp\/v2\/categories?post=31038"},{"taxonomy":"post_tag","embeddable":true,"href":"https:\/\/www.elamazonico.com\/portal\/wp-json\/wp\/v2\/tags?post=31038"}],"curies":[{"name":"wp","href":"https:\/\/api.w.org\/{rel}","templated":true}]}}