{"id":31020,"date":"2026-04-24T06:22:48","date_gmt":"2026-04-24T11:22:48","guid":{"rendered":"https:\/\/www.elamazonico.com\/portal\/?p=31020"},"modified":"2026-04-24T06:22:59","modified_gmt":"2026-04-24T11:22:59","slug":"zamora-chinchipe-inaugura-nueva-casa-legislativa-para-fortalecer-la-participacion-ciudadana","status":"publish","type":"post","link":"https:\/\/www.elamazonico.com\/portal\/zamora-chinchipe-inaugura-nueva-casa-legislativa-para-fortalecer-la-participacion-ciudadana\/","title":{"rendered":"Zamora Chinchipe inaugura nueva Casa Legislativa para fortalecer la participaci\u00f3n ciudadana"},"content":{"rendered":"<p>El jueves 23 de abril se llev\u00f3 a cabo la inauguraci\u00f3n oficial de la nueva Casa Legislativa en la provincia de Zamora Chinchipe, un espacio institucional orientado a fortalecer el v\u00ednculo entre la ciudadan\u00eda y la Asamblea Nacional.<\/p>\n<p>Durante el acto, la asamble\u00edsta Esperanza Rogel destac\u00f3 que esta iniciativa busca consolidarse como un punto de encuentro para canalizar propuestas y generar soluciones concretas a las necesidades de la poblaci\u00f3n.\u00a0\u201cEste espacio ser\u00e1 un puente para propuestas que se transformen en soluciones reales, porque legislar no es \u00fanicamente hacer leyes, es transformar las realidades con presencia, compromiso y responsabilidad\u201d, manifest\u00f3.<\/p>\n<p>La legisladora subray\u00f3 que la Casa Legislativa permitir\u00e1 una representaci\u00f3n m\u00e1s cercana, transparente y participativa, facilitando a la ciudadan\u00eda expresar sus inquietudes, necesidades y problem\u00e1ticas de manera directa.<\/p>\n<p>Asimismo, enfatiz\u00f3 que este espacio no pertenece a una sola autoridad, sino que est\u00e1 abierto para los dos representantes de la provincia, promoviendo el trabajo articulado en beneficio del territorio.<\/p>\n<p>La nueva sede funcionar\u00e1 de lunes a viernes, en horario de 08h00 a 17h00, y est\u00e1 ubicada en el primer piso del edificio de la Gobernaci\u00f3n, lo que garantiza mayor accesibilidad, especialmente para personas con discapacidad y sectores vulnerables.<\/p>\n<p>En el marco del evento, Rogel inform\u00f3 sobre la presentaci\u00f3n de una propuesta de reforma a la Ley Amaz\u00f3nica, impulsada junto a legisladores del bloque oficialista, con el objetivo de ampliar la representatividad de diversos sectores.<\/p>\n<p>Entre los cambios planteados se incluye la incorporaci\u00f3n de actores culturales, como la Casa de la Cultura Ecuatoriana, dentro del Consejo de Planificaci\u00f3n, as\u00ed como el reconocimiento de sectores estrat\u00e9gicos como el Cuerpo de Bomberos mediante la asignaci\u00f3n de presupuesto permanente.<\/p>\n<p>Adem\u00e1s, se contempla el fortalecimiento del rol de las mujeres dentro de la normativa, buscando una mayor inclusi\u00f3n en los procesos de toma de decisiones en la regi\u00f3n amaz\u00f3nica.<\/p>\n<p>En relaci\u00f3n con la creaci\u00f3n de universidades amaz\u00f3nicas, la asamble\u00edsta indic\u00f3 que se ha cumplido con la hoja de ruta establecida desde la comisi\u00f3n legislativa correspondiente. Sin embargo, inform\u00f3 que el proyecto de la Universidad de Sucumb\u00edos fue archivado debido al incumplimiento de observaciones t\u00e9cnicas emitidas por el Consejo de Educaci\u00f3n Superior.<\/p>\n<p>En el caso de Zamora Chinchipe, se\u00f1al\u00f3 que el proceso contin\u00faa en evaluaci\u00f3n, tras la entrega de subsanaciones dentro del plazo establecido, conforme a lo dispuesto en la Ley Org\u00e1nica de Educaci\u00f3n Superior.<\/p>\n<p>Por otro lado, Rogel inform\u00f3 que ha solicitado informaci\u00f3n oficial al ARCOM respecto a la desvinculaci\u00f3n del director en la provincia, reiterando su postura de \u201ccero tolerancia a la corrupci\u00f3n\u201d y su compromiso con la transparencia institucional.<\/p>\n<p>Durante el evento, la gobernadora de la provincia, Ivonne Panchi, resalt\u00f3 la importancia de fortalecer la presencia del Estado en territorio, en concordancia con la pol\u00edtica del presidente Daniel Noboa.<\/p>\n<p>En su intervenci\u00f3n, destac\u00f3 la reactivaci\u00f3n de varias instituciones p\u00fablicas en la provincia, como el Instituto de Econom\u00eda Popular y Solidaria (IEPS), as\u00ed como la presencia de entidades como el Ministerio de Producci\u00f3n, el Ministerio del Ambiente, el sistema ECU 911 y servicios de migraci\u00f3n, entre otros. \u201cEste espacio permitir\u00e1 que la ciudadan\u00eda acceda directamente a sus representantes, gestione sus inquietudes y reciba atenci\u00f3n oportuna, fortaleciendo la democracia y la institucionalidad en la provincia\u201d, se\u00f1al\u00f3.<\/p>\n","protected":false},"excerpt":{"rendered":"<p>El jueves 23 de abril se llev\u00f3 a cabo la inauguraci\u00f3n oficial de la nueva Casa Legislativa en la provincia de Zamora Chinchipe, un espacio institucional orientado a fortalecer el v\u00ednculo entre la ciudadan\u00eda y la Asamblea Nacional. Durante el acto, la asamble\u00edsta Esperanza Rogel destac\u00f3 que esta iniciativa busca consolidarse como un punto de encuentro para canalizar propuestas y generar soluciones concretas a las necesidades de la poblaci\u00f3n.\u00a0\u201cEste espacio ser\u00e1 un puente para propuestas que se transformen en soluciones reales, porque legislar no es \u00fanicamente hacer leyes, es transformar las realidades con presencia, compromiso y responsabilidad\u201d, manifest\u00f3. La legisladora subray\u00f3 que la Casa Legislativa permitir\u00e1 una representaci\u00f3n m\u00e1s cercana, transparente y participativa, facilitando a la ciudadan\u00eda expresar sus inquietudes, necesidades y problem\u00e1ticas de manera directa. Asimismo, enfatiz\u00f3 que este espacio no pertenece a una sola autoridad, sino que est\u00e1 abierto para los dos representantes de la provincia, promoviendo el trabajo articulado en beneficio del territorio. La nueva sede funcionar\u00e1 de lunes a viernes, en horario de 08h00 a 17h00, y est\u00e1 ubicada en el primer piso del edificio de la Gobernaci\u00f3n, lo que garantiza mayor accesibilidad, especialmente para personas con discapacidad y sectores vulnerables. En el marco del evento, Rogel inform\u00f3 sobre la presentaci\u00f3n de una propuesta de reforma a la Ley Amaz\u00f3nica, impulsada junto a legisladores del bloque oficialista, con el objetivo de ampliar la representatividad de diversos sectores. Entre los cambios planteados se incluye la incorporaci\u00f3n de actores culturales, como la Casa de la Cultura Ecuatoriana, dentro del Consejo de Planificaci\u00f3n, as\u00ed como el reconocimiento de sectores estrat\u00e9gicos como el Cuerpo de Bomberos mediante la asignaci\u00f3n de presupuesto permanente. Adem\u00e1s, se contempla el fortalecimiento del rol de las mujeres dentro de la normativa, buscando una mayor inclusi\u00f3n en los procesos de toma de decisiones en la regi\u00f3n amaz\u00f3nica. En relaci\u00f3n con la creaci\u00f3n de universidades amaz\u00f3nicas, la asamble\u00edsta indic\u00f3 que se ha cumplido con la hoja de ruta establecida desde la comisi\u00f3n legislativa correspondiente. Sin embargo, inform\u00f3 que el proyecto de la Universidad de Sucumb\u00edos fue archivado debido al incumplimiento de observaciones t\u00e9cnicas emitidas por el Consejo de Educaci\u00f3n Superior. En el caso de Zamora Chinchipe, se\u00f1al\u00f3 que el proceso contin\u00faa en evaluaci\u00f3n, tras la entrega de subsanaciones dentro del plazo establecido, conforme a lo dispuesto en la Ley Org\u00e1nica de Educaci\u00f3n Superior. Por otro lado, Rogel inform\u00f3 que ha solicitado informaci\u00f3n oficial al ARCOM respecto a la desvinculaci\u00f3n del director en la provincia, reiterando su postura de \u201ccero tolerancia a la corrupci\u00f3n\u201d y su compromiso con la transparencia institucional. Durante el evento, la gobernadora de la provincia, Ivonne Panchi, resalt\u00f3 la importancia de fortalecer la presencia del Estado en territorio, en concordancia con la pol\u00edtica del presidente Daniel Noboa. En su intervenci\u00f3n, destac\u00f3 la reactivaci\u00f3n de varias instituciones p\u00fablicas en la provincia, como el Instituto de Econom\u00eda Popular y Solidaria (IEPS), as\u00ed como la presencia de entidades como el Ministerio de Producci\u00f3n, el Ministerio del Ambiente, el sistema ECU 911 y servicios de migraci\u00f3n, entre otros. \u201cEste espacio permitir\u00e1 que la ciudadan\u00eda acceda directamente a sus representantes, gestione sus inquietudes y reciba atenci\u00f3n oportuna, fortaleciendo la democracia y la institucionalidad en la provincia\u201d, se\u00f1al\u00f3.<\/p>\n","protected":false},"author":1,"featured_media":31021,"comment_status":"closed","ping_status":"closed","sticky":false,"template":"","format":"standard","meta":{"footnotes":""},"categories":[243],"tags":[],"class_list":["post-31020","post","type-post","status-publish","format-standard","has-post-thumbnail","hentry","category-noticias-zamora"],"_links":{"self":[{"href":"https:\/\/www.elamazonico.com\/portal\/wp-json\/wp\/v2\/posts\/31020","targetHints":{"allow":["GET"]}}],"collection":[{"href":"https:\/\/www.elamazonico.com\/portal\/wp-json\/wp\/v2\/posts"}],"about":[{"href":"https:\/\/www.elamazonico.com\/portal\/wp-json\/wp\/v2\/types\/post"}],"author":[{"embeddable":true,"href":"https:\/\/www.elamazonico.com\/portal\/wp-json\/wp\/v2\/users\/1"}],"replies":[{"embeddable":true,"href":"https:\/\/www.elamazonico.com\/portal\/wp-json\/wp\/v2\/comments?post=31020"}],"version-history":[{"count":1,"href":"https:\/\/www.elamazonico.com\/portal\/wp-json\/wp\/v2\/posts\/31020\/revisions"}],"predecessor-version":[{"id":31022,"href":"https:\/\/www.elamazonico.com\/portal\/wp-json\/wp\/v2\/posts\/31020\/revisions\/31022"}],"wp:featuredmedia":[{"embeddable":true,"href":"https:\/\/www.elamazonico.com\/portal\/wp-json\/wp\/v2\/media\/31021"}],"wp:attachment":[{"href":"https:\/\/www.elamazonico.com\/portal\/wp-json\/wp\/v2\/media?parent=31020"}],"wp:term":[{"taxonomy":"category","embeddable":true,"href":"https:\/\/www.elamazonico.com\/portal\/wp-json\/wp\/v2\/categories?post=31020"},{"taxonomy":"post_tag","embeddable":true,"href":"https:\/\/www.elamazonico.com\/portal\/wp-json\/wp\/v2\/tags?post=31020"}],"curies":[{"name":"wp","href":"https:\/\/api.w.org\/{rel}","templated":true}]}}