{"id":3009,"date":"2022-03-02T09:07:35","date_gmt":"2022-03-02T14:07:35","guid":{"rendered":"https:\/\/www.elamazonico.com\/portal\/?p=3009"},"modified":"2022-03-02T09:07:44","modified_gmt":"2022-03-02T14:07:44","slug":"la-flexibilizacion-laboral-no-ha-generado-empleo","status":"publish","type":"post","link":"https:\/\/www.elamazonico.com\/portal\/la-flexibilizacion-laboral-no-ha-generado-empleo\/","title":{"rendered":"La flexibilizaci\u00f3n laboral no ha generado empleo"},"content":{"rendered":"\n<p>Juan Vareles, vicepresidente de la Confederaci\u00f3n Ecuatoriana de Organizaciones Clasistas Unitaria de Trabajadores (Cedocut), manifest\u00f3 que la flexibilizaci\u00f3n laboral no ha funcionado en el pa\u00eds.<\/p>\n\n\n\n<p>Dice que los inversionistas no vienen al Ecuador porque no hay seguridad jur\u00eddica, y eso lo saben los gobiernos de turnos, las reglas de juego se cambian cada dos a\u00f1os, cada r\u00e9gimen.<\/p>\n\n\n\n<p>Refiri\u00f3 que la inversi\u00f3n debe ser dirigida hacia actividades econ\u00f3micas en donde el pa\u00eds tiene mayor potencialidad como la agricultura. Ecuavisa\/ (jtr)<\/p>\n","protected":false},"excerpt":{"rendered":"<p>Juan Vareles, vicepresidente de la Confederaci\u00f3n Ecuatoriana de Organizaciones Clasistas Unitaria de Trabajadores (Cedocut), manifest\u00f3 que la flexibilizaci\u00f3n laboral no ha funcionado en el pa\u00eds. Dice que los inversionistas no vienen al Ecuador porque no hay seguridad jur\u00eddica, y eso lo saben los gobiernos de turnos, las reglas de juego se cambian cada dos a\u00f1os, cada r\u00e9gimen. Refiri\u00f3 que la inversi\u00f3n debe ser dirigida hacia actividades econ\u00f3micas en donde el pa\u00eds tiene mayor potencialidad como la agricultura. Ecuavisa\/ (jtr)<\/p>\n","protected":false},"author":1,"featured_media":3010,"comment_status":"open","ping_status":"open","sticky":false,"template":"","format":"standard","meta":{"footnotes":""},"categories":[268],"tags":[],"class_list":["post-3009","post","type-post","status-publish","format-standard","has-post-thumbnail","hentry","category-nacionales"],"_links":{"self":[{"href":"https:\/\/www.elamazonico.com\/portal\/wp-json\/wp\/v2\/posts\/3009","targetHints":{"allow":["GET"]}}],"collection":[{"href":"https:\/\/www.elamazonico.com\/portal\/wp-json\/wp\/v2\/posts"}],"about":[{"href":"https:\/\/www.elamazonico.com\/portal\/wp-json\/wp\/v2\/types\/post"}],"author":[{"embeddable":true,"href":"https:\/\/www.elamazonico.com\/portal\/wp-json\/wp\/v2\/users\/1"}],"replies":[{"embeddable":true,"href":"https:\/\/www.elamazonico.com\/portal\/wp-json\/wp\/v2\/comments?post=3009"}],"version-history":[{"count":1,"href":"https:\/\/www.elamazonico.com\/portal\/wp-json\/wp\/v2\/posts\/3009\/revisions"}],"predecessor-version":[{"id":3011,"href":"https:\/\/www.elamazonico.com\/portal\/wp-json\/wp\/v2\/posts\/3009\/revisions\/3011"}],"wp:featuredmedia":[{"embeddable":true,"href":"https:\/\/www.elamazonico.com\/portal\/wp-json\/wp\/v2\/media\/3010"}],"wp:attachment":[{"href":"https:\/\/www.elamazonico.com\/portal\/wp-json\/wp\/v2\/media?parent=3009"}],"wp:term":[{"taxonomy":"category","embeddable":true,"href":"https:\/\/www.elamazonico.com\/portal\/wp-json\/wp\/v2\/categories?post=3009"},{"taxonomy":"post_tag","embeddable":true,"href":"https:\/\/www.elamazonico.com\/portal\/wp-json\/wp\/v2\/tags?post=3009"}],"curies":[{"name":"wp","href":"https:\/\/api.w.org\/{rel}","templated":true}]}}