{"id":3006,"date":"2022-03-02T09:02:24","date_gmt":"2022-03-02T14:02:24","guid":{"rendered":"https:\/\/www.elamazonico.com\/portal\/?p=3006"},"modified":"2022-03-02T09:02:29","modified_gmt":"2022-03-02T14:02:29","slug":"guadalupe-llori-abusa-de-sesiones-virtuales-para-capear-crisis-legislativa","status":"publish","type":"post","link":"https:\/\/www.elamazonico.com\/portal\/guadalupe-llori-abusa-de-sesiones-virtuales-para-capear-crisis-legislativa\/","title":{"rendered":"Guadalupe Llori abusa de sesiones virtuales para capear crisis legislativa"},"content":{"rendered":"\n<p>Guadalupe Llori, presidenta de la Asamblea Nacional, apel\u00f3 a la revictamizaci\u00f3n de su figura pol\u00edtica para denunciar lo que ella llama el asalto a la Asamblea Nacional. Llori mostr\u00f3 un video con im\u00e1genes de cuando ella fue perseguida por el corre\u00edsmo y de la sesi\u00f3n del Pleno del jueves pasado en donde se ve a los asamble\u00edstas de UNES y del Partido Social Cristiano (PSC), apelando airadamente la conducci\u00f3n de la sesi\u00f3n de la Legislatura.<\/p>\n\n\n\n<p>Mencion\u00f3 que \u201cla democracia ecuatoriana enfrenta momentos dif\u00edciles. En los \u00faltimos d\u00edas, hechos bochornosos protagonizados por quienes buscan tomar por asalto la Asamblea Nacional. Repiten una vieja historia de atropellos con los que se han acostumbrados a violentar, a su capricho, normas y procedimientos legales\u201d.<\/p>\n\n\n\n<p>Dice que es acosada pol\u00edticamente por hacer respetar la independencia de las Funciones del Estado.<\/p>\n\n\n\n<p>Pidi\u00f3 a la opini\u00f3n p\u00fablica que no se deje enga\u00f1ar por quienes dicen que \u201csoy servil al Gobierno\u201d. \u201cSe les cay\u00f3 el carnavalazo que pretendieron montar el jueves en la sesi\u00f3n del Pleno de la Asamblea\u201d.<\/p>\n\n\n\n<p>\u201cNo se les fue la luz, se le vino la noche cuando fracas\u00f3 su plan, los mismos que -con su voto- permitieron que entre en vigencia por el Ministerio de la Ley la reforma tributaria a la que se oponen con feroz demagogia, son los que no han asistido a las sesiones del Pleno y del Consejo Administrativo Legislativo (CAL) que convoqu\u00e9 la semana pasada, en las que bien pudieron haber actuado en beneficio de la ciudadan\u00eda, a la que dicen defender\u201d.<br><br>Al final de su intervenci\u00f3n invoc\u00f3 a todas las bancadas a dejar las disputas de poder y concentrarse en las necesidades del pueblo ecuatoriano.<\/p>\n\n\n\n<p>Sesiones virtuales<\/p>\n\n\n\n<p>En paralelo, la titular de la Asamblea Nacional convoc\u00f3 nuevamente a sesi\u00f3n virtual para ma\u00f1ana, mi\u00e9rcoles 2 de marzo del 2022,a las 18:10, al Consejo de Administraci\u00f3n Legislativa. Antes lo hizo el s\u00e1bado 27 de febrero, bajo la misma modalidad, con el Pleno de la Asamblea. (jtr)<\/p>\n","protected":false},"excerpt":{"rendered":"<p>Guadalupe Llori, presidenta de la Asamblea Nacional, apel\u00f3 a la revictamizaci\u00f3n de su figura pol\u00edtica para denunciar lo que ella llama el asalto a la Asamblea Nacional. Llori mostr\u00f3 un video con im\u00e1genes de cuando ella fue perseguida por el corre\u00edsmo y de la sesi\u00f3n del Pleno del jueves pasado en donde se ve a los asamble\u00edstas de UNES y del Partido Social Cristiano (PSC), apelando airadamente la conducci\u00f3n de la sesi\u00f3n de la Legislatura. Mencion\u00f3 que \u201cla democracia ecuatoriana enfrenta momentos dif\u00edciles. En los \u00faltimos d\u00edas, hechos bochornosos protagonizados por quienes buscan tomar por asalto la Asamblea Nacional. Repiten una vieja historia de atropellos con los que se han acostumbrados a violentar, a su capricho, normas y procedimientos legales\u201d. Dice que es acosada pol\u00edticamente por hacer respetar la independencia de las Funciones del Estado. Pidi\u00f3 a la opini\u00f3n p\u00fablica que no se deje enga\u00f1ar por quienes dicen que \u201csoy servil al Gobierno\u201d. \u201cSe les cay\u00f3 el carnavalazo que pretendieron montar el jueves en la sesi\u00f3n del Pleno de la Asamblea\u201d. \u201cNo se les fue la luz, se le vino la noche cuando fracas\u00f3 su plan, los mismos que -con su voto- permitieron que entre en vigencia por el Ministerio de la Ley la reforma tributaria a la que se oponen con feroz demagogia, son los que no han asistido a las sesiones del Pleno y del Consejo Administrativo Legislativo (CAL) que convoqu\u00e9 la semana pasada, en las que bien pudieron haber actuado en beneficio de la ciudadan\u00eda, a la que dicen defender\u201d. Al final de su intervenci\u00f3n invoc\u00f3 a todas las bancadas a dejar las disputas de poder y concentrarse en las necesidades del pueblo ecuatoriano. Sesiones virtuales En paralelo, la titular de la Asamblea Nacional convoc\u00f3 nuevamente a sesi\u00f3n virtual para ma\u00f1ana, mi\u00e9rcoles 2 de marzo del 2022,a las 18:10, al Consejo de Administraci\u00f3n Legislativa. Antes lo hizo el s\u00e1bado 27 de febrero, bajo la misma modalidad, con el Pleno de la Asamblea. (jtr)<\/p>\n","protected":false},"author":1,"featured_media":3007,"comment_status":"open","ping_status":"open","sticky":false,"template":"","format":"standard","meta":{"footnotes":""},"categories":[268],"tags":[],"class_list":["post-3006","post","type-post","status-publish","format-standard","has-post-thumbnail","hentry","category-nacionales"],"_links":{"self":[{"href":"https:\/\/www.elamazonico.com\/portal\/wp-json\/wp\/v2\/posts\/3006","targetHints":{"allow":["GET"]}}],"collection":[{"href":"https:\/\/www.elamazonico.com\/portal\/wp-json\/wp\/v2\/posts"}],"about":[{"href":"https:\/\/www.elamazonico.com\/portal\/wp-json\/wp\/v2\/types\/post"}],"author":[{"embeddable":true,"href":"https:\/\/www.elamazonico.com\/portal\/wp-json\/wp\/v2\/users\/1"}],"replies":[{"embeddable":true,"href":"https:\/\/www.elamazonico.com\/portal\/wp-json\/wp\/v2\/comments?post=3006"}],"version-history":[{"count":1,"href":"https:\/\/www.elamazonico.com\/portal\/wp-json\/wp\/v2\/posts\/3006\/revisions"}],"predecessor-version":[{"id":3008,"href":"https:\/\/www.elamazonico.com\/portal\/wp-json\/wp\/v2\/posts\/3006\/revisions\/3008"}],"wp:featuredmedia":[{"embeddable":true,"href":"https:\/\/www.elamazonico.com\/portal\/wp-json\/wp\/v2\/media\/3007"}],"wp:attachment":[{"href":"https:\/\/www.elamazonico.com\/portal\/wp-json\/wp\/v2\/media?parent=3006"}],"wp:term":[{"taxonomy":"category","embeddable":true,"href":"https:\/\/www.elamazonico.com\/portal\/wp-json\/wp\/v2\/categories?post=3006"},{"taxonomy":"post_tag","embeddable":true,"href":"https:\/\/www.elamazonico.com\/portal\/wp-json\/wp\/v2\/tags?post=3006"}],"curies":[{"name":"wp","href":"https:\/\/api.w.org\/{rel}","templated":true}]}}