{"id":30035,"date":"2026-03-17T16:43:42","date_gmt":"2026-03-17T21:43:42","guid":{"rendered":"https:\/\/www.elamazonico.com\/portal\/?p=30035"},"modified":"2026-03-17T16:43:42","modified_gmt":"2026-03-17T21:43:42","slug":"asamblea-aprobo-ley-para-que-reos-trabajen-dentro-de-las-carceles-y-paguen-sus-necesidades","status":"publish","type":"post","link":"https:\/\/www.elamazonico.com\/portal\/asamblea-aprobo-ley-para-que-reos-trabajen-dentro-de-las-carceles-y-paguen-sus-necesidades\/","title":{"rendered":"Asamblea aprob\u00f3 ley para que reos trabajen dentro de las c\u00e1rceles y paguen sus necesidades"},"content":{"rendered":"<div class=\"paragraph texto\">\n<p class=\"p_0\">Los\u00a0<u><b>reos tendr\u00e1n que trabajar<\/b><\/u>\u00a0para sustentar sus necesidades luego de que este martes, 17 de marzo, la Asamblea aprob\u00f3 la<b><a href=\"https:\/\/www.vistazo.com\/politica\/nacional\/2026-11-03-ley-reos-trabajen-carceles-pasara-segundo-debate-asamblea-PC10749996\">\u00a0Ley para el Fortalecimiento del Sistema Penitenciario<\/a><\/b>.<\/p>\n<p class=\"p_1\">La nueva norma se aprob\u00f3 con\u00a0<u><b>84 votos afirmativos y 62 negativos<\/b><\/u>, en su mayor\u00eda de la Revoluci\u00f3n Ciudadana. Tambi\u00e9n, hubo dos abstenciones.<\/p>\n<p class=\"p_3\">Durante la sesi\u00f3n del Pleno, realizada en la Universidad Cat\u00f3lica de Cuenca, la presidenta de la Comisi\u00f3n de Seguridad Integral,\u00a0<u><b>In\u00e9s Alarc\u00f3n (ADN)<\/b><\/u>, present\u00f3 la moci\u00f3n para aprobar el texto \u00edntegro.<\/p>\n<div class=\"Center2Display\">\n<div id=\"Center2\" data-google-query-id=\"CMb8irfzp5MDFZM9HAAdEAgb1g\">\n<div id=\"google_ads_iframe_\/21839199781\/Vistazo\/Vistazo_Center2_0__container__\">\u201cPresentamos esta reforma con pilares fundamentales, porque entendemos que necesitamos inteligencia penitenciaria, <u><b>capacitaci\u00f3n para nuestros gu\u00edas penitenciarios, profesionalizaci\u00f3n y requisitos<\/b><\/u>\u00a0m\u00ednimos de ingreso, como pruebas de confianza\u201d, asegur\u00f3 Alarc\u00f3n.<\/div>\n<\/div>\n<\/div>\n<p class=\"p_5\">Mientras tanto, la legisladora corre\u00edsta,\u00a0<u><b>Jahiren Noriega<\/b><\/u>, describi\u00f3 al proyecto como\u00a0<u><b>\u201cvende humo\u201d<\/b><\/u>\u00a0porque, seg\u00fan ella, no hay presupuesto y voluntad pol\u00edtica por parte del Gobierno.<\/p>\n<p class=\"p_7\">Por su parte, el asamble\u00edsta\u00a0<u><b>Fernando Cede\u00f1o<\/b><\/u>, tambi\u00e9n de la Revoluci\u00f3n Ciudadana (RC), asegur\u00f3 que es una ley\u00a0<u><b>\u201cdedicada\u201d\u00a0<\/b><\/u>para el alcalde Aquiles Alvarez, quien permanece en prisi\u00f3n preventiva en la C\u00e1rcel del Encuentro.<\/p>\n<p class=\"p_8\">Cede\u00f1o indic\u00f3 que la reforma penitenciaria incorpora un<b>\u00a0<\/b><u><b>r\u00e9gimen especial para personas que incluso est\u00e1n con medidas preventivas<\/b><\/u>, pese a que este grupo goza de la presunci\u00f3n de inocencia porque no les han dictado sentencia.<\/p>\n<\/div>\n<div class=\"multimediaMacroWrapper img lateral\">\n<figure class=\"contentMedia art-img\">\n<div><img fetchpriority=\"high\" decoding=\"async\" class=\" lazyloaded\" title=\"Debate sobre reformas penitenciarias se realiz\u00f3 en Cuenca.\" src=\"https:\/\/www.vistazo.com\/placeholder\/svg\/viewbox\/768x512\" sizes=\"100vw\" srcset=\"\/\/www.vistazo.com\/binrepository\/768x512\/0c0\/0d0\/none\/12727\/LJJH\/55153248819-49e402f502-k_2634200_20260317145926.jpg 768w,\/\/www.vistazo.com\/binrepository\/640x427\/0c0\/0d0\/none\/12727\/LJJT\/55153248819-49e402f502-k_2634200_20260317145926.jpg 640w,\/\/www.vistazo.com\/binrepository\/512x341\/0c0\/0d0\/none\/12727\/LJJW\/55153248819-49e402f502-k_2634200_20260317145926.jpg 512w,\/\/www.vistazo.com\/binrepository\/384x256\/0c0\/0d0\/none\/12727\/LJJI\/55153248819-49e402f502-k_2634200_20260317145926.jpg 384w,\/\/www.vistazo.com\/binrepository\/300x200\/0c0\/0d0\/none\/12727\/LJJV\/55153248819-49e402f502-k_2634200_20260317145926.jpg 300w\" alt=\"$!Debate sobre reformas penitenciarias se realiz\u00f3 en Cuenca.\" width=\"768\" height=\"512\" data-srcset=\"\/\/www.vistazo.com\/binrepository\/768x512\/0c0\/0d0\/none\/12727\/LJJH\/55153248819-49e402f502-k_2634200_20260317145926.jpg 768w,\/\/www.vistazo.com\/binrepository\/640x427\/0c0\/0d0\/none\/12727\/LJJT\/55153248819-49e402f502-k_2634200_20260317145926.jpg 640w,\/\/www.vistazo.com\/binrepository\/512x341\/0c0\/0d0\/none\/12727\/LJJW\/55153248819-49e402f502-k_2634200_20260317145926.jpg 512w,\/\/www.vistazo.com\/binrepository\/384x256\/0c0\/0d0\/none\/12727\/LJJI\/55153248819-49e402f502-k_2634200_20260317145926.jpg 384w,\/\/www.vistazo.com\/binrepository\/300x200\/0c0\/0d0\/none\/12727\/LJJV\/55153248819-49e402f502-k_2634200_20260317145926.jpg 300w\" \/><\/div>\n<div class=\"cutline-byline\"><span class=\"cutline-text\">Debate sobre reformas penitenciarias se realiz\u00f3 en Cuenca.<\/span>\u00a0<span class=\"byline-image\">(IVAN MATUTE)<\/span><\/div>\n<\/figure>\n<\/div>\n<h2 class=\"h2vistazo\">\u00bfQU\u00c9 PLANTEA LA LEY DE FORTALECIMIENTO PENITENCIARIO?<\/h2>\n<ul>\n<li class=\"bulletvistazo\">La ley plantea el fortalecimiento del Cuerpo de Seguridad y Vigilancia Penitenciaria como una entidad especializada, civil, armada y jerarquizada.<\/li>\n<li class=\"bulletvistazo\">Permite la incorporaci\u00f3n de polic\u00edas y militares en servicio pasivo al sistema penitenciario.<\/li>\n<li class=\"bulletvistazo\">Clasifica los centros penitenciarios y las personas privadas de libertad seg\u00fan niveles de seguridad y riesgo.<\/li>\n<li class=\"bulletvistazo\">Establece la implementaci\u00f3n de un r\u00e9gimen especial para personas privadas de libertad de alta peligrosidad.<\/li>\n<li class=\"bulletvistazo\">Fortalece el sistema de inteligencia penitenciaria para prevenir la violencia y desarticular estructuras criminales.<\/li>\n<li class=\"bulletvistazo\">Incorpora reformas al r\u00e9gimen disciplinario para combatir la corrupci\u00f3n dentro del sistema.<\/li>\n<li class=\"bulletvistazo\">Implementa pol\u00edticas de trabajo penitenciario orientadas a la rehabilitaci\u00f3n y reinserci\u00f3n social.<\/li>\n<\/ul>\n","protected":false},"excerpt":{"rendered":"<p>Los\u00a0reos tendr\u00e1n que trabajar\u00a0para sustentar sus necesidades luego de que este martes, 17 de marzo, la Asamblea aprob\u00f3 la\u00a0Ley para el Fortalecimiento del Sistema Penitenciario. La nueva norma se aprob\u00f3 con\u00a084 votos afirmativos y 62 negativos, en su mayor\u00eda de la Revoluci\u00f3n Ciudadana. Tambi\u00e9n, hubo dos abstenciones. Durante la sesi\u00f3n del Pleno, realizada en la Universidad Cat\u00f3lica de Cuenca, la presidenta de la Comisi\u00f3n de Seguridad Integral,\u00a0In\u00e9s Alarc\u00f3n (ADN), present\u00f3 la moci\u00f3n para aprobar el texto \u00edntegro. \u201cPresentamos esta reforma con pilares fundamentales, porque entendemos que necesitamos inteligencia penitenciaria, capacitaci\u00f3n para nuestros gu\u00edas penitenciarios, profesionalizaci\u00f3n y requisitos\u00a0m\u00ednimos de ingreso, como pruebas de confianza\u201d, asegur\u00f3 Alarc\u00f3n. Mientras tanto, la legisladora corre\u00edsta,\u00a0Jahiren Noriega, describi\u00f3 al proyecto como\u00a0\u201cvende humo\u201d\u00a0porque, seg\u00fan ella, no hay presupuesto y voluntad pol\u00edtica por parte del Gobierno. Por su parte, el asamble\u00edsta\u00a0Fernando Cede\u00f1o, tambi\u00e9n de la Revoluci\u00f3n Ciudadana (RC), asegur\u00f3 que es una ley\u00a0\u201cdedicada\u201d\u00a0para el alcalde Aquiles Alvarez, quien permanece en prisi\u00f3n preventiva en la C\u00e1rcel del Encuentro. Cede\u00f1o indic\u00f3 que la reforma penitenciaria incorpora un\u00a0r\u00e9gimen especial para personas que incluso est\u00e1n con medidas preventivas, pese a que este grupo goza de la presunci\u00f3n de inocencia porque no les han dictado sentencia. Debate sobre reformas penitenciarias se realiz\u00f3 en Cuenca.\u00a0(IVAN MATUTE) \u00bfQU\u00c9 PLANTEA LA LEY DE FORTALECIMIENTO PENITENCIARIO? La ley plantea el fortalecimiento del Cuerpo de Seguridad y Vigilancia Penitenciaria como una entidad especializada, civil, armada y jerarquizada. Permite la incorporaci\u00f3n de polic\u00edas y militares en servicio pasivo al sistema penitenciario. Clasifica los centros penitenciarios y las personas privadas de libertad seg\u00fan niveles de seguridad y riesgo. Establece la implementaci\u00f3n de un r\u00e9gimen especial para personas privadas de libertad de alta peligrosidad. Fortalece el sistema de inteligencia penitenciaria para prevenir la violencia y desarticular estructuras criminales. Incorpora reformas al r\u00e9gimen disciplinario para combatir la corrupci\u00f3n dentro del sistema. Implementa pol\u00edticas de trabajo penitenciario orientadas a la rehabilitaci\u00f3n y reinserci\u00f3n social.<\/p>\n","protected":false},"author":1,"featured_media":30036,"comment_status":"closed","ping_status":"closed","sticky":false,"template":"","format":"standard","meta":{"footnotes":""},"categories":[268],"tags":[],"class_list":["post-30035","post","type-post","status-publish","format-standard","has-post-thumbnail","hentry","category-nacionales"],"_links":{"self":[{"href":"https:\/\/www.elamazonico.com\/portal\/wp-json\/wp\/v2\/posts\/30035","targetHints":{"allow":["GET"]}}],"collection":[{"href":"https:\/\/www.elamazonico.com\/portal\/wp-json\/wp\/v2\/posts"}],"about":[{"href":"https:\/\/www.elamazonico.com\/portal\/wp-json\/wp\/v2\/types\/post"}],"author":[{"embeddable":true,"href":"https:\/\/www.elamazonico.com\/portal\/wp-json\/wp\/v2\/users\/1"}],"replies":[{"embeddable":true,"href":"https:\/\/www.elamazonico.com\/portal\/wp-json\/wp\/v2\/comments?post=30035"}],"version-history":[{"count":1,"href":"https:\/\/www.elamazonico.com\/portal\/wp-json\/wp\/v2\/posts\/30035\/revisions"}],"predecessor-version":[{"id":30037,"href":"https:\/\/www.elamazonico.com\/portal\/wp-json\/wp\/v2\/posts\/30035\/revisions\/30037"}],"wp:featuredmedia":[{"embeddable":true,"href":"https:\/\/www.elamazonico.com\/portal\/wp-json\/wp\/v2\/media\/30036"}],"wp:attachment":[{"href":"https:\/\/www.elamazonico.com\/portal\/wp-json\/wp\/v2\/media?parent=30035"}],"wp:term":[{"taxonomy":"category","embeddable":true,"href":"https:\/\/www.elamazonico.com\/portal\/wp-json\/wp\/v2\/categories?post=30035"},{"taxonomy":"post_tag","embeddable":true,"href":"https:\/\/www.elamazonico.com\/portal\/wp-json\/wp\/v2\/tags?post=30035"}],"curies":[{"name":"wp","href":"https:\/\/api.w.org\/{rel}","templated":true}]}}