{"id":30025,"date":"2026-03-17T15:14:13","date_gmt":"2026-03-17T20:14:13","guid":{"rendered":"https:\/\/www.elamazonico.com\/portal\/?p=30025"},"modified":"2026-03-17T15:17:24","modified_gmt":"2026-03-17T20:17:24","slug":"zamora-chinchipe-abre-sus-puertas-al-pais-y-desafia-narrativas-externas","status":"publish","type":"post","link":"https:\/\/www.elamazonico.com\/portal\/zamora-chinchipe-abre-sus-puertas-al-pais-y-desafia-narrativas-externas\/","title":{"rendered":"Zamora Chinchipe abre sus puertas al pa\u00eds y desaf\u00eda narrativas externas"},"content":{"rendered":"<p data-start=\"296\" data-end=\"631\"><strong data-start=\"296\" data-end=\"317\">Zamora Chinchipe.<\/strong>\u2013 En medio del debate nacional sobre la realidad de la Amazon\u00eda ecuatoriana, la Prefectura de Zamora Chinchipe emiti\u00f3 un comunicado oficial en el que reafirma su compromiso con el desarrollo integral de la provincia y defiende su imagen frente a discursos que no reflejan su verdadera din\u00e1mica social y productiva.<\/p>\n<p data-start=\"633\" data-end=\"900\">La instituci\u00f3n provincial subray\u00f3 que Zamora Chinchipe es un territorio caracterizado por una poblaci\u00f3n emprendedora, productiva y comprometida con el progreso, destacando el trabajo articulado que se impulsa en distintos sectores para fortalecer el desarrollo local.<\/p>\n<p data-start=\"902\" data-end=\"1192\">En este contexto, la Prefectura extendi\u00f3 una invitaci\u00f3n abierta a analistas, periodistas y medios de comunicaci\u00f3n a visitar la provincia, recorrer sus cantones y conocer de primera mano los proyectos de infraestructura, producci\u00f3n y desarrollo que se ejecutan en beneficio de la ciudadan\u00eda.<\/p>\n<p data-start=\"1194\" data-end=\"1457\">El pronunciamiento enfatiza la importancia de que tanto el pa\u00eds como la comunidad internacional accedan a informaci\u00f3n directa, verificada y contextualizada sobre la realidad amaz\u00f3nica, en un momento en el que el debate p\u00fablico exige mayor responsabilidad y rigor.<\/p>\n<p data-start=\"1459\" data-end=\"1725\">Asimismo, se destac\u00f3 al cant\u00f3n El Pangui como un ejemplo del potencial productivo de la provincia, con iniciativas en sectores como el cacao, caf\u00e9, tilapia, orqu\u00eddeas y ganader\u00eda, que evidencian el esfuerzo diario de su poblaci\u00f3n y su aporte al desarrollo econ\u00f3mico.<\/p>\n<p data-start=\"1727\" data-end=\"1938\">Finalmente, la Prefectura reiter\u00f3 que Zamora Chinchipe es una provincia que aporta al pa\u00eds con trabajo, desarrollo y oportunidades, posicion\u00e1ndose como un territorio con amplio potencial en el contexto nacional.<\/p>\n<p data-start=\"1727\" data-end=\"1938\"><img fetchpriority=\"high\" decoding=\"async\" class=\"alignnone size-medium wp-image-30026\" src=\"https:\/\/www.elamazonico.com\/portal\/wp-content\/uploads\/2026\/03\/652804605_863009656795028_7787471669102379165_n-240x300.jpg\" alt=\"\" width=\"240\" height=\"300\" srcset=\"https:\/\/www.elamazonico.com\/portal\/wp-content\/uploads\/2026\/03\/652804605_863009656795028_7787471669102379165_n-240x300.jpg 240w, https:\/\/www.elamazonico.com\/portal\/wp-content\/uploads\/2026\/03\/652804605_863009656795028_7787471669102379165_n-819x1024.jpg 819w, https:\/\/www.elamazonico.com\/portal\/wp-content\/uploads\/2026\/03\/652804605_863009656795028_7787471669102379165_n-768x961.jpg 768w, https:\/\/www.elamazonico.com\/portal\/wp-content\/uploads\/2026\/03\/652804605_863009656795028_7787471669102379165_n-1228x1536.jpg 1228w, https:\/\/www.elamazonico.com\/portal\/wp-content\/uploads\/2026\/03\/652804605_863009656795028_7787471669102379165_n.jpg 1279w\" sizes=\"(max-width: 240px) 100vw, 240px\" \/><\/p>\n","protected":false},"excerpt":{"rendered":"<p>Zamora Chinchipe.\u2013 En medio del debate nacional sobre la realidad de la Amazon\u00eda ecuatoriana, la Prefectura de Zamora Chinchipe emiti\u00f3 un comunicado oficial en el que reafirma su compromiso con el desarrollo integral de la provincia y defiende su imagen frente a discursos que no reflejan su verdadera din\u00e1mica social y productiva. La instituci\u00f3n provincial subray\u00f3 que Zamora Chinchipe es un territorio caracterizado por una poblaci\u00f3n emprendedora, productiva y comprometida con el progreso, destacando el trabajo articulado que se impulsa en distintos sectores para fortalecer el desarrollo local. En este contexto, la Prefectura extendi\u00f3 una invitaci\u00f3n abierta a analistas, periodistas y medios de comunicaci\u00f3n a visitar la provincia, recorrer sus cantones y conocer de primera mano los proyectos de infraestructura, producci\u00f3n y desarrollo que se ejecutan en beneficio de la ciudadan\u00eda. El pronunciamiento enfatiza la importancia de que tanto el pa\u00eds como la comunidad internacional accedan a informaci\u00f3n directa, verificada y contextualizada sobre la realidad amaz\u00f3nica, en un momento en el que el debate p\u00fablico exige mayor responsabilidad y rigor. Asimismo, se destac\u00f3 al cant\u00f3n El Pangui como un ejemplo del potencial productivo de la provincia, con iniciativas en sectores como el cacao, caf\u00e9, tilapia, orqu\u00eddeas y ganader\u00eda, que evidencian el esfuerzo diario de su poblaci\u00f3n y su aporte al desarrollo econ\u00f3mico. Finalmente, la Prefectura reiter\u00f3 que Zamora Chinchipe es una provincia que aporta al pa\u00eds con trabajo, desarrollo y oportunidades, posicion\u00e1ndose como un territorio con amplio potencial en el contexto nacional.<\/p>\n","protected":false},"author":1,"featured_media":30027,"comment_status":"closed","ping_status":"closed","sticky":false,"template":"","format":"standard","meta":{"footnotes":""},"categories":[243],"tags":[],"class_list":["post-30025","post","type-post","status-publish","format-standard","has-post-thumbnail","hentry","category-noticias-zamora"],"_links":{"self":[{"href":"https:\/\/www.elamazonico.com\/portal\/wp-json\/wp\/v2\/posts\/30025","targetHints":{"allow":["GET"]}}],"collection":[{"href":"https:\/\/www.elamazonico.com\/portal\/wp-json\/wp\/v2\/posts"}],"about":[{"href":"https:\/\/www.elamazonico.com\/portal\/wp-json\/wp\/v2\/types\/post"}],"author":[{"embeddable":true,"href":"https:\/\/www.elamazonico.com\/portal\/wp-json\/wp\/v2\/users\/1"}],"replies":[{"embeddable":true,"href":"https:\/\/www.elamazonico.com\/portal\/wp-json\/wp\/v2\/comments?post=30025"}],"version-history":[{"count":1,"href":"https:\/\/www.elamazonico.com\/portal\/wp-json\/wp\/v2\/posts\/30025\/revisions"}],"predecessor-version":[{"id":30028,"href":"https:\/\/www.elamazonico.com\/portal\/wp-json\/wp\/v2\/posts\/30025\/revisions\/30028"}],"wp:featuredmedia":[{"embeddable":true,"href":"https:\/\/www.elamazonico.com\/portal\/wp-json\/wp\/v2\/media\/30027"}],"wp:attachment":[{"href":"https:\/\/www.elamazonico.com\/portal\/wp-json\/wp\/v2\/media?parent=30025"}],"wp:term":[{"taxonomy":"category","embeddable":true,"href":"https:\/\/www.elamazonico.com\/portal\/wp-json\/wp\/v2\/categories?post=30025"},{"taxonomy":"post_tag","embeddable":true,"href":"https:\/\/www.elamazonico.com\/portal\/wp-json\/wp\/v2\/tags?post=30025"}],"curies":[{"name":"wp","href":"https:\/\/api.w.org\/{rel}","templated":true}]}}