{"id":30022,"date":"2026-03-17T14:50:57","date_gmt":"2026-03-17T19:50:57","guid":{"rendered":"https:\/\/www.elamazonico.com\/portal\/?p=30022"},"modified":"2026-03-17T14:50:57","modified_gmt":"2026-03-17T19:50:57","slug":"gad-palanda-restablece-la-movilidad-tras-limpieza-de-derrumbe-en-la-via-yangana-valladolid","status":"publish","type":"post","link":"https:\/\/www.elamazonico.com\/portal\/gad-palanda-restablece-la-movilidad-tras-limpieza-de-derrumbe-en-la-via-yangana-valladolid\/","title":{"rendered":"GAD Palanda restablece la movilidad tras limpieza de derrumbe en la v\u00eda Yangana \u2013 Valladolid"},"content":{"rendered":"<p>El Gobierno Aut\u00f3nomo Descentralizado (GAD) del cant\u00f3n Palanda ejecut\u00f3 trabajos de limpieza y remoci\u00f3n de material p\u00e9treo producto de un derrumbe registrado en el tramo vial Yangana \u2013 Valladolid, con el prop\u00f3sito de restablecer la circulaci\u00f3n vehicular y garantizar la seguridad de los usuarios de esta importante arteria vial.<\/p>\n<p>La intervenci\u00f3n se desarroll\u00f3 mediante el despliegue de maquinaria pesada, permitiendo habilitar nuevamente el tr\u00e1nsito en este corredor estrat\u00e9gico que conecta a varias comunidades del sector. Estas acciones forman parte de las competencias institucionales orientadas a la atenci\u00f3n de emergencias y mantenimiento de la red vial cantonal.<\/p>\n<p>Desde la instituci\u00f3n se ofrecieron disculpas a la ciudadan\u00eda por la demora en la atenci\u00f3n de esta contingencia. Seg\u00fan lo informado, la situaci\u00f3n se debi\u00f3 a la falta de una plataforma para el traslado de maquinaria, lo que oblig\u00f3 a realizar gestiones previas para su obtenci\u00f3n y movilizaci\u00f3n hasta el sitio afectado.<\/p>\n<p>Asimismo, el GAD Palanda expres\u00f3 su reconocimiento y agradecimiento a la empresa privada por el apoyo brindado, cuya colaboraci\u00f3n fue determinante para atender de manera oportuna esta emergencia y lograr la rehabilitaci\u00f3n de la v\u00eda.<\/p>\n<p>Finalmente, las autoridades reiteraron su compromiso de continuar trabajando en la atenci\u00f3n de eventos adversos que afecten la infraestructura vial, priorizando la seguridad y conectividad de la poblaci\u00f3n del cant\u00f3n Palanda.<\/p>\n","protected":false},"excerpt":{"rendered":"<p>El Gobierno Aut\u00f3nomo Descentralizado (GAD) del cant\u00f3n Palanda ejecut\u00f3 trabajos de limpieza y remoci\u00f3n de material p\u00e9treo producto de un derrumbe registrado en el tramo vial Yangana \u2013 Valladolid, con el prop\u00f3sito de restablecer la circulaci\u00f3n vehicular y garantizar la seguridad de los usuarios de esta importante arteria vial. La intervenci\u00f3n se desarroll\u00f3 mediante el despliegue de maquinaria pesada, permitiendo habilitar nuevamente el tr\u00e1nsito en este corredor estrat\u00e9gico que conecta a varias comunidades del sector. Estas acciones forman parte de las competencias institucionales orientadas a la atenci\u00f3n de emergencias y mantenimiento de la red vial cantonal. Desde la instituci\u00f3n se ofrecieron disculpas a la ciudadan\u00eda por la demora en la atenci\u00f3n de esta contingencia. Seg\u00fan lo informado, la situaci\u00f3n se debi\u00f3 a la falta de una plataforma para el traslado de maquinaria, lo que oblig\u00f3 a realizar gestiones previas para su obtenci\u00f3n y movilizaci\u00f3n hasta el sitio afectado. Asimismo, el GAD Palanda expres\u00f3 su reconocimiento y agradecimiento a la empresa privada por el apoyo brindado, cuya colaboraci\u00f3n fue determinante para atender de manera oportuna esta emergencia y lograr la rehabilitaci\u00f3n de la v\u00eda. Finalmente, las autoridades reiteraron su compromiso de continuar trabajando en la atenci\u00f3n de eventos adversos que afecten la infraestructura vial, priorizando la seguridad y conectividad de la poblaci\u00f3n del cant\u00f3n Palanda.<\/p>\n","protected":false},"author":1,"featured_media":30023,"comment_status":"closed","ping_status":"closed","sticky":false,"template":"","format":"standard","meta":{"footnotes":""},"categories":[243],"tags":[],"class_list":["post-30022","post","type-post","status-publish","format-standard","has-post-thumbnail","hentry","category-noticias-zamora"],"_links":{"self":[{"href":"https:\/\/www.elamazonico.com\/portal\/wp-json\/wp\/v2\/posts\/30022","targetHints":{"allow":["GET"]}}],"collection":[{"href":"https:\/\/www.elamazonico.com\/portal\/wp-json\/wp\/v2\/posts"}],"about":[{"href":"https:\/\/www.elamazonico.com\/portal\/wp-json\/wp\/v2\/types\/post"}],"author":[{"embeddable":true,"href":"https:\/\/www.elamazonico.com\/portal\/wp-json\/wp\/v2\/users\/1"}],"replies":[{"embeddable":true,"href":"https:\/\/www.elamazonico.com\/portal\/wp-json\/wp\/v2\/comments?post=30022"}],"version-history":[{"count":1,"href":"https:\/\/www.elamazonico.com\/portal\/wp-json\/wp\/v2\/posts\/30022\/revisions"}],"predecessor-version":[{"id":30024,"href":"https:\/\/www.elamazonico.com\/portal\/wp-json\/wp\/v2\/posts\/30022\/revisions\/30024"}],"wp:featuredmedia":[{"embeddable":true,"href":"https:\/\/www.elamazonico.com\/portal\/wp-json\/wp\/v2\/media\/30023"}],"wp:attachment":[{"href":"https:\/\/www.elamazonico.com\/portal\/wp-json\/wp\/v2\/media?parent=30022"}],"wp:term":[{"taxonomy":"category","embeddable":true,"href":"https:\/\/www.elamazonico.com\/portal\/wp-json\/wp\/v2\/categories?post=30022"},{"taxonomy":"post_tag","embeddable":true,"href":"https:\/\/www.elamazonico.com\/portal\/wp-json\/wp\/v2\/tags?post=30022"}],"curies":[{"name":"wp","href":"https:\/\/api.w.org\/{rel}","templated":true}]}}