{"id":30015,"date":"2026-03-17T14:41:33","date_gmt":"2026-03-17T19:41:33","guid":{"rendered":"https:\/\/www.elamazonico.com\/portal\/?p=30015"},"modified":"2026-03-17T14:41:58","modified_gmt":"2026-03-17T19:41:58","slug":"desbordamientos-de-quebradas-causan-emergencias-en-el-pangui","status":"publish","type":"post","link":"https:\/\/www.elamazonico.com\/portal\/desbordamientos-de-quebradas-causan-emergencias-en-el-pangui\/","title":{"rendered":"Desbordamientos de quebradas causan emergencias en El Pangui"},"content":{"rendered":"<p>La ma\u00f1ana de este martes 17 de marzo de 2026, el Cuerpo de Bomberos de El Pangui atendi\u00f3 m\u00faltiples alertas de emergencia registradas en distintos sectores del cant\u00f3n, como consecuencia del desbordamiento de quebradas que provocaron inundaciones en varias viviendas.<br \/>\nDe acuerdo con el reporte oficial, las afectaciones se concentran en los sectores La Alborada, Jes\u00fas del Gran Poder, La Recta y El Guismi, donde el incremento del caudal h\u00eddrico gener\u00f3 anegaciones que comprometieron la seguridad y bienes de varias familias.<\/p>\n<p>Ante esta situaci\u00f3n, el personal operativo del Cuerpo de Bomberos despleg\u00f3 acciones inmediatas de respuesta, enfocadas en la evaluaci\u00f3n de da\u00f1os y la atenci\u00f3n directa a las familias afectadas. De manera paralela, se estableci\u00f3 un trabajo articulado con el Gobierno Aut\u00f3nomo Descentralizado (GAD) Municipal de El Pangui, con el objetivo de coordinar medidas de mitigaci\u00f3n de riesgos y garantizar la protecci\u00f3n de la poblaci\u00f3n.<\/p>\n<p>Las autoridades se mantienen en territorio realizando monitoreo constante de las zonas vulnerables, mientras se exhorta a la ciudadan\u00eda a mantenerse informada a trav\u00e9s de los canales oficiales y a reportar cualquier eventualidad que pueda poner en riesgo la integridad de las personas.<\/p>\n<p>Este evento evidencia la necesidad de fortalecer los sistemas de prevenci\u00f3n y respuesta ante fen\u00f3menos hidrometeorol\u00f3gicos, especialmente en zonas propensas a inundaciones, con el fin de reducir impactos y salvaguardar la seguridad de la comunidad.<\/p>\n","protected":false},"excerpt":{"rendered":"<p>La ma\u00f1ana de este martes 17 de marzo de 2026, el Cuerpo de Bomberos de El Pangui atendi\u00f3 m\u00faltiples alertas de emergencia registradas en distintos sectores del cant\u00f3n, como consecuencia del desbordamiento de quebradas que provocaron inundaciones en varias viviendas. De acuerdo con el reporte oficial, las afectaciones se concentran en los sectores La Alborada, Jes\u00fas del Gran Poder, La Recta y El Guismi, donde el incremento del caudal h\u00eddrico gener\u00f3 anegaciones que comprometieron la seguridad y bienes de varias familias. Ante esta situaci\u00f3n, el personal operativo del Cuerpo de Bomberos despleg\u00f3 acciones inmediatas de respuesta, enfocadas en la evaluaci\u00f3n de da\u00f1os y la atenci\u00f3n directa a las familias afectadas. De manera paralela, se estableci\u00f3 un trabajo articulado con el Gobierno Aut\u00f3nomo Descentralizado (GAD) Municipal de El Pangui, con el objetivo de coordinar medidas de mitigaci\u00f3n de riesgos y garantizar la protecci\u00f3n de la poblaci\u00f3n. Las autoridades se mantienen en territorio realizando monitoreo constante de las zonas vulnerables, mientras se exhorta a la ciudadan\u00eda a mantenerse informada a trav\u00e9s de los canales oficiales y a reportar cualquier eventualidad que pueda poner en riesgo la integridad de las personas. Este evento evidencia la necesidad de fortalecer los sistemas de prevenci\u00f3n y respuesta ante fen\u00f3menos hidrometeorol\u00f3gicos, especialmente en zonas propensas a inundaciones, con el fin de reducir impactos y salvaguardar la seguridad de la comunidad.<\/p>\n","protected":false},"author":1,"featured_media":30016,"comment_status":"closed","ping_status":"closed","sticky":false,"template":"","format":"standard","meta":{"footnotes":""},"categories":[243],"tags":[],"class_list":["post-30015","post","type-post","status-publish","format-standard","has-post-thumbnail","hentry","category-noticias-zamora"],"_links":{"self":[{"href":"https:\/\/www.elamazonico.com\/portal\/wp-json\/wp\/v2\/posts\/30015","targetHints":{"allow":["GET"]}}],"collection":[{"href":"https:\/\/www.elamazonico.com\/portal\/wp-json\/wp\/v2\/posts"}],"about":[{"href":"https:\/\/www.elamazonico.com\/portal\/wp-json\/wp\/v2\/types\/post"}],"author":[{"embeddable":true,"href":"https:\/\/www.elamazonico.com\/portal\/wp-json\/wp\/v2\/users\/1"}],"replies":[{"embeddable":true,"href":"https:\/\/www.elamazonico.com\/portal\/wp-json\/wp\/v2\/comments?post=30015"}],"version-history":[{"count":2,"href":"https:\/\/www.elamazonico.com\/portal\/wp-json\/wp\/v2\/posts\/30015\/revisions"}],"predecessor-version":[{"id":30018,"href":"https:\/\/www.elamazonico.com\/portal\/wp-json\/wp\/v2\/posts\/30015\/revisions\/30018"}],"wp:featuredmedia":[{"embeddable":true,"href":"https:\/\/www.elamazonico.com\/portal\/wp-json\/wp\/v2\/media\/30016"}],"wp:attachment":[{"href":"https:\/\/www.elamazonico.com\/portal\/wp-json\/wp\/v2\/media?parent=30015"}],"wp:term":[{"taxonomy":"category","embeddable":true,"href":"https:\/\/www.elamazonico.com\/portal\/wp-json\/wp\/v2\/categories?post=30015"},{"taxonomy":"post_tag","embeddable":true,"href":"https:\/\/www.elamazonico.com\/portal\/wp-json\/wp\/v2\/tags?post=30015"}],"curies":[{"name":"wp","href":"https:\/\/api.w.org\/{rel}","templated":true}]}}