{"id":30008,"date":"2026-03-17T10:18:57","date_gmt":"2026-03-17T15:18:57","guid":{"rendered":"https:\/\/www.elamazonico.com\/portal\/?p=30008"},"modified":"2026-03-17T10:18:57","modified_gmt":"2026-03-17T15:18:57","slug":"fiscalia-investiga-a-cristian-zamora-por-presunto-enriquecimiento-ilicito-y-allano-la-alcaldia-de-cuenca","status":"publish","type":"post","link":"https:\/\/www.elamazonico.com\/portal\/fiscalia-investiga-a-cristian-zamora-por-presunto-enriquecimiento-ilicito-y-allano-la-alcaldia-de-cuenca\/","title":{"rendered":"Fiscal\u00eda investiga a Cristian Zamora por presunto enriquecimiento il\u00edcito y allan\u00f3 la Alcald\u00eda de Cuenca"},"content":{"rendered":"<p>La Fiscal\u00eda y la Polic\u00eda allanaron la Alcald\u00eda de Cuenca este 17 de marzo de 2026, adem\u00e1s de la vivienda del alcalde Cristian Zamora y otro domicilio. Las diligencias son parte de una investigaci\u00f3n previa por presunto enriquecimiento il\u00edcito.<\/p>\n<p>\u00abEn estos inmuebles se recabaron indicios y evidencias, como computadoras, un tel\u00e9fono celular, dispositivos de almacenamiento y documentos\u00bb, public\u00f3 la Fiscal\u00eda a trav\u00e9s de sus redes sociales.<\/p>\n<p>Una fuente de la Fiscal\u00eda confirm\u00f3 a PRIMICIAS que la investigaci\u00f3n previa es en contra del alcalde Zamora e inici\u00f3 tras informaci\u00f3n enviada por la Contralor\u00eda. Luego, el propio alcalde de Cuenca se refiri\u00f3 al caso en una entrevista con La Voz del Tomebamba.<\/p>\n<p>\u00abDicen que me he enriquecido con recursos que entre familiares nos hemos prestado\u00bb, se defendi\u00f3 el alcalde, quien es propietario de una empresa de alimentos y la investigaci\u00f3n esta relacionada con esa actividad econ\u00f3mica.<\/p>\n<p>Zamora ratific\u00f3 que la investigaci\u00f3n nace de \u00abla persecuci\u00f3n de la Contralor\u00eda\u00bb, entidad con la que ya ha tenido enfrentamientos tras los ex\u00e1menes de auditor\u00eda realizados a su gesti\u00f3n. Sin embargo, seg\u00fan Zamora, las indagaciones son desde antes que \u00e9l asuma la Alcald\u00eda de Cuenca.<\/p>\n<p>Antes de asumir ese cargo en 2023, Zamora fue concejal de Cuenca desde 2014.<\/p>\n<p>\u00abQuieren hacernos da\u00f1o\u00bb, a\u00f1adi\u00f3 Zamora al referirse a la investigaci\u00f3n previa que lleva a cabo la Fiscal\u00eda. <strong>Fuente: Primicias<\/strong><\/p>\n","protected":false},"excerpt":{"rendered":"<p>La Fiscal\u00eda y la Polic\u00eda allanaron la Alcald\u00eda de Cuenca este 17 de marzo de 2026, adem\u00e1s de la vivienda del alcalde Cristian Zamora y otro domicilio. Las diligencias son parte de una investigaci\u00f3n previa por presunto enriquecimiento il\u00edcito. \u00abEn estos inmuebles se recabaron indicios y evidencias, como computadoras, un tel\u00e9fono celular, dispositivos de almacenamiento y documentos\u00bb, public\u00f3 la Fiscal\u00eda a trav\u00e9s de sus redes sociales. Una fuente de la Fiscal\u00eda confirm\u00f3 a PRIMICIAS que la investigaci\u00f3n previa es en contra del alcalde Zamora e inici\u00f3 tras informaci\u00f3n enviada por la Contralor\u00eda. Luego, el propio alcalde de Cuenca se refiri\u00f3 al caso en una entrevista con La Voz del Tomebamba. \u00abDicen que me he enriquecido con recursos que entre familiares nos hemos prestado\u00bb, se defendi\u00f3 el alcalde, quien es propietario de una empresa de alimentos y la investigaci\u00f3n esta relacionada con esa actividad econ\u00f3mica. Zamora ratific\u00f3 que la investigaci\u00f3n nace de \u00abla persecuci\u00f3n de la Contralor\u00eda\u00bb, entidad con la que ya ha tenido enfrentamientos tras los ex\u00e1menes de auditor\u00eda realizados a su gesti\u00f3n. Sin embargo, seg\u00fan Zamora, las indagaciones son desde antes que \u00e9l asuma la Alcald\u00eda de Cuenca. Antes de asumir ese cargo en 2023, Zamora fue concejal de Cuenca desde 2014. \u00abQuieren hacernos da\u00f1o\u00bb, a\u00f1adi\u00f3 Zamora al referirse a la investigaci\u00f3n previa que lleva a cabo la Fiscal\u00eda. Fuente: Primicias<\/p>\n","protected":false},"author":1,"featured_media":30009,"comment_status":"closed","ping_status":"closed","sticky":false,"template":"","format":"standard","meta":{"footnotes":""},"categories":[268],"tags":[],"class_list":["post-30008","post","type-post","status-publish","format-standard","has-post-thumbnail","hentry","category-nacionales"],"_links":{"self":[{"href":"https:\/\/www.elamazonico.com\/portal\/wp-json\/wp\/v2\/posts\/30008","targetHints":{"allow":["GET"]}}],"collection":[{"href":"https:\/\/www.elamazonico.com\/portal\/wp-json\/wp\/v2\/posts"}],"about":[{"href":"https:\/\/www.elamazonico.com\/portal\/wp-json\/wp\/v2\/types\/post"}],"author":[{"embeddable":true,"href":"https:\/\/www.elamazonico.com\/portal\/wp-json\/wp\/v2\/users\/1"}],"replies":[{"embeddable":true,"href":"https:\/\/www.elamazonico.com\/portal\/wp-json\/wp\/v2\/comments?post=30008"}],"version-history":[{"count":1,"href":"https:\/\/www.elamazonico.com\/portal\/wp-json\/wp\/v2\/posts\/30008\/revisions"}],"predecessor-version":[{"id":30010,"href":"https:\/\/www.elamazonico.com\/portal\/wp-json\/wp\/v2\/posts\/30008\/revisions\/30010"}],"wp:featuredmedia":[{"embeddable":true,"href":"https:\/\/www.elamazonico.com\/portal\/wp-json\/wp\/v2\/media\/30009"}],"wp:attachment":[{"href":"https:\/\/www.elamazonico.com\/portal\/wp-json\/wp\/v2\/media?parent=30008"}],"wp:term":[{"taxonomy":"category","embeddable":true,"href":"https:\/\/www.elamazonico.com\/portal\/wp-json\/wp\/v2\/categories?post=30008"},{"taxonomy":"post_tag","embeddable":true,"href":"https:\/\/www.elamazonico.com\/portal\/wp-json\/wp\/v2\/tags?post=30008"}],"curies":[{"name":"wp","href":"https:\/\/api.w.org\/{rel}","templated":true}]}}