{"id":30005,"date":"2026-03-17T09:36:43","date_gmt":"2026-03-17T14:36:43","guid":{"rendered":"https:\/\/www.elamazonico.com\/portal\/?p=30005"},"modified":"2026-03-17T09:36:43","modified_gmt":"2026-03-17T14:36:43","slug":"marcela-aguinaga-cuestiona-al-gobierno-por-terminar-unilateralmente-el-convenio-del-quinto-puente-de-guayaquil","status":"publish","type":"post","link":"https:\/\/www.elamazonico.com\/portal\/marcela-aguinaga-cuestiona-al-gobierno-por-terminar-unilateralmente-el-convenio-del-quinto-puente-de-guayaquil\/","title":{"rendered":"Marcela Agui\u00f1aga cuestiona al Gobierno por terminar unilateralmente el convenio del Quinto Puente de Guayaquil"},"content":{"rendered":"<div class=\"paragraph texto\">\n<p class=\"p_0\">La prefecta del Guayas,\u00a0<b><a href=\"https:\/\/www.vistazo.com\/cronologia\/-\/meta\/marcela-aguinaga\">Marcela Agui\u00f1aga<\/a><\/b>, anunci\u00f3, la noche de este lunes 16 de marzo, que el Ministerio de Infraestructura y Transporte\u00a0<u>termin\u00f3 unilateralmente el convenio de los accesos al\u00a0<\/u><u><b>Quinto Puente de Guayaquil<\/b><\/u><b>.<\/b><\/p>\n<p class=\"p_2\">A trav\u00e9s de un video difundido en redes sociales, la funcionaria inform\u00f3 que la decisi\u00f3n afecta espec\u00edficamente a los tramos 4 y 5 del proyecto, cuya ejecuci\u00f3n estaba a cargo de la Prefectura.<\/p>\n<\/div>\n<h2 class=\"h2vistazo\">\u2018Intentan justificar una decisi\u00f3n pol\u00edtica\u2019<\/h2>\n<div class=\"paragraph texto\">\n<p class=\"p_3\">Agui\u00f1aga cuestion\u00f3 la medida adoptada por el Gobierno Nacional y se\u00f1al\u00f3 que se estar\u00eda intentando \u201c<u><b>justificar una decisi\u00f3n pol\u00edtica con un acto administrativo<\/b><\/u>\u201d.<\/p>\n<p class=\"p_4\">Seg\u00fan explic\u00f3, el Ministerio argument\u00f3 una supuesta\u00a0<b>ineficiencia<\/b>\u00a0y\u00a0<b>abandono<\/b>\u00a0de la obra; sin embargo, la prefecta rechaz\u00f3 estas afirmaciones. \u201c<u><b>Eso es falso<\/b><\/u>\u201d, enfatiz\u00f3.<\/p>\n<p class=\"p_6\">La autoridad provincial sostuvo que el proyecto nunca fue abandonado y que, por el contrario, se mantuvo la voluntad de sacarlo adelante, incluso frente a dificultades como\u00a0<b>estudios t\u00e9cnicos incompletos<\/b>\u00a0\u2014que, seg\u00fan indic\u00f3, fueron contratados y aprobados por el propio Ministerio\u2014 y retrasos en los desembolsos.<\/p>\n<\/div>\n<h2 class=\"h2vistazo\">Prefectura se\u00f1ala retrasos y problemas t\u00e9cnicos<\/h2>\n<div class=\"paragraph texto\">\n<p class=\"p_7\">De acuerdo con Agui\u00f1aga, durante la ejecuci\u00f3n se evidenciaron\u00a0<b>problemas<\/b>\u00a0en los estudios originales.<\/p>\n<p class=\"p_8\">Adem\u00e1s, se\u00f1al\u00f3 que en 2025 no se realizaron\u00a0<b>desembolsos<\/b>\u00a0y que varias aprobaciones por parte del Ministerio se\u00a0<b>retrasaron<\/b>, afectando el cronograma de la obra.<\/p>\n<p class=\"p_10\">\u201cLa notificaci\u00f3n no contiene un an\u00e1lisis t\u00e9cnico que respalde lo que se afirma. Es un acto administrativo con el que el Ministerio intenta justificar una decisi\u00f3n evidentemente\u00a0<b>pol\u00edtica<\/b>\u201d, asegur\u00f3.<\/p>\n<p class=\"p_11\">Frente a este escenario, la prefecta indic\u00f3 que la instituci\u00f3n proceder\u00e1 conforme a la ley y cumplir\u00e1 con los pasos administrativos correspondientes.<\/p>\n<p class=\"p_12\">\u201c<b>Es una pena<\/b>\u00a0que, en medio de emergencias y de necesidades urgentes que tiene nuestra provincia,\u00a0<u><b>la pol\u00edtica termine convirti\u00e9ndose en un deporte de alto riesgo<\/b><\/u>\u201d, manifest\u00f3.<\/p>\n<p class=\"p_13\">El &#8216;<b>Quinto Puente<\/b>&#8216; busca conectar la zona portuaria del sur de Guayaquil con los principales corredores viales usados por los transportistas para el traslado de mercanc\u00edas desde y hacia provincias como: El Oro, Azuay, Chimborazo, Los R\u00edos, Santo Domingo, Pichincha y Tungurahua. <strong>Fuente: Vistazo<\/strong><\/p>\n<\/div>\n","protected":false},"excerpt":{"rendered":"<p>La prefecta del Guayas,\u00a0Marcela Agui\u00f1aga, anunci\u00f3, la noche de este lunes 16 de marzo, que el Ministerio de Infraestructura y Transporte\u00a0termin\u00f3 unilateralmente el convenio de los accesos al\u00a0Quinto Puente de Guayaquil. A trav\u00e9s de un video difundido en redes sociales, la funcionaria inform\u00f3 que la decisi\u00f3n afecta espec\u00edficamente a los tramos 4 y 5 del proyecto, cuya ejecuci\u00f3n estaba a cargo de la Prefectura. \u2018Intentan justificar una decisi\u00f3n pol\u00edtica\u2019 Agui\u00f1aga cuestion\u00f3 la medida adoptada por el Gobierno Nacional y se\u00f1al\u00f3 que se estar\u00eda intentando \u201cjustificar una decisi\u00f3n pol\u00edtica con un acto administrativo\u201d. Seg\u00fan explic\u00f3, el Ministerio argument\u00f3 una supuesta\u00a0ineficiencia\u00a0y\u00a0abandono\u00a0de la obra; sin embargo, la prefecta rechaz\u00f3 estas afirmaciones. \u201cEso es falso\u201d, enfatiz\u00f3. La autoridad provincial sostuvo que el proyecto nunca fue abandonado y que, por el contrario, se mantuvo la voluntad de sacarlo adelante, incluso frente a dificultades como\u00a0estudios t\u00e9cnicos incompletos\u00a0\u2014que, seg\u00fan indic\u00f3, fueron contratados y aprobados por el propio Ministerio\u2014 y retrasos en los desembolsos. Prefectura se\u00f1ala retrasos y problemas t\u00e9cnicos De acuerdo con Agui\u00f1aga, durante la ejecuci\u00f3n se evidenciaron\u00a0problemas\u00a0en los estudios originales. Adem\u00e1s, se\u00f1al\u00f3 que en 2025 no se realizaron\u00a0desembolsos\u00a0y que varias aprobaciones por parte del Ministerio se\u00a0retrasaron, afectando el cronograma de la obra. \u201cLa notificaci\u00f3n no contiene un an\u00e1lisis t\u00e9cnico que respalde lo que se afirma. Es un acto administrativo con el que el Ministerio intenta justificar una decisi\u00f3n evidentemente\u00a0pol\u00edtica\u201d, asegur\u00f3. Frente a este escenario, la prefecta indic\u00f3 que la instituci\u00f3n proceder\u00e1 conforme a la ley y cumplir\u00e1 con los pasos administrativos correspondientes. \u201cEs una pena\u00a0que, en medio de emergencias y de necesidades urgentes que tiene nuestra provincia,\u00a0la pol\u00edtica termine convirti\u00e9ndose en un deporte de alto riesgo\u201d, manifest\u00f3. El &#8216;Quinto Puente&#8216; busca conectar la zona portuaria del sur de Guayaquil con los principales corredores viales usados por los transportistas para el traslado de mercanc\u00edas desde y hacia provincias como: El Oro, Azuay, Chimborazo, Los R\u00edos, Santo Domingo, Pichincha y Tungurahua. Fuente: Vistazo<\/p>\n","protected":false},"author":1,"featured_media":30006,"comment_status":"closed","ping_status":"closed","sticky":false,"template":"","format":"standard","meta":{"footnotes":""},"categories":[268],"tags":[],"class_list":["post-30005","post","type-post","status-publish","format-standard","has-post-thumbnail","hentry","category-nacionales"],"_links":{"self":[{"href":"https:\/\/www.elamazonico.com\/portal\/wp-json\/wp\/v2\/posts\/30005","targetHints":{"allow":["GET"]}}],"collection":[{"href":"https:\/\/www.elamazonico.com\/portal\/wp-json\/wp\/v2\/posts"}],"about":[{"href":"https:\/\/www.elamazonico.com\/portal\/wp-json\/wp\/v2\/types\/post"}],"author":[{"embeddable":true,"href":"https:\/\/www.elamazonico.com\/portal\/wp-json\/wp\/v2\/users\/1"}],"replies":[{"embeddable":true,"href":"https:\/\/www.elamazonico.com\/portal\/wp-json\/wp\/v2\/comments?post=30005"}],"version-history":[{"count":1,"href":"https:\/\/www.elamazonico.com\/portal\/wp-json\/wp\/v2\/posts\/30005\/revisions"}],"predecessor-version":[{"id":30007,"href":"https:\/\/www.elamazonico.com\/portal\/wp-json\/wp\/v2\/posts\/30005\/revisions\/30007"}],"wp:featuredmedia":[{"embeddable":true,"href":"https:\/\/www.elamazonico.com\/portal\/wp-json\/wp\/v2\/media\/30006"}],"wp:attachment":[{"href":"https:\/\/www.elamazonico.com\/portal\/wp-json\/wp\/v2\/media?parent=30005"}],"wp:term":[{"taxonomy":"category","embeddable":true,"href":"https:\/\/www.elamazonico.com\/portal\/wp-json\/wp\/v2\/categories?post=30005"},{"taxonomy":"post_tag","embeddable":true,"href":"https:\/\/www.elamazonico.com\/portal\/wp-json\/wp\/v2\/tags?post=30005"}],"curies":[{"name":"wp","href":"https:\/\/api.w.org\/{rel}","templated":true}]}}