{"id":30001,"date":"2026-03-17T09:28:33","date_gmt":"2026-03-17T14:28:33","guid":{"rendered":"https:\/\/www.elamazonico.com\/portal\/?p=30001"},"modified":"2026-03-17T09:28:53","modified_gmt":"2026-03-17T14:28:53","slug":"daniel-noboa-desmiente-a-petro-sobre-bombardeo-y-lo-acusa-de-refugiar-a-la-familia-de-fito-y-a-luisa-gonzalez","status":"publish","type":"post","link":"https:\/\/www.elamazonico.com\/portal\/daniel-noboa-desmiente-a-petro-sobre-bombardeo-y-lo-acusa-de-refugiar-a-la-familia-de-fito-y-a-luisa-gonzalez\/","title":{"rendered":"Daniel Noboa desmiente a Petro sobre bombardeo y lo acusa de refugiar a la familia de Fito y a Luisa Gonz\u00e1lez"},"content":{"rendered":"<div class=\"paragraph texto\">\n<p class=\"p_0\">El presidente de la Rep\u00fablica,\u00a0<b><a href=\"https:\/\/www.vistazo.com\/politica\/nacional\/2026-02-27-daniel-noboa-defiende-arancel-50-colombia-mejor-mantener-tasa-alta-HG10705266\">Daniel Noboa<\/a><\/b>, tild\u00f3 de falsas las acusaciones de su hom\u00f3logo colombiano,\u00a0<b>Gustavo Petro<\/b>, acerca de un presunto bombardeo por parte del Gobierno ecuatoriano en el territorio colombiano.<\/p>\n<p class=\"p_2\">A trav\u00e9s de redes sociales, Noboa se pronunci\u00f3 este martes 17 de marzo para desmentir a Petro, a quien adem\u00e1s acus\u00f3 de dar refugio a la familia de alias &#8216;<b>Fito<\/b>&#8216; y a la excandidata presidencial de Revoluci\u00f3n Ciudadana,\u00a0<b>Luisa Gonz\u00e1lez<\/b>.<\/p>\n<\/div>\n<h2 class=\"h2vistazo\">Noboa defiende operativos contra el narcotr\u00e1fico<\/h2>\n<div class=\"paragraph texto\">\n<p class=\"p_3\">El pronunciamiento de\u00a0<b>Petro<\/b>\u00a0se dio durante un consejo de ministros, donde afirm\u00f3 que se registr\u00f3 un bombardeo en una zona lim\u00edtrofe con Ecuador, lo que \u2014seg\u00fan dijo\u2014 reforzar\u00eda su sospecha de un ataque proveniente del pa\u00eds vecino.<\/p>\n<div class=\"Center2Display\">\n<div id=\"Center2\" data-google-query-id=\"CMCN1Y2Sp5MDFVYZ0AQdO3sg6Q\">\n<div id=\"google_ads_iframe_\/21839199781\/Vistazo\/Vistazo_Center2_0__container__\">No obstante, el mandatario colombiano tambi\u00e9n se\u00f1al\u00f3 que se deber\u00e1 investigar el hecho para esclarecer lo ocurrido. \u00abHa aparecido una bomba tirada desde un avi\u00f3n. Se va a investigar bien los modos, muy en la frontera con Ecuador (sic), ratificando un poco mi sospecha, pero <u><b>hay que investigar bien, que est\u00e1n bombarde\u00e1ndonos desde Ecuador y no son los grupos armados<\/b><\/u>\u00ab, expres\u00f3 el mandatario.<\/div>\n<\/div>\n<\/div>\n<p class=\"p_6\">Frente a estas declaraciones, Noboa fue enf\u00e1tico en desmentir cualquier acci\u00f3n militar fuera del territorio ecuatoriano. \u201c<u><b>Presidente Petro, sus declaraciones son falsas; estamos actuando en nuestro territorio, no en el suyo<\/b><\/u>\u201d, sostuvo.<\/p>\n<p class=\"p_7\">Adem\u00e1s, el jefe de Estado ecuatoriano afirm\u00f3 que desde el inicio de su mandato se ha combatido al\u00a0<b>narcoterrorismo<\/b>\u00a0en todas sus formas: \u00aba los que operan en las calles y a los que, desde la pol\u00edtica o incluso desde la funci\u00f3n judicial, se prestan para proteger a los delincuentes\u00bb.<\/p>\n<\/div>\n<h2 class=\"h2vistazo\">Escala tensi\u00f3n entre Ecuador y Colombia<\/h2>\n<div class=\"paragraph texto\">\n<p class=\"p_8\">Noboa asegur\u00f3 que Ecuador, con apoyo de la cooperaci\u00f3n internacional, mantiene operativos contra estos grupos, atacando los lugares que serv\u00edan como\u00a0<b>escondite<\/b>.<\/p>\n<p class=\"p_9\">En ese contexto, Noboa a\u00f1adi\u00f3 que se trata, en gran parte, de estructuras criminales de origen colombiano que \u2014seg\u00fan dijo\u2014 \u00ab<u><b>su mismo gobierno permiti\u00f3 infiltrarse en nuestro pa\u00eds por descuido de su frontera<\/b><\/u>\u00ab.<\/p>\n<p class=\"p_10\">Finalmente, el jefe de Estado sostuvo que no dar\u00e1 marcha atr\u00e1s. \u00abMientras en Colombia les dan espacio a la familia de\u00a0<b>Fito<\/b>, que cruzaron al pa\u00eds en pleno toque de queda nacional, coincidentemente al mismo tiempo que la excandidata\u00a0<b>Luisa Gonz\u00e1lez<\/b>. Nosotros seguiremos limpiando y levantando a Ecuador\u00bb, concluy\u00f3.<\/p>\n<p class=\"p_12\">La denuncia de Petro ocurre en medio de la\u00a0<b>guerra comercial<\/b>\u00a0entre ambos pa\u00edses, que inici\u00f3 en enero el presidente\u00a0<b>Daniel Noboa<\/b>, al anunciar la imposici\u00f3n de una \u00ab<b>tasa de seguridad<\/b>\u00bb del 30 % a importaciones colombianas, ante una supuesta falta de acciones del Gobierno vecino en la lucha contra el\u00a0<b>narcotr\u00e1fico<\/b> en la frontera. <strong>Fuente: Vistazo<\/strong><\/p>\n<\/div>\n","protected":false},"excerpt":{"rendered":"<p>El presidente de la Rep\u00fablica,\u00a0Daniel Noboa, tild\u00f3 de falsas las acusaciones de su hom\u00f3logo colombiano,\u00a0Gustavo Petro, acerca de un presunto bombardeo por parte del Gobierno ecuatoriano en el territorio colombiano. A trav\u00e9s de redes sociales, Noboa se pronunci\u00f3 este martes 17 de marzo para desmentir a Petro, a quien adem\u00e1s acus\u00f3 de dar refugio a la familia de alias &#8216;Fito&#8216; y a la excandidata presidencial de Revoluci\u00f3n Ciudadana,\u00a0Luisa Gonz\u00e1lez. Noboa defiende operativos contra el narcotr\u00e1fico El pronunciamiento de\u00a0Petro\u00a0se dio durante un consejo de ministros, donde afirm\u00f3 que se registr\u00f3 un bombardeo en una zona lim\u00edtrofe con Ecuador, lo que \u2014seg\u00fan dijo\u2014 reforzar\u00eda su sospecha de un ataque proveniente del pa\u00eds vecino. No obstante, el mandatario colombiano tambi\u00e9n se\u00f1al\u00f3 que se deber\u00e1 investigar el hecho para esclarecer lo ocurrido. \u00abHa aparecido una bomba tirada desde un avi\u00f3n. Se va a investigar bien los modos, muy en la frontera con Ecuador (sic), ratificando un poco mi sospecha, pero hay que investigar bien, que est\u00e1n bombarde\u00e1ndonos desde Ecuador y no son los grupos armados\u00ab, expres\u00f3 el mandatario. Frente a estas declaraciones, Noboa fue enf\u00e1tico en desmentir cualquier acci\u00f3n militar fuera del territorio ecuatoriano. \u201cPresidente Petro, sus declaraciones son falsas; estamos actuando en nuestro territorio, no en el suyo\u201d, sostuvo. Adem\u00e1s, el jefe de Estado ecuatoriano afirm\u00f3 que desde el inicio de su mandato se ha combatido al\u00a0narcoterrorismo\u00a0en todas sus formas: \u00aba los que operan en las calles y a los que, desde la pol\u00edtica o incluso desde la funci\u00f3n judicial, se prestan para proteger a los delincuentes\u00bb. Escala tensi\u00f3n entre Ecuador y Colombia Noboa asegur\u00f3 que Ecuador, con apoyo de la cooperaci\u00f3n internacional, mantiene operativos contra estos grupos, atacando los lugares que serv\u00edan como\u00a0escondite. En ese contexto, Noboa a\u00f1adi\u00f3 que se trata, en gran parte, de estructuras criminales de origen colombiano que \u2014seg\u00fan dijo\u2014 \u00absu mismo gobierno permiti\u00f3 infiltrarse en nuestro pa\u00eds por descuido de su frontera\u00ab. Finalmente, el jefe de Estado sostuvo que no dar\u00e1 marcha atr\u00e1s. \u00abMientras en Colombia les dan espacio a la familia de\u00a0Fito, que cruzaron al pa\u00eds en pleno toque de queda nacional, coincidentemente al mismo tiempo que la excandidata\u00a0Luisa Gonz\u00e1lez. Nosotros seguiremos limpiando y levantando a Ecuador\u00bb, concluy\u00f3. La denuncia de Petro ocurre en medio de la\u00a0guerra comercial\u00a0entre ambos pa\u00edses, que inici\u00f3 en enero el presidente\u00a0Daniel Noboa, al anunciar la imposici\u00f3n de una \u00abtasa de seguridad\u00bb del 30 % a importaciones colombianas, ante una supuesta falta de acciones del Gobierno vecino en la lucha contra el\u00a0narcotr\u00e1fico en la frontera. Fuente: Vistazo<\/p>\n","protected":false},"author":1,"featured_media":30002,"comment_status":"closed","ping_status":"closed","sticky":false,"template":"","format":"standard","meta":{"footnotes":""},"categories":[268],"tags":[],"class_list":["post-30001","post","type-post","status-publish","format-standard","has-post-thumbnail","hentry","category-nacionales"],"_links":{"self":[{"href":"https:\/\/www.elamazonico.com\/portal\/wp-json\/wp\/v2\/posts\/30001","targetHints":{"allow":["GET"]}}],"collection":[{"href":"https:\/\/www.elamazonico.com\/portal\/wp-json\/wp\/v2\/posts"}],"about":[{"href":"https:\/\/www.elamazonico.com\/portal\/wp-json\/wp\/v2\/types\/post"}],"author":[{"embeddable":true,"href":"https:\/\/www.elamazonico.com\/portal\/wp-json\/wp\/v2\/users\/1"}],"replies":[{"embeddable":true,"href":"https:\/\/www.elamazonico.com\/portal\/wp-json\/wp\/v2\/comments?post=30001"}],"version-history":[{"count":2,"href":"https:\/\/www.elamazonico.com\/portal\/wp-json\/wp\/v2\/posts\/30001\/revisions"}],"predecessor-version":[{"id":30004,"href":"https:\/\/www.elamazonico.com\/portal\/wp-json\/wp\/v2\/posts\/30001\/revisions\/30004"}],"wp:featuredmedia":[{"embeddable":true,"href":"https:\/\/www.elamazonico.com\/portal\/wp-json\/wp\/v2\/media\/30002"}],"wp:attachment":[{"href":"https:\/\/www.elamazonico.com\/portal\/wp-json\/wp\/v2\/media?parent=30001"}],"wp:term":[{"taxonomy":"category","embeddable":true,"href":"https:\/\/www.elamazonico.com\/portal\/wp-json\/wp\/v2\/categories?post=30001"},{"taxonomy":"post_tag","embeddable":true,"href":"https:\/\/www.elamazonico.com\/portal\/wp-json\/wp\/v2\/tags?post=30001"}],"curies":[{"name":"wp","href":"https:\/\/api.w.org\/{rel}","templated":true}]}}