{"id":29997,"date":"2026-03-17T06:27:46","date_gmt":"2026-03-17T11:27:46","guid":{"rendered":"https:\/\/www.elamazonico.com\/portal\/?p=29997"},"modified":"2026-03-17T06:27:46","modified_gmt":"2026-03-17T11:27:46","slug":"asambleista-esperanza-rogel-rechaza-declaraciones-que-estigmatizan-a-el-pangui-y-zamora-ch","status":"publish","type":"post","link":"https:\/\/www.elamazonico.com\/portal\/asambleista-esperanza-rogel-rechaza-declaraciones-que-estigmatizan-a-el-pangui-y-zamora-ch\/","title":{"rendered":"Asamble\u00edsta Esperanza Rogel rechaza declaraciones que estigmatizan a El Pangui y Zamora Ch."},"content":{"rendered":"<p data-start=\"315\" data-end=\"762\"><strong data-start=\"315\" data-end=\"336\">Zamora Chinchipe.<\/strong>\u2013 A trav\u00e9s de sus redes sociales, la asamble\u00edsta por Zamora Chinchipe, <strong data-start=\"407\" data-end=\"426\">Esperanza Rogel<\/strong>, emiti\u00f3 un pronunciamiento en\u00e9rgico en el que expresa su rechazo firme frente a las declaraciones realizadas por Michelle Maffei en el medio nacional Ecuavisa, las cuales, seg\u00fan se\u00f1al\u00f3, generalizan de manera injusta a territorios de la Amazon\u00eda ecuatoriana, afectando su imagen y desconociendo su verdadera realidad social.<\/p>\n<p data-start=\"764\" data-end=\"1007\">La legisladora calific\u00f3 estas afirmaciones como <strong data-start=\"864\" data-end=\"931\">irresponsables, carentes de rigor y profundamente perjudiciales<\/strong>, al reproducir estigmas que vulneran la dignidad de los pueblos amaz\u00f3nicos.<\/p>\n<p data-start=\"1009\" data-end=\"1314\">\u201cEl Pangui no puede ni debe ser estigmatizado por afirmaciones fuera de contexto. Detr\u00e1s de cada territorio existe gente trabajadora, familias que luchan d\u00eda a d\u00eda y una historia construida con esfuerzo, dignidad y esperanza. A ellos, mi respaldo claro y permanente\u201d, enfatiz\u00f3 Rogel en su pronunciamiento.<\/p>\n<p data-start=\"1316\" data-end=\"1590\">En un tono firme y categ\u00f3rico, la asamble\u00edsta advirti\u00f3 que <strong data-start=\"1375\" data-end=\"1438\">no se permitir\u00e1 que se manche el nombre de Zamora Chinchipe<\/strong>, subrayando que la defensa del territorio constituye no solo una obligaci\u00f3n pol\u00edtica, sino un deber \u00e9tico frente a la verdad y la justicia territorial.<\/p>\n<p data-start=\"1592\" data-end=\"1842\">Asimismo, sostuvo que este tipo de discursos evidencian una preocupante falta de responsabilidad en el tratamiento de la informaci\u00f3n p\u00fablica, especialmente cuando se emiten juicios que afectan a comunidades enteras sin sustento t\u00e9cnico ni contextual.<\/p>\n<p data-start=\"1844\" data-end=\"2150\">\u201cVamos a defender nuestra provincia con firmeza, con argumentos y con la fuerza de la verdad. Exigimos respeto y responsabilidad en cada palabra que se emita sobre nuestros territorios. Zamora Chinchipe es gente de bien, y esa es la verdad que represento y seguir\u00e9 defendiendo desde mi funci\u00f3n\u201d, manifest\u00f3.<\/p>\n<p data-start=\"1844\" data-end=\"2150\"><img fetchpriority=\"high\" decoding=\"async\" class=\"alignnone size-medium wp-image-29998\" src=\"https:\/\/www.elamazonico.com\/portal\/wp-content\/uploads\/2026\/03\/653910622_1250611727274499_2861371142916346105_n-240x300.jpg\" alt=\"\" width=\"240\" height=\"300\" srcset=\"https:\/\/www.elamazonico.com\/portal\/wp-content\/uploads\/2026\/03\/653910622_1250611727274499_2861371142916346105_n-240x300.jpg 240w, https:\/\/www.elamazonico.com\/portal\/wp-content\/uploads\/2026\/03\/653910622_1250611727274499_2861371142916346105_n-819x1024.jpg 819w, https:\/\/www.elamazonico.com\/portal\/wp-content\/uploads\/2026\/03\/653910622_1250611727274499_2861371142916346105_n-768x960.jpg 768w, https:\/\/www.elamazonico.com\/portal\/wp-content\/uploads\/2026\/03\/653910622_1250611727274499_2861371142916346105_n-1229x1536.jpg 1229w, https:\/\/www.elamazonico.com\/portal\/wp-content\/uploads\/2026\/03\/653910622_1250611727274499_2861371142916346105_n.jpg 1638w\" sizes=\"(max-width: 240px) 100vw, 240px\" \/><\/p>\n","protected":false},"excerpt":{"rendered":"<p>Zamora Chinchipe.\u2013 A trav\u00e9s de sus redes sociales, la asamble\u00edsta por Zamora Chinchipe, Esperanza Rogel, emiti\u00f3 un pronunciamiento en\u00e9rgico en el que expresa su rechazo firme frente a las declaraciones realizadas por Michelle Maffei en el medio nacional Ecuavisa, las cuales, seg\u00fan se\u00f1al\u00f3, generalizan de manera injusta a territorios de la Amazon\u00eda ecuatoriana, afectando su imagen y desconociendo su verdadera realidad social. La legisladora calific\u00f3 estas afirmaciones como irresponsables, carentes de rigor y profundamente perjudiciales, al reproducir estigmas que vulneran la dignidad de los pueblos amaz\u00f3nicos. \u201cEl Pangui no puede ni debe ser estigmatizado por afirmaciones fuera de contexto. Detr\u00e1s de cada territorio existe gente trabajadora, familias que luchan d\u00eda a d\u00eda y una historia construida con esfuerzo, dignidad y esperanza. A ellos, mi respaldo claro y permanente\u201d, enfatiz\u00f3 Rogel en su pronunciamiento. En un tono firme y categ\u00f3rico, la asamble\u00edsta advirti\u00f3 que no se permitir\u00e1 que se manche el nombre de Zamora Chinchipe, subrayando que la defensa del territorio constituye no solo una obligaci\u00f3n pol\u00edtica, sino un deber \u00e9tico frente a la verdad y la justicia territorial. Asimismo, sostuvo que este tipo de discursos evidencian una preocupante falta de responsabilidad en el tratamiento de la informaci\u00f3n p\u00fablica, especialmente cuando se emiten juicios que afectan a comunidades enteras sin sustento t\u00e9cnico ni contextual. \u201cVamos a defender nuestra provincia con firmeza, con argumentos y con la fuerza de la verdad. Exigimos respeto y responsabilidad en cada palabra que se emita sobre nuestros territorios. Zamora Chinchipe es gente de bien, y esa es la verdad que represento y seguir\u00e9 defendiendo desde mi funci\u00f3n\u201d, manifest\u00f3.<\/p>\n","protected":false},"author":1,"featured_media":29999,"comment_status":"closed","ping_status":"closed","sticky":false,"template":"","format":"standard","meta":{"footnotes":""},"categories":[243],"tags":[],"class_list":["post-29997","post","type-post","status-publish","format-standard","has-post-thumbnail","hentry","category-noticias-zamora"],"_links":{"self":[{"href":"https:\/\/www.elamazonico.com\/portal\/wp-json\/wp\/v2\/posts\/29997","targetHints":{"allow":["GET"]}}],"collection":[{"href":"https:\/\/www.elamazonico.com\/portal\/wp-json\/wp\/v2\/posts"}],"about":[{"href":"https:\/\/www.elamazonico.com\/portal\/wp-json\/wp\/v2\/types\/post"}],"author":[{"embeddable":true,"href":"https:\/\/www.elamazonico.com\/portal\/wp-json\/wp\/v2\/users\/1"}],"replies":[{"embeddable":true,"href":"https:\/\/www.elamazonico.com\/portal\/wp-json\/wp\/v2\/comments?post=29997"}],"version-history":[{"count":1,"href":"https:\/\/www.elamazonico.com\/portal\/wp-json\/wp\/v2\/posts\/29997\/revisions"}],"predecessor-version":[{"id":30000,"href":"https:\/\/www.elamazonico.com\/portal\/wp-json\/wp\/v2\/posts\/29997\/revisions\/30000"}],"wp:featuredmedia":[{"embeddable":true,"href":"https:\/\/www.elamazonico.com\/portal\/wp-json\/wp\/v2\/media\/29999"}],"wp:attachment":[{"href":"https:\/\/www.elamazonico.com\/portal\/wp-json\/wp\/v2\/media?parent=29997"}],"wp:term":[{"taxonomy":"category","embeddable":true,"href":"https:\/\/www.elamazonico.com\/portal\/wp-json\/wp\/v2\/categories?post=29997"},{"taxonomy":"post_tag","embeddable":true,"href":"https:\/\/www.elamazonico.com\/portal\/wp-json\/wp\/v2\/tags?post=29997"}],"curies":[{"name":"wp","href":"https:\/\/api.w.org\/{rel}","templated":true}]}}