{"id":29991,"date":"2026-03-17T05:19:21","date_gmt":"2026-03-17T10:19:21","guid":{"rendered":"https:\/\/www.elamazonico.com\/portal\/?p=29991"},"modified":"2026-03-17T05:19:21","modified_gmt":"2026-03-17T10:19:21","slug":"alcaldia-de-el-pangui-rechaza-declaraciones-que-vinculan-al-canton-con-economias-ilicitas","status":"publish","type":"post","link":"https:\/\/www.elamazonico.com\/portal\/alcaldia-de-el-pangui-rechaza-declaraciones-que-vinculan-al-canton-con-economias-ilicitas\/","title":{"rendered":"Alcald\u00eda de El Pangui rechaza declaraciones que vinculan al cant\u00f3n con econom\u00edas il\u00edcitas"},"content":{"rendered":"<p data-start=\"276\" data-end=\"805\"><strong data-start=\"276\" data-end=\"308\">El Pangui, Zamora Chinchipe.<\/strong>\u2013 La Alcald\u00eda del cant\u00f3n El Pangui emiti\u00f3 un pronunciamiento oficial en el que rechaza de manera categ\u00f3rica las declaraciones realizadas por la experta en seguridad y crimen organizado, Michelle Maffei, quien durante el programa <em data-start=\"537\" data-end=\"555\">C<strong>ontacto Directo<\/strong><\/em><strong> de Ecuavisa<\/strong>, transmitido el lunes 16 de marzo de 2026, afirm\u00f3 que ciertos territorios de la Amazon\u00eda ecuatoriana ser\u00edan espacios propicios para el lavado de activos y la instalaci\u00f3n de laboratorios de coca\u00edna, mencionando como ejemplo a este cant\u00f3n.<\/p>\n<p data-start=\"807\" data-end=\"1173\">En el comunicado, el Gobierno Aut\u00f3nomo Descentralizado de El Pangui calific\u00f3 estas afirmaciones como \u201cfuera de contexto y profundamente perjudiciales\u201d, al considerar que afectan directamente la imagen y reputaci\u00f3n de un territorio que, seg\u00fan se enfatiza, se ha construido sobre valores como la solidaridad, el trabajo honesto y el esfuerzo colectivo de su poblaci\u00f3n.<\/p>\n<p data-start=\"1175\" data-end=\"1653\">Desde una perspectiva institucional, la Alcald\u00eda subraya que este tipo de generalizaciones no solo resultan irresponsables, sino que tambi\u00e9n invisibilizan los procesos de desarrollo local impulsados en la Amazon\u00eda ecuatoriana. En este sentido, se destaca que El Pangui, a sus 35 a\u00f1os de creaci\u00f3n, ha consolidado avances significativos gracias a la articulaci\u00f3n entre autoridades y ciudadan\u00eda, posicion\u00e1ndose como un referente de gesti\u00f3n, responsabilidad y progreso en la regi\u00f3n.<\/p>\n<p data-start=\"1655\" data-end=\"2037\">El pronunciamiento adopta un tono firme al advertir que no se permitir\u00e1 que se \u201cmanche el buen nombre\u201d del cant\u00f3n mediante declaraciones que, a criterio de las autoridades, carecen de sustento contextual y rigor anal\u00edtico. Asimismo, se remarca que este tipo de discursos contribuyen a la estigmatizaci\u00f3n de territorios amaz\u00f3nicos, hist\u00f3ricamente marginados en la narrativa nacional.<\/p>\n<p data-start=\"2039\" data-end=\"2379\">En este contexto, la Alcald\u00eda exige una explicaci\u00f3n p\u00fablica sobre el alcance y contexto de las afirmaciones emitidas, as\u00ed como la eventual rectificaci\u00f3n por parte de la persona que las realiz\u00f3, considerando que sus efectos trascienden el \u00e1mbito local y afectan a toda la provincia de Zamora Chinchipe y a la regi\u00f3n amaz\u00f3nica en su conjunto.<\/p>\n<p data-start=\"2381\" data-end=\"2641\">El documento est\u00e1 suscrito por el alcalde Ing. Jairo Herrera.<\/p>\n","protected":false},"excerpt":{"rendered":"<p>El Pangui, Zamora Chinchipe.\u2013 La Alcald\u00eda del cant\u00f3n El Pangui emiti\u00f3 un pronunciamiento oficial en el que rechaza de manera categ\u00f3rica las declaraciones realizadas por la experta en seguridad y crimen organizado, Michelle Maffei, quien durante el programa Contacto Directo de Ecuavisa, transmitido el lunes 16 de marzo de 2026, afirm\u00f3 que ciertos territorios de la Amazon\u00eda ecuatoriana ser\u00edan espacios propicios para el lavado de activos y la instalaci\u00f3n de laboratorios de coca\u00edna, mencionando como ejemplo a este cant\u00f3n. En el comunicado, el Gobierno Aut\u00f3nomo Descentralizado de El Pangui calific\u00f3 estas afirmaciones como \u201cfuera de contexto y profundamente perjudiciales\u201d, al considerar que afectan directamente la imagen y reputaci\u00f3n de un territorio que, seg\u00fan se enfatiza, se ha construido sobre valores como la solidaridad, el trabajo honesto y el esfuerzo colectivo de su poblaci\u00f3n. Desde una perspectiva institucional, la Alcald\u00eda subraya que este tipo de generalizaciones no solo resultan irresponsables, sino que tambi\u00e9n invisibilizan los procesos de desarrollo local impulsados en la Amazon\u00eda ecuatoriana. En este sentido, se destaca que El Pangui, a sus 35 a\u00f1os de creaci\u00f3n, ha consolidado avances significativos gracias a la articulaci\u00f3n entre autoridades y ciudadan\u00eda, posicion\u00e1ndose como un referente de gesti\u00f3n, responsabilidad y progreso en la regi\u00f3n. El pronunciamiento adopta un tono firme al advertir que no se permitir\u00e1 que se \u201cmanche el buen nombre\u201d del cant\u00f3n mediante declaraciones que, a criterio de las autoridades, carecen de sustento contextual y rigor anal\u00edtico. Asimismo, se remarca que este tipo de discursos contribuyen a la estigmatizaci\u00f3n de territorios amaz\u00f3nicos, hist\u00f3ricamente marginados en la narrativa nacional. En este contexto, la Alcald\u00eda exige una explicaci\u00f3n p\u00fablica sobre el alcance y contexto de las afirmaciones emitidas, as\u00ed como la eventual rectificaci\u00f3n por parte de la persona que las realiz\u00f3, considerando que sus efectos trascienden el \u00e1mbito local y afectan a toda la provincia de Zamora Chinchipe y a la regi\u00f3n amaz\u00f3nica en su conjunto. El documento est\u00e1 suscrito por el alcalde Ing. Jairo Herrera.<\/p>\n","protected":false},"author":1,"featured_media":29992,"comment_status":"closed","ping_status":"closed","sticky":false,"template":"","format":"standard","meta":{"footnotes":""},"categories":[243],"tags":[],"class_list":["post-29991","post","type-post","status-publish","format-standard","has-post-thumbnail","hentry","category-noticias-zamora"],"_links":{"self":[{"href":"https:\/\/www.elamazonico.com\/portal\/wp-json\/wp\/v2\/posts\/29991","targetHints":{"allow":["GET"]}}],"collection":[{"href":"https:\/\/www.elamazonico.com\/portal\/wp-json\/wp\/v2\/posts"}],"about":[{"href":"https:\/\/www.elamazonico.com\/portal\/wp-json\/wp\/v2\/types\/post"}],"author":[{"embeddable":true,"href":"https:\/\/www.elamazonico.com\/portal\/wp-json\/wp\/v2\/users\/1"}],"replies":[{"embeddable":true,"href":"https:\/\/www.elamazonico.com\/portal\/wp-json\/wp\/v2\/comments?post=29991"}],"version-history":[{"count":1,"href":"https:\/\/www.elamazonico.com\/portal\/wp-json\/wp\/v2\/posts\/29991\/revisions"}],"predecessor-version":[{"id":29993,"href":"https:\/\/www.elamazonico.com\/portal\/wp-json\/wp\/v2\/posts\/29991\/revisions\/29993"}],"wp:featuredmedia":[{"embeddable":true,"href":"https:\/\/www.elamazonico.com\/portal\/wp-json\/wp\/v2\/media\/29992"}],"wp:attachment":[{"href":"https:\/\/www.elamazonico.com\/portal\/wp-json\/wp\/v2\/media?parent=29991"}],"wp:term":[{"taxonomy":"category","embeddable":true,"href":"https:\/\/www.elamazonico.com\/portal\/wp-json\/wp\/v2\/categories?post=29991"},{"taxonomy":"post_tag","embeddable":true,"href":"https:\/\/www.elamazonico.com\/portal\/wp-json\/wp\/v2\/tags?post=29991"}],"curies":[{"name":"wp","href":"https:\/\/api.w.org\/{rel}","templated":true}]}}