{"id":29986,"date":"2026-03-16T17:15:28","date_gmt":"2026-03-16T22:15:28","guid":{"rendered":"https:\/\/www.elamazonico.com\/portal\/?p=29986"},"modified":"2026-03-16T17:15:28","modified_gmt":"2026-03-16T22:15:28","slug":"jefe-de-sicarios-de-los-tiguerones-fue-detenido-en-operativo-del-toque-de-queda-en-guayas","status":"publish","type":"post","link":"https:\/\/www.elamazonico.com\/portal\/jefe-de-sicarios-de-los-tiguerones-fue-detenido-en-operativo-del-toque-de-queda-en-guayas\/","title":{"rendered":"Jefe de sicarios de Los Tiguerones fue detenido en operativo del toque de queda en Guayas"},"content":{"rendered":"<p>Guayas es una de las cuatro provincias incluidas en el toque de queda, que inici\u00f3 el 15 de marzo y dej\u00f3 m\u00e1s de 250 detenidos, la mayor\u00eda por violar esta norma. Pero entre los aprehendidos est\u00e1 Bryan Mac\u00edas, alias &#8216;La Perris&#8217;, quien ser\u00eda parte de la banda criminal Los Tiguerones.<\/p>\n<p>Seg\u00fan informaci\u00f3n del Ej\u00e9rcito de Ecuador, que apoya a la Polic\u00eda Nacional en las intervenciones del toque de queda, alias &#8216;La Perris&#8217; fue detenido en Santa Luc\u00eda, Guayas.<\/p>\n<p>\u00abLa operaci\u00f3n se desarroll\u00f3 mientras el individuo se movilizaba en un veh\u00edculo por el ingreso al sector F\u00e1tima. Al percatarse de la presencia militar intent\u00f3 darse a la fuga acelerando el automotor\u00bb, dijo el Ej\u00e9rcito sobre el hombre detenido.<\/p>\n<p>Desde El Oro, donde tambi\u00e9n rige el toque de queda, el ministro del Interior, John Reimberg, asegur\u00f3 que este sujeto detenido es jefe de sicarios de Los Tiguerones y \u00abtiene varias muertos en su historial delictivo\u00bb.<\/p>\n<p>Reimberg no dio m\u00e1s declaraciones sobre esta y otras detenciones ni resultados del toque de queda, que estar\u00e1 vigente hasta el 30 de marzo.<\/p>\n<p>Pese a tratar de huir, alias &#8216;La Perris&#8217; fue interceptado y aprehendido por personal militar, y se le decomis\u00f3 un arma de fuego.<\/p>\n<p>Adem\u00e1s de esta detenci\u00f3n, el Ministerio de Defensa inform\u00f3 de la destrucci\u00f3n de dos &#8216;guaridas&#8217; del terror&#8217;, o lugares que usan las bandas en Dur\u00e1n para sus operaciones delictivas.<\/p>\n<p>En estas operaciones contra el narcotr\u00e1fico, decretada por el gobierno de Daniel Noboa, Ecuador cuenta con apoyo de Estados Unidos a trav\u00e9s del Comando Sur, y amparado en la reciente estrategia militar &#8216;Escudo de las Am\u00e9ricas&#8217;.<\/p>\n<p>El toque de queda, que afecta a las provincias del Guayas, El Oro, Los R\u00edos y Santo Domingo de los Ts\u00e1chilas, y se mantendr\u00e1 hasta fin de mes, se decret\u00f3 en el marco de la \u00abguerra\u00bb desplegada por el Gobierno contra el crimen organizado y la inseguridad. <strong>Fuente: Primicias<\/strong><\/p>\n","protected":false},"excerpt":{"rendered":"<p>Guayas es una de las cuatro provincias incluidas en el toque de queda, que inici\u00f3 el 15 de marzo y dej\u00f3 m\u00e1s de 250 detenidos, la mayor\u00eda por violar esta norma. Pero entre los aprehendidos est\u00e1 Bryan Mac\u00edas, alias &#8216;La Perris&#8217;, quien ser\u00eda parte de la banda criminal Los Tiguerones. Seg\u00fan informaci\u00f3n del Ej\u00e9rcito de Ecuador, que apoya a la Polic\u00eda Nacional en las intervenciones del toque de queda, alias &#8216;La Perris&#8217; fue detenido en Santa Luc\u00eda, Guayas. \u00abLa operaci\u00f3n se desarroll\u00f3 mientras el individuo se movilizaba en un veh\u00edculo por el ingreso al sector F\u00e1tima. Al percatarse de la presencia militar intent\u00f3 darse a la fuga acelerando el automotor\u00bb, dijo el Ej\u00e9rcito sobre el hombre detenido. Desde El Oro, donde tambi\u00e9n rige el toque de queda, el ministro del Interior, John Reimberg, asegur\u00f3 que este sujeto detenido es jefe de sicarios de Los Tiguerones y \u00abtiene varias muertos en su historial delictivo\u00bb. Reimberg no dio m\u00e1s declaraciones sobre esta y otras detenciones ni resultados del toque de queda, que estar\u00e1 vigente hasta el 30 de marzo. Pese a tratar de huir, alias &#8216;La Perris&#8217; fue interceptado y aprehendido por personal militar, y se le decomis\u00f3 un arma de fuego. Adem\u00e1s de esta detenci\u00f3n, el Ministerio de Defensa inform\u00f3 de la destrucci\u00f3n de dos &#8216;guaridas&#8217; del terror&#8217;, o lugares que usan las bandas en Dur\u00e1n para sus operaciones delictivas. En estas operaciones contra el narcotr\u00e1fico, decretada por el gobierno de Daniel Noboa, Ecuador cuenta con apoyo de Estados Unidos a trav\u00e9s del Comando Sur, y amparado en la reciente estrategia militar &#8216;Escudo de las Am\u00e9ricas&#8217;. El toque de queda, que afecta a las provincias del Guayas, El Oro, Los R\u00edos y Santo Domingo de los Ts\u00e1chilas, y se mantendr\u00e1 hasta fin de mes, se decret\u00f3 en el marco de la \u00abguerra\u00bb desplegada por el Gobierno contra el crimen organizado y la inseguridad. Fuente: Primicias<\/p>\n","protected":false},"author":1,"featured_media":29987,"comment_status":"closed","ping_status":"closed","sticky":false,"template":"","format":"standard","meta":{"footnotes":""},"categories":[268],"tags":[],"class_list":["post-29986","post","type-post","status-publish","format-standard","has-post-thumbnail","hentry","category-nacionales"],"_links":{"self":[{"href":"https:\/\/www.elamazonico.com\/portal\/wp-json\/wp\/v2\/posts\/29986","targetHints":{"allow":["GET"]}}],"collection":[{"href":"https:\/\/www.elamazonico.com\/portal\/wp-json\/wp\/v2\/posts"}],"about":[{"href":"https:\/\/www.elamazonico.com\/portal\/wp-json\/wp\/v2\/types\/post"}],"author":[{"embeddable":true,"href":"https:\/\/www.elamazonico.com\/portal\/wp-json\/wp\/v2\/users\/1"}],"replies":[{"embeddable":true,"href":"https:\/\/www.elamazonico.com\/portal\/wp-json\/wp\/v2\/comments?post=29986"}],"version-history":[{"count":1,"href":"https:\/\/www.elamazonico.com\/portal\/wp-json\/wp\/v2\/posts\/29986\/revisions"}],"predecessor-version":[{"id":29988,"href":"https:\/\/www.elamazonico.com\/portal\/wp-json\/wp\/v2\/posts\/29986\/revisions\/29988"}],"wp:featuredmedia":[{"embeddable":true,"href":"https:\/\/www.elamazonico.com\/portal\/wp-json\/wp\/v2\/media\/29987"}],"wp:attachment":[{"href":"https:\/\/www.elamazonico.com\/portal\/wp-json\/wp\/v2\/media?parent=29986"}],"wp:term":[{"taxonomy":"category","embeddable":true,"href":"https:\/\/www.elamazonico.com\/portal\/wp-json\/wp\/v2\/categories?post=29986"},{"taxonomy":"post_tag","embeddable":true,"href":"https:\/\/www.elamazonico.com\/portal\/wp-json\/wp\/v2\/tags?post=29986"}],"curies":[{"name":"wp","href":"https:\/\/api.w.org\/{rel}","templated":true}]}}