{"id":29983,"date":"2026-03-16T17:04:38","date_gmt":"2026-03-16T22:04:38","guid":{"rendered":"https:\/\/www.elamazonico.com\/portal\/?p=29983"},"modified":"2026-03-16T17:04:38","modified_gmt":"2026-03-16T22:04:38","slug":"cisma-en-el-movimiento-reto-dirigentes-acudiran-al-tce-para-desconocer-a-raul-chavez","status":"publish","type":"post","link":"https:\/\/www.elamazonico.com\/portal\/cisma-en-el-movimiento-reto-dirigentes-acudiran-al-tce-para-desconocer-a-raul-chavez\/","title":{"rendered":"Cisma en el movimiento RETO: dirigentes acudir\u00e1n al TCE para desconocer a Ra\u00fal Ch\u00e1vez"},"content":{"rendered":"<p>La convenci\u00f3n nacional del movimiento RETO, realizada\u00a0el 14 de marzo en Guayaquil, est\u00e1 lejos de poner fin a las discrepancias internas que mantiene una facci\u00f3n de la agrupaci\u00f3n con su presidente, el asamble\u00edsta Ra\u00fal Ch\u00e1vez.<\/p>\n<p>El encuentro tuvo como objetivo elegir a 18 directivas provinciales y la directiva nacional, y\u00a0Ch\u00e1vez obtuvo el respaldo de los presentes para continuar al frente de la organizaci\u00f3n pol\u00edtica, cercana a la Revoluci\u00f3n Ciudadana (RC).<\/p>\n<p>\u00abAquiles\u00bb y \u00ablibertad\u00bb, fueron algunas de las proclamas que se escucharon en el c\u00f3nclave en respaldo al alcalde de Guayaquil, Aquiles Alvarez -investigado por delincuencia organizada con fines de lavado de activos-\u00a0y quien es parte de RETO.<\/p>\n<p>En un comunicado, la organizaci\u00f3n pol\u00edtica anunci\u00f3 que el evento se desarroll\u00f3 con \u00abtransparencia, paz y respeto\u00bb, bajo la observaci\u00f3n del Consejo Nacional Electoral (CNE), que tiene la \u00faltima palabra para reconocer y calificar las directivas.<\/p>\n<p>\u00abEn RETO no hay facciones. Somos una organizaci\u00f3n unida. Voces aisladas, financiadas por terceros, no representan a la mayor\u00eda que aprob\u00f3 cada punto del orden del d\u00eda con un respaldo contundente\u00bb, asegur\u00f3 el movimiento.<\/p>\n<p>A ra\u00edz de esta convenci\u00f3n, seg\u00fan los dirigentes de RETO, podr\u00e1n empezar a construir los cuadros de candidatos que propondr\u00e1n para las elecciones seccionales de febrero de 2027\u00a0en Ecuador.<\/p>\n<p>En la cita de Guayaquil, se pudo ver a actores pol\u00edticos identificados con el corre\u00edsmo como Mauro Andino -que fue candidato a asamble\u00edsta por Pachakutik en 2025- y Leonardo Berrezueta, que en el periodo legislativo anterior fue parte del corre\u00edsmo.<\/p>\n<p>Y es que RETO es un movimiento clave para el corre\u00edsmo, mucho m\u00e1s luego de que la RC5 fue suspendida temporalmente por el TCE, poniendo en riesgo sus candidaturas en las seccionales.<\/p>\n<p>Adem\u00e1s, Ch\u00e1vez es muy cercano a Aquiles Alvarez desde la \u00e9poca colegial e impuls\u00f3 su candidatura a la alcald\u00eda de Guayaquil, consiguiendo el apoyo del corre\u00edsmo.<\/p>\n<p>De hecho, la actual alcaldesa subrogante de Guayaquil, Tatiana Coronel, es una cuota pol\u00edtica de RETO en el concejo municipal de la ciudad. <strong>Fuente: Primicias\u00a0<\/strong><\/p>\n","protected":false},"excerpt":{"rendered":"<p>La convenci\u00f3n nacional del movimiento RETO, realizada\u00a0el 14 de marzo en Guayaquil, est\u00e1 lejos de poner fin a las discrepancias internas que mantiene una facci\u00f3n de la agrupaci\u00f3n con su presidente, el asamble\u00edsta Ra\u00fal Ch\u00e1vez. El encuentro tuvo como objetivo elegir a 18 directivas provinciales y la directiva nacional, y\u00a0Ch\u00e1vez obtuvo el respaldo de los presentes para continuar al frente de la organizaci\u00f3n pol\u00edtica, cercana a la Revoluci\u00f3n Ciudadana (RC). \u00abAquiles\u00bb y \u00ablibertad\u00bb, fueron algunas de las proclamas que se escucharon en el c\u00f3nclave en respaldo al alcalde de Guayaquil, Aquiles Alvarez -investigado por delincuencia organizada con fines de lavado de activos-\u00a0y quien es parte de RETO. En un comunicado, la organizaci\u00f3n pol\u00edtica anunci\u00f3 que el evento se desarroll\u00f3 con \u00abtransparencia, paz y respeto\u00bb, bajo la observaci\u00f3n del Consejo Nacional Electoral (CNE), que tiene la \u00faltima palabra para reconocer y calificar las directivas. \u00abEn RETO no hay facciones. Somos una organizaci\u00f3n unida. Voces aisladas, financiadas por terceros, no representan a la mayor\u00eda que aprob\u00f3 cada punto del orden del d\u00eda con un respaldo contundente\u00bb, asegur\u00f3 el movimiento. A ra\u00edz de esta convenci\u00f3n, seg\u00fan los dirigentes de RETO, podr\u00e1n empezar a construir los cuadros de candidatos que propondr\u00e1n para las elecciones seccionales de febrero de 2027\u00a0en Ecuador. En la cita de Guayaquil, se pudo ver a actores pol\u00edticos identificados con el corre\u00edsmo como Mauro Andino -que fue candidato a asamble\u00edsta por Pachakutik en 2025- y Leonardo Berrezueta, que en el periodo legislativo anterior fue parte del corre\u00edsmo. Y es que RETO es un movimiento clave para el corre\u00edsmo, mucho m\u00e1s luego de que la RC5 fue suspendida temporalmente por el TCE, poniendo en riesgo sus candidaturas en las seccionales. Adem\u00e1s, Ch\u00e1vez es muy cercano a Aquiles Alvarez desde la \u00e9poca colegial e impuls\u00f3 su candidatura a la alcald\u00eda de Guayaquil, consiguiendo el apoyo del corre\u00edsmo. De hecho, la actual alcaldesa subrogante de Guayaquil, Tatiana Coronel, es una cuota pol\u00edtica de RETO en el concejo municipal de la ciudad. Fuente: Primicias\u00a0<\/p>\n","protected":false},"author":1,"featured_media":29984,"comment_status":"closed","ping_status":"closed","sticky":false,"template":"","format":"standard","meta":{"footnotes":""},"categories":[268],"tags":[],"class_list":["post-29983","post","type-post","status-publish","format-standard","has-post-thumbnail","hentry","category-nacionales"],"_links":{"self":[{"href":"https:\/\/www.elamazonico.com\/portal\/wp-json\/wp\/v2\/posts\/29983","targetHints":{"allow":["GET"]}}],"collection":[{"href":"https:\/\/www.elamazonico.com\/portal\/wp-json\/wp\/v2\/posts"}],"about":[{"href":"https:\/\/www.elamazonico.com\/portal\/wp-json\/wp\/v2\/types\/post"}],"author":[{"embeddable":true,"href":"https:\/\/www.elamazonico.com\/portal\/wp-json\/wp\/v2\/users\/1"}],"replies":[{"embeddable":true,"href":"https:\/\/www.elamazonico.com\/portal\/wp-json\/wp\/v2\/comments?post=29983"}],"version-history":[{"count":1,"href":"https:\/\/www.elamazonico.com\/portal\/wp-json\/wp\/v2\/posts\/29983\/revisions"}],"predecessor-version":[{"id":29985,"href":"https:\/\/www.elamazonico.com\/portal\/wp-json\/wp\/v2\/posts\/29983\/revisions\/29985"}],"wp:featuredmedia":[{"embeddable":true,"href":"https:\/\/www.elamazonico.com\/portal\/wp-json\/wp\/v2\/media\/29984"}],"wp:attachment":[{"href":"https:\/\/www.elamazonico.com\/portal\/wp-json\/wp\/v2\/media?parent=29983"}],"wp:term":[{"taxonomy":"category","embeddable":true,"href":"https:\/\/www.elamazonico.com\/portal\/wp-json\/wp\/v2\/categories?post=29983"},{"taxonomy":"post_tag","embeddable":true,"href":"https:\/\/www.elamazonico.com\/portal\/wp-json\/wp\/v2\/tags?post=29983"}],"curies":[{"name":"wp","href":"https:\/\/api.w.org\/{rel}","templated":true}]}}