{"id":29977,"date":"2026-03-17T04:24:53","date_gmt":"2026-03-17T09:24:53","guid":{"rendered":"https:\/\/www.elamazonico.com\/portal\/?p=29977"},"modified":"2026-03-16T16:35:39","modified_gmt":"2026-03-16T21:35:39","slug":"comunidad-de-ortega-alto-convoca-a-movilizacion-pacifica-en-defensa-del-rio-ortega-y-sus-derechos-como-sujeto-de-proteccion-constitucional","status":"publish","type":"post","link":"https:\/\/www.elamazonico.com\/portal\/comunidad-de-ortega-alto-convoca-a-movilizacion-pacifica-en-defensa-del-rio-ortega-y-sus-derechos-como-sujeto-de-proteccion-constitucional\/","title":{"rendered":"Comunidad de Ortega Alto convoca a movilizaci\u00f3n pac\u00edfica en defensa del r\u00edo Ortega y sus derechos como sujeto de protecci\u00f3n constitucional"},"content":{"rendered":"<p>Mediante una rueda de prensa, representantes de la comunidad Ortega Alto, del cant\u00f3n Yacuambi, anunciaron la continuidad de las acciones legales y sociales en defensa del r\u00edo Ortega, frente a los impactos provocados por la miner\u00eda ilegal y la presunta vulneraci\u00f3n de derechos de la naturaleza y de las comunidades locales.<\/p>\n<p>El pronunciamiento fue encabezado por Oswaldo Aguilar, presidente de la comunidad Ortega Alto, quien inform\u00f3 que la organizaci\u00f3n comunitaria ha presentado una acci\u00f3n de protecci\u00f3n con el objetivo de salvaguardar el ecosistema del r\u00edo y exigir la intervenci\u00f3n de las autoridades competentes.<\/p>\n<p>En este contexto, Aguilar convoc\u00f3 a los comuneros y a las comunidades afectadas por la problem\u00e1tica del agua a participar en una caminata pac\u00edfica que se realizar\u00e1 el mi\u00e9rcoles 18 de marzo, con concentraci\u00f3n a las 08:00 en el parque central de Yantzaza, desde donde se movilizar\u00e1n hacia las oficinas de la Funci\u00f3n Judicial del Ecuador, en el marco de la reinstalaci\u00f3n de la audiencia de la acci\u00f3n de protecci\u00f3n prevista para las 09:00.<\/p>\n<p><strong>Proceso judicial en defensa del r\u00edo Ortega<\/strong><br \/>\nEl abogado patrocinador del caso, Carlos Sarango, explic\u00f3 que la acci\u00f3n de protecci\u00f3n fue presentada el 27 de mayo de 2025, se\u00f1alando que el proceso judicial ha tenido una duraci\u00f3n cercana a un a\u00f1o, a pesar de que este tipo de garant\u00edas constitucionales deben resolverse con celeridad.<\/p>\n<p>Sarango indic\u00f3 que durante el proceso se han realizado diversas diligencias, entre ellas una inspecci\u00f3n judicial, en la cual participaron el juez del caso, una comisi\u00f3n de la Defensor\u00eda del Pueblo del Ecuador, delegados de la comunidad, representantes de organizaciones sociales y las partes involucradas.<\/p>\n<p>Seg\u00fan el jurista, durante la inspecci\u00f3n se pudieron constatar posibles afectaciones a los derechos de la naturaleza, particularmente al r\u00edo Ortega, considerado por la comunidad como un sujeto de derechos, conforme a lo establecido en el art\u00edculo 71 de la Constituci\u00f3n de la Rep\u00fablica del Ecuador de 2008.<\/p>\n<p>En ese sentido, el equipo jur\u00eddico busca que la autoridad judicial declare al r\u00edo Ortega como sujeto de derechos, reconozca la vulneraci\u00f3n de dichos derechos y ordene la paralizaci\u00f3n de las actividades de miner\u00eda ilegal que, seg\u00fan la denuncia comunitaria, contin\u00faan operando en el sector denominado Lavaderos, dentro del territorio de la comunidad Ortega Alto.<\/p>\n<p>Asimismo, el abogado se\u00f1al\u00f3 que dentro de la demanda tambi\u00e9n se argumenta la vulneraci\u00f3n del derecho a la consulta previa, libre e informada, establecido en el art\u00edculo 57 de la Constituci\u00f3n, debido a que en el territorio habitan comunidades ind\u00edgenas que no habr\u00edan sido consultadas antes de la entrega de concesiones o la ejecuci\u00f3n de actividades extractivas.<\/p>\n<p><strong>Importancia cultural y ambiental del r\u00edo para la comunidad<\/strong><br \/>\nPor su parte, Luis Medina Medina, secretario de la comunidad Ortega Alto, destac\u00f3 que el r\u00edo Ortega cumple un papel fundamental en la vida cotidiana y cultural de la comunidad.<\/p>\n<p>De acuerdo con Medina, el r\u00edo atraviesa el centro del asentamiento y es utilizado para actividades dom\u00e9sticas, agr\u00edcolas y ceremoniales. Adem\u00e1s, forma parte de las pr\u00e1cticas culturales de la poblaci\u00f3n, como las celebraciones del Taita Carnaval, en las que se desarrollan rituales tradicionales vinculados al agua y la naturaleza.<\/p>\n<p>El dirigente se\u00f1al\u00f3 que la comunidad busca preservar el ecosistema del r\u00edo, el cual constituye una vertiente del r\u00edo Yacuambi, que posteriormente alimenta al r\u00edo Zamora, contribuyendo a la provisi\u00f3n de agua para diferentes comunidades aguas abajo.<\/p>\n<p><strong>Acompa\u00f1amiento organizativo y defensa del agua<\/strong><br \/>\nEn el encuentro particip\u00f3 Jimmy Tene, presidente de la organizaci\u00f3n Zamaskijat, quien manifest\u00f3 el respaldo institucional a la comunidad Ortega Alto.<\/p>\n<p>Seg\u00fan explic\u00f3, Zamaskijat representa a aproximadamente 200 comunidades de la provincia, y ha acompa\u00f1ado diversos procesos de defensa territorial y ambiental, particularmente en casos relacionados con la protecci\u00f3n de fuentes h\u00eddricas frente a actividades extractivas.<\/p>\n<p>Tene se\u00f1al\u00f3 que la defensa del agua constituye una prioridad estrat\u00e9gica para las comunidades, no solo por su valor ecol\u00f3gico, sino tambi\u00e9n por su importancia en las actividades productivas como la agricultura, la ganader\u00eda y el ecoturismo.<\/p>\n<p>Adem\u00e1s, advirti\u00f3 que la contaminaci\u00f3n de los r\u00edos por actividades mineras puede afectar la salud de las poblaciones que dependen de la pesca y del consumo de agua en las zonas bajas de las cuencas, citando estudios que evidencian la presencia de metales pesados como el mercurio en ecosistemas afectados por miner\u00eda.<\/p>\n<p><strong>Continuidad del proceso legal<\/strong><br \/>\nFinalmente, los representantes comunitarios indicaron que, en caso de no obtener una resoluci\u00f3n favorable en el sistema judicial nacional, se evaluar\u00e1 la posibilidad de continuar el proceso en instancias internacionales de protecci\u00f3n de derechos humanos y ambientales.<\/p>\n<p>La comunidad Ortega Alto reiter\u00f3 su llamado a la ciudadan\u00eda, organizaciones sociales y autoridades a sumarse a la defensa del agua y de los ecosistemas amaz\u00f3nicos, enfatizando que la protecci\u00f3n de las fuentes h\u00eddricas es fundamental para garantizar la vida y el desarrollo sostenible de las comunidades de la provincia de Zamora Chinchipe.<\/p>\n","protected":false},"excerpt":{"rendered":"<p>Mediante una rueda de prensa, representantes de la comunidad Ortega Alto, del cant\u00f3n Yacuambi, anunciaron la continuidad de las acciones legales y sociales en defensa del r\u00edo Ortega, frente a los impactos provocados por la miner\u00eda ilegal y la presunta vulneraci\u00f3n de derechos de la naturaleza y de las comunidades locales. El pronunciamiento fue encabezado por Oswaldo Aguilar, presidente de la comunidad Ortega Alto, quien inform\u00f3 que la organizaci\u00f3n comunitaria ha presentado una acci\u00f3n de protecci\u00f3n con el objetivo de salvaguardar el ecosistema del r\u00edo y exigir la intervenci\u00f3n de las autoridades competentes. En este contexto, Aguilar convoc\u00f3 a los comuneros y a las comunidades afectadas por la problem\u00e1tica del agua a participar en una caminata pac\u00edfica que se realizar\u00e1 el mi\u00e9rcoles 18 de marzo, con concentraci\u00f3n a las 08:00 en el parque central de Yantzaza, desde donde se movilizar\u00e1n hacia las oficinas de la Funci\u00f3n Judicial del Ecuador, en el marco de la reinstalaci\u00f3n de la audiencia de la acci\u00f3n de protecci\u00f3n prevista para las 09:00. Proceso judicial en defensa del r\u00edo Ortega El abogado patrocinador del caso, Carlos Sarango, explic\u00f3 que la acci\u00f3n de protecci\u00f3n fue presentada el 27 de mayo de 2025, se\u00f1alando que el proceso judicial ha tenido una duraci\u00f3n cercana a un a\u00f1o, a pesar de que este tipo de garant\u00edas constitucionales deben resolverse con celeridad. Sarango indic\u00f3 que durante el proceso se han realizado diversas diligencias, entre ellas una inspecci\u00f3n judicial, en la cual participaron el juez del caso, una comisi\u00f3n de la Defensor\u00eda del Pueblo del Ecuador, delegados de la comunidad, representantes de organizaciones sociales y las partes involucradas. Seg\u00fan el jurista, durante la inspecci\u00f3n se pudieron constatar posibles afectaciones a los derechos de la naturaleza, particularmente al r\u00edo Ortega, considerado por la comunidad como un sujeto de derechos, conforme a lo establecido en el art\u00edculo 71 de la Constituci\u00f3n de la Rep\u00fablica del Ecuador de 2008. En ese sentido, el equipo jur\u00eddico busca que la autoridad judicial declare al r\u00edo Ortega como sujeto de derechos, reconozca la vulneraci\u00f3n de dichos derechos y ordene la paralizaci\u00f3n de las actividades de miner\u00eda ilegal que, seg\u00fan la denuncia comunitaria, contin\u00faan operando en el sector denominado Lavaderos, dentro del territorio de la comunidad Ortega Alto. Asimismo, el abogado se\u00f1al\u00f3 que dentro de la demanda tambi\u00e9n se argumenta la vulneraci\u00f3n del derecho a la consulta previa, libre e informada, establecido en el art\u00edculo 57 de la Constituci\u00f3n, debido a que en el territorio habitan comunidades ind\u00edgenas que no habr\u00edan sido consultadas antes de la entrega de concesiones o la ejecuci\u00f3n de actividades extractivas. Importancia cultural y ambiental del r\u00edo para la comunidad Por su parte, Luis Medina Medina, secretario de la comunidad Ortega Alto, destac\u00f3 que el r\u00edo Ortega cumple un papel fundamental en la vida cotidiana y cultural de la comunidad. De acuerdo con Medina, el r\u00edo atraviesa el centro del asentamiento y es utilizado para actividades dom\u00e9sticas, agr\u00edcolas y ceremoniales. Adem\u00e1s, forma parte de las pr\u00e1cticas culturales de la poblaci\u00f3n, como las celebraciones del Taita Carnaval, en las que se desarrollan rituales tradicionales vinculados al agua y la naturaleza. El dirigente se\u00f1al\u00f3 que la comunidad busca preservar el ecosistema del r\u00edo, el cual constituye una vertiente del r\u00edo Yacuambi, que posteriormente alimenta al r\u00edo Zamora, contribuyendo a la provisi\u00f3n de agua para diferentes comunidades aguas abajo. Acompa\u00f1amiento organizativo y defensa del agua En el encuentro particip\u00f3 Jimmy Tene, presidente de la organizaci\u00f3n Zamaskijat, quien manifest\u00f3 el respaldo institucional a la comunidad Ortega Alto. Seg\u00fan explic\u00f3, Zamaskijat representa a aproximadamente 200 comunidades de la provincia, y ha acompa\u00f1ado diversos procesos de defensa territorial y ambiental, particularmente en casos relacionados con la protecci\u00f3n de fuentes h\u00eddricas frente a actividades extractivas. Tene se\u00f1al\u00f3 que la defensa del agua constituye una prioridad estrat\u00e9gica para las comunidades, no solo por su valor ecol\u00f3gico, sino tambi\u00e9n por su importancia en las actividades productivas como la agricultura, la ganader\u00eda y el ecoturismo. Adem\u00e1s, advirti\u00f3 que la contaminaci\u00f3n de los r\u00edos por actividades mineras puede afectar la salud de las poblaciones que dependen de la pesca y del consumo de agua en las zonas bajas de las cuencas, citando estudios que evidencian la presencia de metales pesados como el mercurio en ecosistemas afectados por miner\u00eda. Continuidad del proceso legal Finalmente, los representantes comunitarios indicaron que, en caso de no obtener una resoluci\u00f3n favorable en el sistema judicial nacional, se evaluar\u00e1 la posibilidad de continuar el proceso en instancias internacionales de protecci\u00f3n de derechos humanos y ambientales. La comunidad Ortega Alto reiter\u00f3 su llamado a la ciudadan\u00eda, organizaciones sociales y autoridades a sumarse a la defensa del agua y de los ecosistemas amaz\u00f3nicos, enfatizando que la protecci\u00f3n de las fuentes h\u00eddricas es fundamental para garantizar la vida y el desarrollo sostenible de las comunidades de la provincia de Zamora Chinchipe.<\/p>\n","protected":false},"author":1,"featured_media":29978,"comment_status":"closed","ping_status":"closed","sticky":false,"template":"","format":"standard","meta":{"footnotes":""},"categories":[243],"tags":[],"class_list":["post-29977","post","type-post","status-publish","format-standard","has-post-thumbnail","hentry","category-noticias-zamora"],"_links":{"self":[{"href":"https:\/\/www.elamazonico.com\/portal\/wp-json\/wp\/v2\/posts\/29977","targetHints":{"allow":["GET"]}}],"collection":[{"href":"https:\/\/www.elamazonico.com\/portal\/wp-json\/wp\/v2\/posts"}],"about":[{"href":"https:\/\/www.elamazonico.com\/portal\/wp-json\/wp\/v2\/types\/post"}],"author":[{"embeddable":true,"href":"https:\/\/www.elamazonico.com\/portal\/wp-json\/wp\/v2\/users\/1"}],"replies":[{"embeddable":true,"href":"https:\/\/www.elamazonico.com\/portal\/wp-json\/wp\/v2\/comments?post=29977"}],"version-history":[{"count":1,"href":"https:\/\/www.elamazonico.com\/portal\/wp-json\/wp\/v2\/posts\/29977\/revisions"}],"predecessor-version":[{"id":29979,"href":"https:\/\/www.elamazonico.com\/portal\/wp-json\/wp\/v2\/posts\/29977\/revisions\/29979"}],"wp:featuredmedia":[{"embeddable":true,"href":"https:\/\/www.elamazonico.com\/portal\/wp-json\/wp\/v2\/media\/29978"}],"wp:attachment":[{"href":"https:\/\/www.elamazonico.com\/portal\/wp-json\/wp\/v2\/media?parent=29977"}],"wp:term":[{"taxonomy":"category","embeddable":true,"href":"https:\/\/www.elamazonico.com\/portal\/wp-json\/wp\/v2\/categories?post=29977"},{"taxonomy":"post_tag","embeddable":true,"href":"https:\/\/www.elamazonico.com\/portal\/wp-json\/wp\/v2\/tags?post=29977"}],"curies":[{"name":"wp","href":"https:\/\/api.w.org\/{rel}","templated":true}]}}