{"id":29974,"date":"2026-03-16T16:11:43","date_gmt":"2026-03-16T21:11:43","guid":{"rendered":"https:\/\/www.elamazonico.com\/portal\/?p=29974"},"modified":"2026-03-16T16:11:43","modified_gmt":"2026-03-16T21:11:43","slug":"manuel-gonzalez-suena-como-posible-candidato-a-la-prefectura-de-zamora-chinchipe-por-pachakutik","status":"publish","type":"post","link":"https:\/\/www.elamazonico.com\/portal\/manuel-gonzalez-suena-como-posible-candidato-a-la-prefectura-de-zamora-chinchipe-por-pachakutik\/","title":{"rendered":"Manuel Gonz\u00e1lez suena como posible candidato a la Prefectura de Zamora Chinchipe por Pachakutik"},"content":{"rendered":"<p>El s\u00e1bado 14 de marzo de 2026, el Movimiento de Unidad Plurinacional Pachakutik desarroll\u00f3 el VI Congreso Provincial de Zamora Chinchipe, espacio organizativo en el que se eligi\u00f3 por unanimidad al nuevo Comit\u00e9 Ejecutivo Provincial, encabezado por Salvador Quishpe Lozano como coordinador provincial del movimiento.<\/p>\n<p>El encuentro se realiz\u00f3 a partir de las 13:00 en la cancha cubierta de la parroquia Panguintza, congregando a aproximadamente 600 delegados provenientes de los distintos cantones de la provincia, adem\u00e1s de dirigentes cantonales, autoridades parroquiales y representantes de las bases organizativas del movimiento.<\/p>\n<p>Entre los asistentes se destac\u00f3 la presencia del viceprefecto de Zamora Chinchipe, V\u00edctor Sarango, as\u00ed como de dirigentes nacionales como Guillermo Churuchumbi, coordinador nacional del movimiento, y Marlon Vargas, presidente de la Confederaci\u00f3n de Nacionalidades Ind\u00edgenas del Ecuador, quienes informaron sobre la coyuntura pol\u00edtica nacional y las acciones organizativas previstas a nivel del pa\u00eds.<\/p>\n<p>Durante la jornada tambi\u00e9n se present\u00f3 el informe de gesti\u00f3n de la coordinadora provincial saliente, <strong>Vilma Taizha<\/strong>, quien expuso los avances alcanzados en el fortalecimiento organizativo del movimiento y las conversaciones desarrolladas en torno a las posibles candidaturas para los pr\u00f3ximos procesos electorales. Se mencion\u00f3 que en algunos cantones ya existen precandidaturas definidas, mientras que en otros territorios contin\u00faan los procesos de di\u00e1logo y consenso.<\/p>\n<p>Asimismo, se inform\u00f3 sobre el proceso de construcci\u00f3n de alianzas pol\u00edticas en la provincia, dentro del cual se ha planteado como posible candidato a la prefectura de Zamora Chinchipe al actual alcalde de Zamora, Manuel Gonz\u00e1lez, propuesta que contin\u00faa siendo analizada en el marco de las conversaciones pol\u00edticas provinciales.<\/p>\n<p><strong>Elecci\u00f3n del nuevo Comit\u00e9 Ejecutivo Provincial<\/strong><br \/>\nTras el cumplimiento de la agenda programada, se procedi\u00f3 a la elecci\u00f3n del nuevo Comit\u00e9 Ejecutivo Provincial, proceso que se desarroll\u00f3 con una sola lista y fue aprobado por unanimidad de los delegados presentes, reflejando un ambiente de consenso y unidad dentro de la organizaci\u00f3n.<\/p>\n<p><strong>La nueva estructura directiva qued\u00f3 conformada de la siguiente manera:<\/strong><br \/>\nCoordinador Provincial<br \/>\n\u2022 Salvador Quishpe Lozano<br \/>\nSubcoordinadores<br \/>\n\u2022 Marian Emperatriz Fajardo Ochoa<br \/>\n\u2022 Jos\u00e9 Rodrigo Chuquimarca Jumbo<\/p>\n<p><strong>Vocales<\/strong><br \/>\n\u2022 Primer Vocal: Rosa Delia Paqui Gual\u00e1n<br \/>\no Suplente: Pedro Manuel Guaillas Abrigo<br \/>\n\u2022 Segundo Vocal: Jorge Rodrigo Sarango Lozano<br \/>\no Suplente: Sandra Roc\u00edo Jara Capa<br \/>\n\u2022 Tercer Vocal: Krupskaya Yuksel Tapia Montero<br \/>\no Suplente: Faustino Arcibiales Le\u00f3n Macas<\/p>\n<p><strong>Tribunales del movimiento<\/strong><br \/>\nTribunal de Defensa del Adherente<br \/>\n\u2022 Fredy Oswaldo Gonz\u00e1lez Sarango<br \/>\n\u2022 Elizabeth Tatiana Zapata Taizha<br \/>\n\u2022 Kevin Steven D\u00e1vila Simisterra<\/p>\n<p><strong>Tribunal Electoral<\/strong><br \/>\n\u2022 Rita Elizabeth Jap\u00f3n Armijos<br \/>\n\u2022 Wilmer Enrique Espinoza Criollo<br \/>\n\u2022 Judith Mireya Mu\u00f1oz Urrego<\/p>\n<p><strong>Tribunal de Disciplina<\/strong><br \/>\n\u2022 Antonia Dominga Ant\u00fan Pinchupa<br \/>\n\u2022 Cristofer Fabi\u00e1n Jim\u00e9nez Mu\u00f1oz<br \/>\n\u2022 Marcia Alejandra Abad Troya<\/p>\n<p><strong>Desaf\u00edos organizativos y fortalecimiento territorial<\/strong><\/p>\n<p>El nuevo coordinador provincial Salvador Quishpe se\u00f1al\u00f3 que entre las principales prioridades de la nueva dirigencia se encuentra fortalecer la estructura organizativa del movimiento en parroquias y cantones de la provincia, consolidando las directivas locales y promoviendo una mayor participaci\u00f3n de las bases.<\/p>\n<p>Asimismo, destac\u00f3 la importancia de continuar el proceso de di\u00e1logo pol\u00edtico para consolidar alianzas estrat\u00e9gicas en el territorio, de cara a los futuros procesos electorales, as\u00ed como mantener una participaci\u00f3n activa en los espacios de decisi\u00f3n del movimiento a nivel nacional.<\/p>\n<p>Finalmente, Quishpe agradeci\u00f3 la confianza depositada por los delegados y militantes del movimiento, reiterando el compromiso de trabajar por la unidad organizativa, el fortalecimiento territorial y la participaci\u00f3n pol\u00edtica de las bases sociales en la provincia de Zamora Chinchipe.<\/p>\n","protected":false},"excerpt":{"rendered":"<p>El s\u00e1bado 14 de marzo de 2026, el Movimiento de Unidad Plurinacional Pachakutik desarroll\u00f3 el VI Congreso Provincial de Zamora Chinchipe, espacio organizativo en el que se eligi\u00f3 por unanimidad al nuevo Comit\u00e9 Ejecutivo Provincial, encabezado por Salvador Quishpe Lozano como coordinador provincial del movimiento. El encuentro se realiz\u00f3 a partir de las 13:00 en la cancha cubierta de la parroquia Panguintza, congregando a aproximadamente 600 delegados provenientes de los distintos cantones de la provincia, adem\u00e1s de dirigentes cantonales, autoridades parroquiales y representantes de las bases organizativas del movimiento. Entre los asistentes se destac\u00f3 la presencia del viceprefecto de Zamora Chinchipe, V\u00edctor Sarango, as\u00ed como de dirigentes nacionales como Guillermo Churuchumbi, coordinador nacional del movimiento, y Marlon Vargas, presidente de la Confederaci\u00f3n de Nacionalidades Ind\u00edgenas del Ecuador, quienes informaron sobre la coyuntura pol\u00edtica nacional y las acciones organizativas previstas a nivel del pa\u00eds. Durante la jornada tambi\u00e9n se present\u00f3 el informe de gesti\u00f3n de la coordinadora provincial saliente, Vilma Taizha, quien expuso los avances alcanzados en el fortalecimiento organizativo del movimiento y las conversaciones desarrolladas en torno a las posibles candidaturas para los pr\u00f3ximos procesos electorales. Se mencion\u00f3 que en algunos cantones ya existen precandidaturas definidas, mientras que en otros territorios contin\u00faan los procesos de di\u00e1logo y consenso. Asimismo, se inform\u00f3 sobre el proceso de construcci\u00f3n de alianzas pol\u00edticas en la provincia, dentro del cual se ha planteado como posible candidato a la prefectura de Zamora Chinchipe al actual alcalde de Zamora, Manuel Gonz\u00e1lez, propuesta que contin\u00faa siendo analizada en el marco de las conversaciones pol\u00edticas provinciales. Elecci\u00f3n del nuevo Comit\u00e9 Ejecutivo Provincial Tras el cumplimiento de la agenda programada, se procedi\u00f3 a la elecci\u00f3n del nuevo Comit\u00e9 Ejecutivo Provincial, proceso que se desarroll\u00f3 con una sola lista y fue aprobado por unanimidad de los delegados presentes, reflejando un ambiente de consenso y unidad dentro de la organizaci\u00f3n. La nueva estructura directiva qued\u00f3 conformada de la siguiente manera: Coordinador Provincial \u2022 Salvador Quishpe Lozano Subcoordinadores \u2022 Marian Emperatriz Fajardo Ochoa \u2022 Jos\u00e9 Rodrigo Chuquimarca Jumbo Vocales \u2022 Primer Vocal: Rosa Delia Paqui Gual\u00e1n o Suplente: Pedro Manuel Guaillas Abrigo \u2022 Segundo Vocal: Jorge Rodrigo Sarango Lozano o Suplente: Sandra Roc\u00edo Jara Capa \u2022 Tercer Vocal: Krupskaya Yuksel Tapia Montero o Suplente: Faustino Arcibiales Le\u00f3n Macas Tribunales del movimiento Tribunal de Defensa del Adherente \u2022 Fredy Oswaldo Gonz\u00e1lez Sarango \u2022 Elizabeth Tatiana Zapata Taizha \u2022 Kevin Steven D\u00e1vila Simisterra Tribunal Electoral \u2022 Rita Elizabeth Jap\u00f3n Armijos \u2022 Wilmer Enrique Espinoza Criollo \u2022 Judith Mireya Mu\u00f1oz Urrego Tribunal de Disciplina \u2022 Antonia Dominga Ant\u00fan Pinchupa \u2022 Cristofer Fabi\u00e1n Jim\u00e9nez Mu\u00f1oz \u2022 Marcia Alejandra Abad Troya Desaf\u00edos organizativos y fortalecimiento territorial El nuevo coordinador provincial Salvador Quishpe se\u00f1al\u00f3 que entre las principales prioridades de la nueva dirigencia se encuentra fortalecer la estructura organizativa del movimiento en parroquias y cantones de la provincia, consolidando las directivas locales y promoviendo una mayor participaci\u00f3n de las bases. Asimismo, destac\u00f3 la importancia de continuar el proceso de di\u00e1logo pol\u00edtico para consolidar alianzas estrat\u00e9gicas en el territorio, de cara a los futuros procesos electorales, as\u00ed como mantener una participaci\u00f3n activa en los espacios de decisi\u00f3n del movimiento a nivel nacional. Finalmente, Quishpe agradeci\u00f3 la confianza depositada por los delegados y militantes del movimiento, reiterando el compromiso de trabajar por la unidad organizativa, el fortalecimiento territorial y la participaci\u00f3n pol\u00edtica de las bases sociales en la provincia de Zamora Chinchipe.<\/p>\n","protected":false},"author":1,"featured_media":29975,"comment_status":"closed","ping_status":"closed","sticky":false,"template":"","format":"standard","meta":{"footnotes":""},"categories":[243],"tags":[],"class_list":["post-29974","post","type-post","status-publish","format-standard","has-post-thumbnail","hentry","category-noticias-zamora"],"_links":{"self":[{"href":"https:\/\/www.elamazonico.com\/portal\/wp-json\/wp\/v2\/posts\/29974","targetHints":{"allow":["GET"]}}],"collection":[{"href":"https:\/\/www.elamazonico.com\/portal\/wp-json\/wp\/v2\/posts"}],"about":[{"href":"https:\/\/www.elamazonico.com\/portal\/wp-json\/wp\/v2\/types\/post"}],"author":[{"embeddable":true,"href":"https:\/\/www.elamazonico.com\/portal\/wp-json\/wp\/v2\/users\/1"}],"replies":[{"embeddable":true,"href":"https:\/\/www.elamazonico.com\/portal\/wp-json\/wp\/v2\/comments?post=29974"}],"version-history":[{"count":1,"href":"https:\/\/www.elamazonico.com\/portal\/wp-json\/wp\/v2\/posts\/29974\/revisions"}],"predecessor-version":[{"id":29976,"href":"https:\/\/www.elamazonico.com\/portal\/wp-json\/wp\/v2\/posts\/29974\/revisions\/29976"}],"wp:featuredmedia":[{"embeddable":true,"href":"https:\/\/www.elamazonico.com\/portal\/wp-json\/wp\/v2\/media\/29975"}],"wp:attachment":[{"href":"https:\/\/www.elamazonico.com\/portal\/wp-json\/wp\/v2\/media?parent=29974"}],"wp:term":[{"taxonomy":"category","embeddable":true,"href":"https:\/\/www.elamazonico.com\/portal\/wp-json\/wp\/v2\/categories?post=29974"},{"taxonomy":"post_tag","embeddable":true,"href":"https:\/\/www.elamazonico.com\/portal\/wp-json\/wp\/v2\/tags?post=29974"}],"curies":[{"name":"wp","href":"https:\/\/api.w.org\/{rel}","templated":true}]}}