{"id":29968,"date":"2026-03-16T09:11:49","date_gmt":"2026-03-16T14:11:49","guid":{"rendered":"https:\/\/www.elamazonico.com\/portal\/?p=29968"},"modified":"2026-03-16T09:11:49","modified_gmt":"2026-03-16T14:11:49","slug":"fuerzas-armadas-destruyen-guaridas-del-terror-en-duran-durante-la-primera-noche-del-toque-de-queda","status":"publish","type":"post","link":"https:\/\/www.elamazonico.com\/portal\/fuerzas-armadas-destruyen-guaridas-del-terror-en-duran-durante-la-primera-noche-del-toque-de-queda\/","title":{"rendered":"Fuerzas Armadas destruyen &#8216;guaridas del terror&#8217; en Dur\u00e1n durante la primera noche del toque de queda"},"content":{"rendered":"<div class=\"paragraph texto\">\n<p class=\"p_0\"><b>El ministro de Defensa de Ecuador, Gian Carlo Loffredo, supervis\u00f3 durante la madrugada de este lunes operaciones ejecutadas por las Fuerzas Armadas en el cant\u00f3n Dur\u00e1n, provincia del Guayas, en el marco de la\u00a0<a href=\"https:\/\/www.vistazo.com\/cronologia\/-\/meta\/toque-de-queda\">primera noche del toque de queda<\/a>\u00a0decretado por el Gobierno.<\/b><\/p>\n<p class=\"p_2\">Seg\u00fan inform\u00f3 la cartera de Estado a trav\u00e9s de un bolet\u00edn oficial, las intervenciones permitieron\u00a0<b>desarticular infraestructuras utilizadas por estructuras criminales para controlar territorios<\/b>\u00a0y cometer delitos como secuestro y extorsi\u00f3n.<\/p>\n<p class=\"p_3\"><b>\u201cGuaridas del terror fueron destruidas en Dur\u00e1n, en la primera noche del toque de queda\u201d<\/b>, se\u00f1al\u00f3 el Ministerio de Defensa en un mensaje difundido en redes sociales.<\/p>\n<p class=\"p_4\">Las intervenciones forman parte de los\u00a0<b>operativos desplegados durante el estado de excepci\u00f3n y el toque de queda<\/b>\u00a0que rige entre las 23:00 y las 05:00 desde el 15 hasta el 30 de marzo en las provincias de Guayas, Los R\u00edos, El Oro y Santo Domingo de los Ts\u00e1chilas.<\/p>\n<p class=\"p_5\">Antes de la entrada en vigor de la medida, el ministro del Interior,\u00a0<b>John Reimberg<\/b>, anunci\u00f3 el despliegue de\u00a0<b>35.000 efectivos de la Polic\u00eda Nacional del Ecuador\u00a0<\/b>para ejecutar operativos en estas jurisdicciones.<\/p>\n<p class=\"p_6\">A su vez, el Ministerio de Defensa inform\u00f3 que m\u00e1s de\u00a0<b>30.000 militares se encuentran desplegados<\/b>\u00a0en estas provincias para ejecutar acciones contra la miner\u00eda ilegal, el narcotr\u00e1fico y los grupos de delincuencia organizada.<\/p>\n<p class=\"p_7\">Una de las operaciones se ejecut\u00f3 en<b>\u00a0una vivienda ubicada en el sector El Arbolito<\/b>, que era utilizada como punto estrat\u00e9gico de vigilancia por integrantes del\u00a0<b>Grupo de Delincuencia Organizada CK<\/b>.<\/p>\n<p class=\"p_8\">El inmueble pertenece a un sujeto conocido con el alias<b>\u00a0\u201cBob Marley\u201d<\/b>, se\u00f1alado como cabecilla de la facci\u00f3n\u00a0<b>CK BM\u00a0<\/b>y quien actualmente se encuentra recluido en la\u00a0<b>C\u00e1rcel del Encuentro<\/b>, el centro carcelario de m\u00e1xima seguridad del Estado, ubicado en la provincia de Santa Elena.<\/p>\n<p class=\"p_9\">En el lugar, las fuerzas militares encontraron infraestructura tecnol\u00f3gica destinada a\u00a0<b>monitorear accesos y movimientos en el sector<\/b>, considerado un \u00e1rea hiperfocalizada de violencia dentro del cant\u00f3n.<\/p>\n<p class=\"p_10\">Entre los\u00a0<b>elementos incautados\u00a0<\/b>se identificaron c\u00e1maras de videovigilancia tipo bala y domo, equipos de comunicaci\u00f3n, m\u00f3dems de internet, un repetidor de se\u00f1al, router, DVR, cableado coaxial y reflectores.<\/p>\n<p class=\"p_11\">Tambi\u00e9n se encontraron\u00a0<b>armas blancas, municiones de distintos calibres, una gramera, una pipa artesanal\u00a0<\/b>y varias dosis de sustancias sujetas a fiscalizaci\u00f3n.<\/p>\n<p class=\"p_13\">Seg\u00fan las autoridades, este sistema era utilizado por la organizaci\u00f3n criminal para<b>\u00a0vigilar los accesos estrat\u00e9gicos del sector<\/b>\u00a0y mantener control territorial.<\/p>\n<\/div>\n<div class=\"html_text\">\n<div class=\"twitter-tweet twitter-tweet-rendered\"><iframe id=\"twitter-widget-0\" class=\"\" title=\"X Post\" src=\"https:\/\/platform.twitter.com\/embed\/Tweet.html?dnt=false&amp;embedId=twitter-widget-0&amp;features=eyJ0ZndfdGltZWxpbmVfbGlzdCI6eyJidWNrZXQiOltdLCJ2ZXJzaW9uIjpudWxsfSwidGZ3X2ZvbGxvd2VyX2NvdW50X3N1bnNldCI6eyJidWNrZXQiOnRydWUsInZlcnNpb24iOm51bGx9LCJ0ZndfdHdlZXRfZWRpdF9iYWNrZW5kIjp7ImJ1Y2tldCI6Im9uIiwidmVyc2lvbiI6bnVsbH0sInRmd19yZWZzcmNfc2Vzc2lvbiI6eyJidWNrZXQiOiJvbiIsInZlcnNpb24iOm51bGx9LCJ0ZndfZm9zbnJfc29mdF9pbnRlcnZlbnRpb25zX2VuYWJsZWQiOnsiYnVja2V0Ijoib24iLCJ2ZXJzaW9uIjpudWxsfSwidGZ3X21peGVkX21lZGlhXzE1ODk3Ijp7ImJ1Y2tldCI6InRyZWF0bWVudCIsInZlcnNpb24iOm51bGx9LCJ0ZndfZXhwZXJpbWVudHNfY29va2llX2V4cGlyYXRpb24iOnsiYnVja2V0IjoxMjA5NjAwLCJ2ZXJzaW9uIjpudWxsfSwidGZ3X3Nob3dfYmlyZHdhdGNoX3Bpdm90c19lbmFibGVkIjp7ImJ1Y2tldCI6Im9uIiwidmVyc2lvbiI6bnVsbH0sInRmd19kdXBsaWNhdGVfc2NyaWJlc190b19zZXR0aW5ncyI6eyJidWNrZXQiOiJvbiIsInZlcnNpb24iOm51bGx9LCJ0ZndfdXNlX3Byb2ZpbGVfaW1hZ2Vfc2hhcGVfZW5hYmxlZCI6eyJidWNrZXQiOiJvbiIsInZlcnNpb24iOm51bGx9LCJ0ZndfdmlkZW9faGxzX2R5bmFtaWNfbWFuaWZlc3RzXzE1MDgyIjp7ImJ1Y2tldCI6InRydWVfYml0cmF0ZSIsInZlcnNpb24iOm51bGx9LCJ0ZndfbGVnYWN5X3RpbWVsaW5lX3N1bnNldCI6eyJidWNrZXQiOnRydWUsInZlcnNpb24iOm51bGx9LCJ0ZndfdHdlZXRfZWRpdF9mcm9udGVuZCI6eyJidWNrZXQiOiJvbiIsInZlcnNpb24iOm51bGx9fQ%3D%3D&amp;frame=false&amp;hideCard=false&amp;hideThread=false&amp;id=2033386176237732188&amp;lang=es&amp;maxWidth=560px&amp;origin=https%3A%2F%2Fwww.vistazo.com%2Factualidad%2Fnacional%2F2026-16-03-fuerzas-armadas-destruyen-guaridas-terror-duran-primera-noche-toque-de-queda-PA10763581&amp;sessionId=c4aef640a5ad90b25379de62233911fa261cb849&amp;theme=light&amp;widgetsVersion=2615f7e52b7e0%3A1702314776716&amp;width=550px\" frameborder=\"0\" scrolling=\"no\" allowfullscreen=\"allowfullscreen\" data-tweet-id=\"2033386176237732188\" data-mce-fragment=\"1\"><\/iframe><\/div>\n<\/div>\n<h2 class=\"h2vistazo\">Sitio clandestino para secuestros<\/h2>\n<div class=\"paragraph texto\">\n<p class=\"p_14\">En un operativo paralelo, en el sector<b>\u00a0Fincas Delia<\/b>, tambi\u00e9n en Dur\u00e1n, militares localizaron un \u00e1rea utilizada por el mismo grupo delictivo para<b>\u00a0retener a v\u00edctimas de secuestro y extorsi\u00f3n.<\/b><\/p>\n<p class=\"p_15\">En el lugar se identific\u00f3 una<b>\u00a0estructura improvisada construida con ca\u00f1a y madera\u00a0<\/b>que funcionaba como sitio clandestino de cautiverio.<\/p>\n<p class=\"p_16\">Posteriormente, personal especializado en demoliciones de las Fuerzas Armadas procedi\u00f3 a<b>\u00a0destruir e inhabilitar completamente la infraestructura<\/b>, con el objetivo de impedir que vuelva a ser utilizada por la organizaci\u00f3n criminal.<\/p>\n<\/div>\n<h2 class=\"h2vistazo\">Crisis de seguridad<\/h2>\n<div class=\"paragraph texto\">\n<p class=\"p_17\">El toque de queda se aplica en medio de la\u00a0<b>crisis de seguridad que atraviesa Ecuador<\/b>. Desde enero de 2024 rige en el pa\u00eds la declaratoria de conflicto armado interno en Ecuador, con la que el Gobierno busca\u00a0<b>combatir a organizaciones criminales vinculadas principalmente al narcotr\u00e1fico y la miner\u00eda ilegal.<\/b><\/p>\n<\/div>\n<div class=\"paragraph texto\">\n<p class=\"p_19\">Pese a estas medidas<b>, 2025 cerr\u00f3 como el a\u00f1o m\u00e1s violento registrado en el pa\u00eds, con 9.235 homicidios<\/b>, seg\u00fan cifras del Ministerio del Interior de Ecuador. <strong>Fuente: Vistazo<\/strong><\/p>\n<\/div>\n","protected":false},"excerpt":{"rendered":"<p>El ministro de Defensa de Ecuador, Gian Carlo Loffredo, supervis\u00f3 durante la madrugada de este lunes operaciones ejecutadas por las Fuerzas Armadas en el cant\u00f3n Dur\u00e1n, provincia del Guayas, en el marco de la\u00a0primera noche del toque de queda\u00a0decretado por el Gobierno. Seg\u00fan inform\u00f3 la cartera de Estado a trav\u00e9s de un bolet\u00edn oficial, las intervenciones permitieron\u00a0desarticular infraestructuras utilizadas por estructuras criminales para controlar territorios\u00a0y cometer delitos como secuestro y extorsi\u00f3n. \u201cGuaridas del terror fueron destruidas en Dur\u00e1n, en la primera noche del toque de queda\u201d, se\u00f1al\u00f3 el Ministerio de Defensa en un mensaje difundido en redes sociales. Las intervenciones forman parte de los\u00a0operativos desplegados durante el estado de excepci\u00f3n y el toque de queda\u00a0que rige entre las 23:00 y las 05:00 desde el 15 hasta el 30 de marzo en las provincias de Guayas, Los R\u00edos, El Oro y Santo Domingo de los Ts\u00e1chilas. Antes de la entrada en vigor de la medida, el ministro del Interior,\u00a0John Reimberg, anunci\u00f3 el despliegue de\u00a035.000 efectivos de la Polic\u00eda Nacional del Ecuador\u00a0para ejecutar operativos en estas jurisdicciones. A su vez, el Ministerio de Defensa inform\u00f3 que m\u00e1s de\u00a030.000 militares se encuentran desplegados\u00a0en estas provincias para ejecutar acciones contra la miner\u00eda ilegal, el narcotr\u00e1fico y los grupos de delincuencia organizada. Una de las operaciones se ejecut\u00f3 en\u00a0una vivienda ubicada en el sector El Arbolito, que era utilizada como punto estrat\u00e9gico de vigilancia por integrantes del\u00a0Grupo de Delincuencia Organizada CK. El inmueble pertenece a un sujeto conocido con el alias\u00a0\u201cBob Marley\u201d, se\u00f1alado como cabecilla de la facci\u00f3n\u00a0CK BM\u00a0y quien actualmente se encuentra recluido en la\u00a0C\u00e1rcel del Encuentro, el centro carcelario de m\u00e1xima seguridad del Estado, ubicado en la provincia de Santa Elena. En el lugar, las fuerzas militares encontraron infraestructura tecnol\u00f3gica destinada a\u00a0monitorear accesos y movimientos en el sector, considerado un \u00e1rea hiperfocalizada de violencia dentro del cant\u00f3n. Entre los\u00a0elementos incautados\u00a0se identificaron c\u00e1maras de videovigilancia tipo bala y domo, equipos de comunicaci\u00f3n, m\u00f3dems de internet, un repetidor de se\u00f1al, router, DVR, cableado coaxial y reflectores. Tambi\u00e9n se encontraron\u00a0armas blancas, municiones de distintos calibres, una gramera, una pipa artesanal\u00a0y varias dosis de sustancias sujetas a fiscalizaci\u00f3n. Seg\u00fan las autoridades, este sistema era utilizado por la organizaci\u00f3n criminal para\u00a0vigilar los accesos estrat\u00e9gicos del sector\u00a0y mantener control territorial. Sitio clandestino para secuestros En un operativo paralelo, en el sector\u00a0Fincas Delia, tambi\u00e9n en Dur\u00e1n, militares localizaron un \u00e1rea utilizada por el mismo grupo delictivo para\u00a0retener a v\u00edctimas de secuestro y extorsi\u00f3n. En el lugar se identific\u00f3 una\u00a0estructura improvisada construida con ca\u00f1a y madera\u00a0que funcionaba como sitio clandestino de cautiverio. Posteriormente, personal especializado en demoliciones de las Fuerzas Armadas procedi\u00f3 a\u00a0destruir e inhabilitar completamente la infraestructura, con el objetivo de impedir que vuelva a ser utilizada por la organizaci\u00f3n criminal. Crisis de seguridad El toque de queda se aplica en medio de la\u00a0crisis de seguridad que atraviesa Ecuador. Desde enero de 2024 rige en el pa\u00eds la declaratoria de conflicto armado interno en Ecuador, con la que el Gobierno busca\u00a0combatir a organizaciones criminales vinculadas principalmente al narcotr\u00e1fico y la miner\u00eda ilegal. Pese a estas medidas, 2025 cerr\u00f3 como el a\u00f1o m\u00e1s violento registrado en el pa\u00eds, con 9.235 homicidios, seg\u00fan cifras del Ministerio del Interior de Ecuador. Fuente: Vistazo<\/p>\n","protected":false},"author":1,"featured_media":29969,"comment_status":"closed","ping_status":"closed","sticky":false,"template":"","format":"standard","meta":{"footnotes":""},"categories":[268],"tags":[],"class_list":["post-29968","post","type-post","status-publish","format-standard","has-post-thumbnail","hentry","category-nacionales"],"_links":{"self":[{"href":"https:\/\/www.elamazonico.com\/portal\/wp-json\/wp\/v2\/posts\/29968","targetHints":{"allow":["GET"]}}],"collection":[{"href":"https:\/\/www.elamazonico.com\/portal\/wp-json\/wp\/v2\/posts"}],"about":[{"href":"https:\/\/www.elamazonico.com\/portal\/wp-json\/wp\/v2\/types\/post"}],"author":[{"embeddable":true,"href":"https:\/\/www.elamazonico.com\/portal\/wp-json\/wp\/v2\/users\/1"}],"replies":[{"embeddable":true,"href":"https:\/\/www.elamazonico.com\/portal\/wp-json\/wp\/v2\/comments?post=29968"}],"version-history":[{"count":1,"href":"https:\/\/www.elamazonico.com\/portal\/wp-json\/wp\/v2\/posts\/29968\/revisions"}],"predecessor-version":[{"id":29970,"href":"https:\/\/www.elamazonico.com\/portal\/wp-json\/wp\/v2\/posts\/29968\/revisions\/29970"}],"wp:featuredmedia":[{"embeddable":true,"href":"https:\/\/www.elamazonico.com\/portal\/wp-json\/wp\/v2\/media\/29969"}],"wp:attachment":[{"href":"https:\/\/www.elamazonico.com\/portal\/wp-json\/wp\/v2\/media?parent=29968"}],"wp:term":[{"taxonomy":"category","embeddable":true,"href":"https:\/\/www.elamazonico.com\/portal\/wp-json\/wp\/v2\/categories?post=29968"},{"taxonomy":"post_tag","embeddable":true,"href":"https:\/\/www.elamazonico.com\/portal\/wp-json\/wp\/v2\/tags?post=29968"}],"curies":[{"name":"wp","href":"https:\/\/api.w.org\/{rel}","templated":true}]}}