{"id":29962,"date":"2026-03-16T08:57:18","date_gmt":"2026-03-16T13:57:18","guid":{"rendered":"https:\/\/www.elamazonico.com\/portal\/?p=29962"},"modified":"2026-03-16T09:05:21","modified_gmt":"2026-03-16T14:05:21","slug":"campeonato-barrial-la-colina-promueve-el-deporte-y-la-integracion-comunitaria","status":"publish","type":"post","link":"https:\/\/www.elamazonico.com\/portal\/campeonato-barrial-la-colina-promueve-el-deporte-y-la-integracion-comunitaria\/","title":{"rendered":"Campeonato Barrial \u00abLa Colina\u00bb promueve el deporte y la integraci\u00f3n comunitaria"},"content":{"rendered":"<p>El barrio La Colina inici\u00f3 el pasado 17 de enero de 2026 el <strong>Campeonato Barrial \u00abLa Colina\u00bb<\/strong>, un evento deportivo que re\u00fane a la comunidad con el objetivo de incentivar la pr\u00e1ctica del deporte, fomentar la convivencia entre moradores y mantener activa la cancha cubierta del sector.<\/p>\n<p>En el campeonato participan 17 equipos en la categor\u00eda varones abierta, adem\u00e1s de equipos en la categor\u00eda m\u00e1ster 40 y 7 equipos en la categor\u00eda damas, lo que evidencia el inter\u00e9s de la ciudadan\u00eda por fortalecer las actividades deportivas y recreativas en el barrio.<\/p>\n<p>Los encuentros deportivos se desarrollan todos los s\u00e1bados y domingos, en horarios de 14h00 a 19h00, convirtiendo a la cancha cubierta del barrio en un espacio de integraci\u00f3n y sana competencia para deportistas y familias que asisten a apoyar a sus equipos.<\/p>\n<p>Como parte de la organizaci\u00f3n del campeonato, los moradores realizaron mejoras en la infraestructura del escenario deportivo, entre ellas la instalaci\u00f3n de l\u00e1mparas para una mejor iluminaci\u00f3n y el mejoramiento de los ba\u00f1os p\u00fablicos, acciones que contribuyen a brindar mejores condiciones para la pr\u00e1ctica deportiva y el uso comunitario del espacio.<\/p>\n<p>En cuanto a los premios, la organizaci\u00f3n ha establecido los siguientes incentivos econ\u00f3micos:<\/p>\n<p><em><strong>Categor\u00eda abierta:<\/strong><\/em><br \/>\nCampe\u00f3n: <strong>1.500<\/strong> d\u00f3lares<br \/>\nVicecampe\u00f3n: <strong>700<\/strong> d\u00f3lares<br \/>\n<strong><em>Categor\u00eda m\u00e1ster 40:<\/em><\/strong><br \/>\nCampe\u00f3n: <strong>700<\/strong> d\u00f3lares<br \/>\nVicecampe\u00f3n: <strong>300<\/strong> d\u00f3lares<br \/>\n<strong><em>Categor\u00eda damas:<\/em><\/strong><br \/>\nCampeonas: <strong>700<\/strong> d\u00f3lares<br \/>\nVicecampeonas: <strong>300<\/strong> d\u00f3lares<\/p>\n<p>La organizaci\u00f3n del campeonato est\u00e1 a cargo de <strong>Betty Poma<\/strong>, moradora del barrio \u00ab<strong>La Colina\u00bb<\/strong>, quien junto a otros vecinos impulsa esta iniciativa deportiva con el prop\u00f3sito de fortalecer la participaci\u00f3n comunitaria y promover h\u00e1bitos saludables entre ni\u00f1os, j\u00f3venes y adultos.<\/p>\n<p>De acuerdo con el cronograma establecido, <strong>la gran final del Campeonato Barrial \u00abLa Colina\u00bb<\/strong> se disputar\u00e1 el pr\u00f3ximo 28 de marzo, a partir de las 15h00, jornada en la que se definir\u00e1n los campeones de las tres categor\u00edas participantes.<\/p>\n<p>Este campeonato se consolida como una iniciativa comunitaria que fortalece el deporte barrial, promueve la integraci\u00f3n social y dinamiza los espacios deportivos del sector<\/p>\n","protected":false},"excerpt":{"rendered":"<p>El barrio La Colina inici\u00f3 el pasado 17 de enero de 2026 el Campeonato Barrial \u00abLa Colina\u00bb, un evento deportivo que re\u00fane a la comunidad con el objetivo de incentivar la pr\u00e1ctica del deporte, fomentar la convivencia entre moradores y mantener activa la cancha cubierta del sector. En el campeonato participan 17 equipos en la categor\u00eda varones abierta, adem\u00e1s de equipos en la categor\u00eda m\u00e1ster 40 y 7 equipos en la categor\u00eda damas, lo que evidencia el inter\u00e9s de la ciudadan\u00eda por fortalecer las actividades deportivas y recreativas en el barrio. Los encuentros deportivos se desarrollan todos los s\u00e1bados y domingos, en horarios de 14h00 a 19h00, convirtiendo a la cancha cubierta del barrio en un espacio de integraci\u00f3n y sana competencia para deportistas y familias que asisten a apoyar a sus equipos. Como parte de la organizaci\u00f3n del campeonato, los moradores realizaron mejoras en la infraestructura del escenario deportivo, entre ellas la instalaci\u00f3n de l\u00e1mparas para una mejor iluminaci\u00f3n y el mejoramiento de los ba\u00f1os p\u00fablicos, acciones que contribuyen a brindar mejores condiciones para la pr\u00e1ctica deportiva y el uso comunitario del espacio. En cuanto a los premios, la organizaci\u00f3n ha establecido los siguientes incentivos econ\u00f3micos: Categor\u00eda abierta: Campe\u00f3n: 1.500 d\u00f3lares Vicecampe\u00f3n: 700 d\u00f3lares Categor\u00eda m\u00e1ster 40: Campe\u00f3n: 700 d\u00f3lares Vicecampe\u00f3n: 300 d\u00f3lares Categor\u00eda damas: Campeonas: 700 d\u00f3lares Vicecampeonas: 300 d\u00f3lares La organizaci\u00f3n del campeonato est\u00e1 a cargo de Betty Poma, moradora del barrio \u00abLa Colina\u00bb, quien junto a otros vecinos impulsa esta iniciativa deportiva con el prop\u00f3sito de fortalecer la participaci\u00f3n comunitaria y promover h\u00e1bitos saludables entre ni\u00f1os, j\u00f3venes y adultos. De acuerdo con el cronograma establecido, la gran final del Campeonato Barrial \u00abLa Colina\u00bb se disputar\u00e1 el pr\u00f3ximo 28 de marzo, a partir de las 15h00, jornada en la que se definir\u00e1n los campeones de las tres categor\u00edas participantes. Este campeonato se consolida como una iniciativa comunitaria que fortalece el deporte barrial, promueve la integraci\u00f3n social y dinamiza los espacios deportivos del sector<\/p>\n","protected":false},"author":1,"featured_media":29963,"comment_status":"closed","ping_status":"closed","sticky":false,"template":"","format":"standard","meta":{"footnotes":""},"categories":[243],"tags":[],"class_list":["post-29962","post","type-post","status-publish","format-standard","has-post-thumbnail","hentry","category-noticias-zamora"],"_links":{"self":[{"href":"https:\/\/www.elamazonico.com\/portal\/wp-json\/wp\/v2\/posts\/29962","targetHints":{"allow":["GET"]}}],"collection":[{"href":"https:\/\/www.elamazonico.com\/portal\/wp-json\/wp\/v2\/posts"}],"about":[{"href":"https:\/\/www.elamazonico.com\/portal\/wp-json\/wp\/v2\/types\/post"}],"author":[{"embeddable":true,"href":"https:\/\/www.elamazonico.com\/portal\/wp-json\/wp\/v2\/users\/1"}],"replies":[{"embeddable":true,"href":"https:\/\/www.elamazonico.com\/portal\/wp-json\/wp\/v2\/comments?post=29962"}],"version-history":[{"count":4,"href":"https:\/\/www.elamazonico.com\/portal\/wp-json\/wp\/v2\/posts\/29962\/revisions"}],"predecessor-version":[{"id":29967,"href":"https:\/\/www.elamazonico.com\/portal\/wp-json\/wp\/v2\/posts\/29962\/revisions\/29967"}],"wp:featuredmedia":[{"embeddable":true,"href":"https:\/\/www.elamazonico.com\/portal\/wp-json\/wp\/v2\/media\/29963"}],"wp:attachment":[{"href":"https:\/\/www.elamazonico.com\/portal\/wp-json\/wp\/v2\/media?parent=29962"}],"wp:term":[{"taxonomy":"category","embeddable":true,"href":"https:\/\/www.elamazonico.com\/portal\/wp-json\/wp\/v2\/categories?post=29962"},{"taxonomy":"post_tag","embeddable":true,"href":"https:\/\/www.elamazonico.com\/portal\/wp-json\/wp\/v2\/tags?post=29962"}],"curies":[{"name":"wp","href":"https:\/\/api.w.org\/{rel}","templated":true}]}}