{"id":29949,"date":"2026-03-12T17:07:29","date_gmt":"2026-03-12T22:07:29","guid":{"rendered":"https:\/\/www.elamazonico.com\/portal\/?p=29949"},"modified":"2026-03-12T17:07:29","modified_gmt":"2026-03-12T22:07:29","slug":"gobierno-amplia-modelo-de-alimentacion-escolar-para-fortalecer-la-nutricion-estudiantil-en-ecuador","status":"publish","type":"post","link":"https:\/\/www.elamazonico.com\/portal\/gobierno-amplia-modelo-de-alimentacion-escolar-para-fortalecer-la-nutricion-estudiantil-en-ecuador\/","title":{"rendered":"Gobierno ampl\u00eda modelo de alimentaci\u00f3n escolar para fortalecer la nutrici\u00f3n estudiantil en Ecuador"},"content":{"rendered":"<p>En el marco del D\u00eda Internacional de la Alimentaci\u00f3n Escolar, que se conmemora el 12 de marzo, el Gobierno del presidente Daniel Noboa, en coordinaci\u00f3n con el Programa Mundial de Alimentos (WFP), anunci\u00f3 la ampliaci\u00f3n del nuevo modelo de alimentaci\u00f3n escolar con el objetivo de beneficiar a m\u00e1s de 85.000 estudiantes del Sistema Nacional de Educaci\u00f3n del Ecuador, fortaleciendo la nutrici\u00f3n de ni\u00f1as, ni\u00f1os y adolescentes y promoviendo al mismo tiempo el desarrollo de las econom\u00edas locales.<\/p>\n<p>Esta iniciativa se desarrolla mediante la articulaci\u00f3n entre el Programa Mundial de Alimentos y el Gobierno ecuatoriano a trav\u00e9s del Ministerio de Educaci\u00f3n del Ecuador y la Vicepresidencia de la Rep\u00fablica del Ecuador, instituciones que impulsan un modelo de comidas escolares orientado a vincular la producci\u00f3n local con la nutrici\u00f3n y el bienestar de las comunidades educativas.<\/p>\n<p>El modelo implementado en Ecuador plantea un enfoque integral que trasciende la entrega tradicional de raciones alimenticias. Este sistema incorpora acciones en los \u00e1mbitos de nutrici\u00f3n, salud, agricultura y educaci\u00f3n, con el prop\u00f3sito de fortalecer las capacidades de las comunidades educativas y fomentar h\u00e1bitos alimenticios saludables desde las primeras etapas de la vida escolar.<\/p>\n<p>Para la ampliaci\u00f3n del programa se ha previsto una inversi\u00f3n estimada de 13,5 millones de d\u00f3lares, lo que permitir\u00e1 extender la cobertura a m\u00e1s de 85.000 ni\u00f1as, ni\u00f1os y adolescentes, alcanzando al menos 20 provincias del pa\u00eds priorizadas en funci\u00f3n de sus niveles de vulnerabilidad social y nutricional.<\/p>\n<p>Actualmente, el modelo de comidas escolares ya beneficia a 37.800 estudiantes pertenecientes a los ciclos educativos de la Costa y la Sierra, mediante una inversi\u00f3n de 6,2 millones de d\u00f3lares. Esta intervenci\u00f3n ha contribuido a mejorar la nutrici\u00f3n, el rendimiento escolar y el bienestar integral de la poblaci\u00f3n estudiantil participante.<\/p>\n<p>El fortalecimiento de la alimentaci\u00f3n escolar forma parte de las pol\u00edticas p\u00fablicas que impulsa el Estado ecuatoriano para consolidar la seguridad alimentaria y garantizar condiciones adecuadas para el aprendizaje, reconociendo que una alimentaci\u00f3n saludable constituye un pilar fundamental para el desarrollo integral de ni\u00f1as, ni\u00f1os y adolescentes.<\/p>\n<p>De esta manera, el programa busca no solo mejorar la calidad nutricional de los estudiantes, sino tambi\u00e9n dinamizar los sistemas productivos locales, promover la agricultura familiar y fortalecer los v\u00ednculos entre las comunidades educativas y los territorios donde se desarrollan.<\/p>\n","protected":false},"excerpt":{"rendered":"<p>En el marco del D\u00eda Internacional de la Alimentaci\u00f3n Escolar, que se conmemora el 12 de marzo, el Gobierno del presidente Daniel Noboa, en coordinaci\u00f3n con el Programa Mundial de Alimentos (WFP), anunci\u00f3 la ampliaci\u00f3n del nuevo modelo de alimentaci\u00f3n escolar con el objetivo de beneficiar a m\u00e1s de 85.000 estudiantes del Sistema Nacional de Educaci\u00f3n del Ecuador, fortaleciendo la nutrici\u00f3n de ni\u00f1as, ni\u00f1os y adolescentes y promoviendo al mismo tiempo el desarrollo de las econom\u00edas locales. Esta iniciativa se desarrolla mediante la articulaci\u00f3n entre el Programa Mundial de Alimentos y el Gobierno ecuatoriano a trav\u00e9s del Ministerio de Educaci\u00f3n del Ecuador y la Vicepresidencia de la Rep\u00fablica del Ecuador, instituciones que impulsan un modelo de comidas escolares orientado a vincular la producci\u00f3n local con la nutrici\u00f3n y el bienestar de las comunidades educativas. El modelo implementado en Ecuador plantea un enfoque integral que trasciende la entrega tradicional de raciones alimenticias. Este sistema incorpora acciones en los \u00e1mbitos de nutrici\u00f3n, salud, agricultura y educaci\u00f3n, con el prop\u00f3sito de fortalecer las capacidades de las comunidades educativas y fomentar h\u00e1bitos alimenticios saludables desde las primeras etapas de la vida escolar. Para la ampliaci\u00f3n del programa se ha previsto una inversi\u00f3n estimada de 13,5 millones de d\u00f3lares, lo que permitir\u00e1 extender la cobertura a m\u00e1s de 85.000 ni\u00f1as, ni\u00f1os y adolescentes, alcanzando al menos 20 provincias del pa\u00eds priorizadas en funci\u00f3n de sus niveles de vulnerabilidad social y nutricional. Actualmente, el modelo de comidas escolares ya beneficia a 37.800 estudiantes pertenecientes a los ciclos educativos de la Costa y la Sierra, mediante una inversi\u00f3n de 6,2 millones de d\u00f3lares. Esta intervenci\u00f3n ha contribuido a mejorar la nutrici\u00f3n, el rendimiento escolar y el bienestar integral de la poblaci\u00f3n estudiantil participante. El fortalecimiento de la alimentaci\u00f3n escolar forma parte de las pol\u00edticas p\u00fablicas que impulsa el Estado ecuatoriano para consolidar la seguridad alimentaria y garantizar condiciones adecuadas para el aprendizaje, reconociendo que una alimentaci\u00f3n saludable constituye un pilar fundamental para el desarrollo integral de ni\u00f1as, ni\u00f1os y adolescentes. De esta manera, el programa busca no solo mejorar la calidad nutricional de los estudiantes, sino tambi\u00e9n dinamizar los sistemas productivos locales, promover la agricultura familiar y fortalecer los v\u00ednculos entre las comunidades educativas y los territorios donde se desarrollan.<\/p>\n","protected":false},"author":1,"featured_media":29950,"comment_status":"closed","ping_status":"closed","sticky":false,"template":"","format":"standard","meta":{"footnotes":""},"categories":[268,243],"tags":[],"class_list":["post-29949","post","type-post","status-publish","format-standard","has-post-thumbnail","hentry","category-nacionales","category-noticias-zamora"],"_links":{"self":[{"href":"https:\/\/www.elamazonico.com\/portal\/wp-json\/wp\/v2\/posts\/29949","targetHints":{"allow":["GET"]}}],"collection":[{"href":"https:\/\/www.elamazonico.com\/portal\/wp-json\/wp\/v2\/posts"}],"about":[{"href":"https:\/\/www.elamazonico.com\/portal\/wp-json\/wp\/v2\/types\/post"}],"author":[{"embeddable":true,"href":"https:\/\/www.elamazonico.com\/portal\/wp-json\/wp\/v2\/users\/1"}],"replies":[{"embeddable":true,"href":"https:\/\/www.elamazonico.com\/portal\/wp-json\/wp\/v2\/comments?post=29949"}],"version-history":[{"count":1,"href":"https:\/\/www.elamazonico.com\/portal\/wp-json\/wp\/v2\/posts\/29949\/revisions"}],"predecessor-version":[{"id":29951,"href":"https:\/\/www.elamazonico.com\/portal\/wp-json\/wp\/v2\/posts\/29949\/revisions\/29951"}],"wp:featuredmedia":[{"embeddable":true,"href":"https:\/\/www.elamazonico.com\/portal\/wp-json\/wp\/v2\/media\/29950"}],"wp:attachment":[{"href":"https:\/\/www.elamazonico.com\/portal\/wp-json\/wp\/v2\/media?parent=29949"}],"wp:term":[{"taxonomy":"category","embeddable":true,"href":"https:\/\/www.elamazonico.com\/portal\/wp-json\/wp\/v2\/categories?post=29949"},{"taxonomy":"post_tag","embeddable":true,"href":"https:\/\/www.elamazonico.com\/portal\/wp-json\/wp\/v2\/tags?post=29949"}],"curies":[{"name":"wp","href":"https:\/\/api.w.org\/{rel}","templated":true}]}}