{"id":29938,"date":"2026-03-13T04:10:01","date_gmt":"2026-03-13T09:10:01","guid":{"rendered":"https:\/\/www.elamazonico.com\/portal\/?p=29938"},"modified":"2026-03-12T16:52:02","modified_gmt":"2026-03-12T21:52:02","slug":"salvador-quishpe-se-pronuncio-sobre-la-defensa-de-los-pequenos-mineros-la-coyuntura-politica-provincial-y-el-rol-de-pachakutik","status":"publish","type":"post","link":"https:\/\/www.elamazonico.com\/portal\/salvador-quishpe-se-pronuncio-sobre-la-defensa-de-los-pequenos-mineros-la-coyuntura-politica-provincial-y-el-rol-de-pachakutik\/","title":{"rendered":"Salvador Quishpe se pronunci\u00f3 sobre la defensa de los peque\u00f1os mineros, la coyuntura pol\u00edtica provincial y el rol de Pachakutik"},"content":{"rendered":"<p>Durante una entrevista concedida, el ex prefecto de la provincia de Zamora Chinchipe, Salvador Quishpe, se refiri\u00f3 a diversos temas de inter\u00e9s p\u00fablico, entre ellos la movilizaci\u00f3n convocada por el sector de peque\u00f1os mineros y mineros artesanales, la situaci\u00f3n del sector minero en la provincia, el escenario pol\u00edtico local y el proceso organizativo del Movimiento de Unidad Plurinacional Pachakutik.<\/p>\n<p>En el di\u00e1logo, Quishpe manifest\u00f3 su respaldo a la marcha convocada para el viernes 13 de marzo en defensa de los derechos de los peque\u00f1os mineros y mineros artesanales, se\u00f1alando que hist\u00f3ricamente ha acompa\u00f1ado este tipo de luchas sociales. No obstante, precis\u00f3 que su apoyo se da dentro del marco de una actividad minera planificada y respetuosa de la infraestructura p\u00fablica.<\/p>\n<p>En ese sentido, expres\u00f3 su desacuerdo con acciones que afecten bienes p\u00fablicos, haciendo referencia a la destrucci\u00f3n de un puente en el sector ubicado a la altura de Panguintza, en el paso hacia San Miguel de la Hueca. Seg\u00fan indic\u00f3, este tipo de hechos no contribuyen a fortalecer las demandas del sector minero ni a generar soluciones sostenibles para la provincia.<\/p>\n<p>Asimismo, el ex prefecto reiter\u00f3 su posici\u00f3n frente a la situaci\u00f3n del sector minero de Chinapintza, se\u00f1alando que continuar\u00e1 respaldando a los trabajadores y dirigentes locales para evitar que estas \u00e1reas sean entregadas a la Empresa Nacional Minera del Ecuador EP. (ELIPE).<\/p>\n<p>Seg\u00fan explic\u00f3, desde la d\u00e9cada de 1980 los peque\u00f1os mineros han desarrollado su actividad en este territorio, por lo que considera necesario defender su permanencia y el derecho al trabajo de las comunidades.<\/p>\n<p>Quishpe record\u00f3 que durante varios a\u00f1os ha acompa\u00f1ado las gestiones de los dirigentes mineros del sector, entre ellos el l\u00edder Pineda, con el prop\u00f3sito de que el \u00e1rea contin\u00fae siendo administrada por los trabajadores locales y no por grandes proyectos empresariales.<\/p>\n<p><strong>Postura frente al escenario electoral<\/strong><br \/>\nDurante la entrevista, el ex prefecto tambi\u00e9n abord\u00f3 el tema del escenario pol\u00edtico de cara a las pr\u00f3ximas elecciones seccionales. En este contexto, descart\u00f3 participar como candidato a la Alcald\u00eda en el pr\u00f3ximo proceso electoral.<\/p>\n<p>Seg\u00fan indic\u00f3, su presencia en espacios de opini\u00f3n p\u00fablica responde \u00fanicamente a invitaciones de los medios de comunicaci\u00f3n y no a una intenci\u00f3n de promover una candidatura. No obstante, afirm\u00f3 que continuar\u00e1 acompa\u00f1ando el proceso pol\u00edtico del movimiento Pachakutik y apoyando la construcci\u00f3n de candidaturas en parroquias, cantones y a nivel provincial.<\/p>\n<p><strong>Congreso provincial de Pachakutik<\/strong><br \/>\nEn este contexto, Quishpe invit\u00f3 a militantes, simpatizantes y organizaciones sociales a participar en el Congreso Provincial de Pachakutik, previsto para desarrollarse el s\u00e1bado a partir de las 13:00 en la cancha cubierta de Panguintza.<\/p>\n<p>El evento contar\u00e1 con la participaci\u00f3n de delegaciones provenientes de los cantones Chinchipe, Palanda, El Pangui, Yantzaza, Zamora, Yacuambi, Paquisha, Nangaritza y Centinela del C\u00f3ndor, con el objetivo de analizar la situaci\u00f3n pol\u00edtica de la provincia y renovar la dirigencia provincial del movimiento.<\/p>\n<p>El ex prefecto, menciono que durante este encuentro se realizar\u00e1 el cambio del comit\u00e9 ejecutivo provincial, organismo que tendr\u00e1 la responsabilidad de conducir el proceso organizativo del movimiento con miras a las pr\u00f3ximas elecciones.<\/p>\n<p><strong>Referencias a la actual prefecta<\/strong><br \/>\nEn la entrevista tambi\u00e9n se abord\u00f3 el tema de la actual prefecta de la provincia, Karla Re\u00e1tegui, quien en el pasado se desempe\u00f1\u00f3 como viceprefecta durante la administraci\u00f3n de Quishpe.<\/p>\n<p>Al respecto, el ex prefecto se\u00f1al\u00f3 que en su momento fue candidata del movimiento Pachakutik y result\u00f3 electa con el respaldo de esta organizaci\u00f3n pol\u00edtica. Sin embargo, indic\u00f3 que las decisiones adoptadas posteriormente en su gesti\u00f3n corresponden a su responsabilidad personal.<\/p>\n<p>Consultado sobre un eventual respaldo a una posible reelecci\u00f3n de la actual prefecta, Quishpe manifest\u00f3 que esa decisi\u00f3n depender\u00e1 de lo que determinen las bases del movimiento Pachakutik, las cuales se encuentran actualmente analizando las diferentes opciones pol\u00edticas de cara al pr\u00f3ximo proceso electoral.<\/p>\n<p><strong>Llamado a la participaci\u00f3n ciudadana<\/strong><br \/>\nFinalmente, el ex prefecto hizo un llamado a la ciudadan\u00eda a mantenerse informada sobre los temas que inciden en el desarrollo de la provincia, entre ellos la actividad minera, la educaci\u00f3n superior, la infraestructura vial y los servicios de salud.<\/p>\n<p>En este contexto, sostuvo que el acceso a informaci\u00f3n adecuada permite a la poblaci\u00f3n tomar decisiones m\u00e1s conscientes y exigir respuestas a las autoridades sobre proyectos pendientes, como la construcci\u00f3n del hospital de Zamora o la creaci\u00f3n de una universidad para la provincia.<\/p>\n<p>Quishpe concluy\u00f3 se\u00f1alando que, m\u00e1s all\u00e1 de las diferencias pol\u00edticas, es necesario que partidos, organizaciones sociales y ciudadan\u00eda construyan una agenda com\u00fan para impulsar el desarrollo integral de la provincia de Zamora Chinchipe.<\/p>\n","protected":false},"excerpt":{"rendered":"<p>Durante una entrevista concedida, el ex prefecto de la provincia de Zamora Chinchipe, Salvador Quishpe, se refiri\u00f3 a diversos temas de inter\u00e9s p\u00fablico, entre ellos la movilizaci\u00f3n convocada por el sector de peque\u00f1os mineros y mineros artesanales, la situaci\u00f3n del sector minero en la provincia, el escenario pol\u00edtico local y el proceso organizativo del Movimiento de Unidad Plurinacional Pachakutik. En el di\u00e1logo, Quishpe manifest\u00f3 su respaldo a la marcha convocada para el viernes 13 de marzo en defensa de los derechos de los peque\u00f1os mineros y mineros artesanales, se\u00f1alando que hist\u00f3ricamente ha acompa\u00f1ado este tipo de luchas sociales. No obstante, precis\u00f3 que su apoyo se da dentro del marco de una actividad minera planificada y respetuosa de la infraestructura p\u00fablica. En ese sentido, expres\u00f3 su desacuerdo con acciones que afecten bienes p\u00fablicos, haciendo referencia a la destrucci\u00f3n de un puente en el sector ubicado a la altura de Panguintza, en el paso hacia San Miguel de la Hueca. Seg\u00fan indic\u00f3, este tipo de hechos no contribuyen a fortalecer las demandas del sector minero ni a generar soluciones sostenibles para la provincia. Asimismo, el ex prefecto reiter\u00f3 su posici\u00f3n frente a la situaci\u00f3n del sector minero de Chinapintza, se\u00f1alando que continuar\u00e1 respaldando a los trabajadores y dirigentes locales para evitar que estas \u00e1reas sean entregadas a la Empresa Nacional Minera del Ecuador EP. (ELIPE). Seg\u00fan explic\u00f3, desde la d\u00e9cada de 1980 los peque\u00f1os mineros han desarrollado su actividad en este territorio, por lo que considera necesario defender su permanencia y el derecho al trabajo de las comunidades. Quishpe record\u00f3 que durante varios a\u00f1os ha acompa\u00f1ado las gestiones de los dirigentes mineros del sector, entre ellos el l\u00edder Pineda, con el prop\u00f3sito de que el \u00e1rea contin\u00fae siendo administrada por los trabajadores locales y no por grandes proyectos empresariales. Postura frente al escenario electoral Durante la entrevista, el ex prefecto tambi\u00e9n abord\u00f3 el tema del escenario pol\u00edtico de cara a las pr\u00f3ximas elecciones seccionales. En este contexto, descart\u00f3 participar como candidato a la Alcald\u00eda en el pr\u00f3ximo proceso electoral. Seg\u00fan indic\u00f3, su presencia en espacios de opini\u00f3n p\u00fablica responde \u00fanicamente a invitaciones de los medios de comunicaci\u00f3n y no a una intenci\u00f3n de promover una candidatura. No obstante, afirm\u00f3 que continuar\u00e1 acompa\u00f1ando el proceso pol\u00edtico del movimiento Pachakutik y apoyando la construcci\u00f3n de candidaturas en parroquias, cantones y a nivel provincial. Congreso provincial de Pachakutik En este contexto, Quishpe invit\u00f3 a militantes, simpatizantes y organizaciones sociales a participar en el Congreso Provincial de Pachakutik, previsto para desarrollarse el s\u00e1bado a partir de las 13:00 en la cancha cubierta de Panguintza. El evento contar\u00e1 con la participaci\u00f3n de delegaciones provenientes de los cantones Chinchipe, Palanda, El Pangui, Yantzaza, Zamora, Yacuambi, Paquisha, Nangaritza y Centinela del C\u00f3ndor, con el objetivo de analizar la situaci\u00f3n pol\u00edtica de la provincia y renovar la dirigencia provincial del movimiento. El ex prefecto, menciono que durante este encuentro se realizar\u00e1 el cambio del comit\u00e9 ejecutivo provincial, organismo que tendr\u00e1 la responsabilidad de conducir el proceso organizativo del movimiento con miras a las pr\u00f3ximas elecciones. Referencias a la actual prefecta En la entrevista tambi\u00e9n se abord\u00f3 el tema de la actual prefecta de la provincia, Karla Re\u00e1tegui, quien en el pasado se desempe\u00f1\u00f3 como viceprefecta durante la administraci\u00f3n de Quishpe. Al respecto, el ex prefecto se\u00f1al\u00f3 que en su momento fue candidata del movimiento Pachakutik y result\u00f3 electa con el respaldo de esta organizaci\u00f3n pol\u00edtica. Sin embargo, indic\u00f3 que las decisiones adoptadas posteriormente en su gesti\u00f3n corresponden a su responsabilidad personal. Consultado sobre un eventual respaldo a una posible reelecci\u00f3n de la actual prefecta, Quishpe manifest\u00f3 que esa decisi\u00f3n depender\u00e1 de lo que determinen las bases del movimiento Pachakutik, las cuales se encuentran actualmente analizando las diferentes opciones pol\u00edticas de cara al pr\u00f3ximo proceso electoral. Llamado a la participaci\u00f3n ciudadana Finalmente, el ex prefecto hizo un llamado a la ciudadan\u00eda a mantenerse informada sobre los temas que inciden en el desarrollo de la provincia, entre ellos la actividad minera, la educaci\u00f3n superior, la infraestructura vial y los servicios de salud. En este contexto, sostuvo que el acceso a informaci\u00f3n adecuada permite a la poblaci\u00f3n tomar decisiones m\u00e1s conscientes y exigir respuestas a las autoridades sobre proyectos pendientes, como la construcci\u00f3n del hospital de Zamora o la creaci\u00f3n de una universidad para la provincia. Quishpe concluy\u00f3 se\u00f1alando que, m\u00e1s all\u00e1 de las diferencias pol\u00edticas, es necesario que partidos, organizaciones sociales y ciudadan\u00eda construyan una agenda com\u00fan para impulsar el desarrollo integral de la provincia de Zamora Chinchipe.<\/p>\n","protected":false},"author":1,"featured_media":29939,"comment_status":"closed","ping_status":"closed","sticky":false,"template":"","format":"standard","meta":{"footnotes":""},"categories":[243],"tags":[],"class_list":["post-29938","post","type-post","status-publish","format-standard","has-post-thumbnail","hentry","category-noticias-zamora"],"_links":{"self":[{"href":"https:\/\/www.elamazonico.com\/portal\/wp-json\/wp\/v2\/posts\/29938","targetHints":{"allow":["GET"]}}],"collection":[{"href":"https:\/\/www.elamazonico.com\/portal\/wp-json\/wp\/v2\/posts"}],"about":[{"href":"https:\/\/www.elamazonico.com\/portal\/wp-json\/wp\/v2\/types\/post"}],"author":[{"embeddable":true,"href":"https:\/\/www.elamazonico.com\/portal\/wp-json\/wp\/v2\/users\/1"}],"replies":[{"embeddable":true,"href":"https:\/\/www.elamazonico.com\/portal\/wp-json\/wp\/v2\/comments?post=29938"}],"version-history":[{"count":1,"href":"https:\/\/www.elamazonico.com\/portal\/wp-json\/wp\/v2\/posts\/29938\/revisions"}],"predecessor-version":[{"id":29940,"href":"https:\/\/www.elamazonico.com\/portal\/wp-json\/wp\/v2\/posts\/29938\/revisions\/29940"}],"wp:featuredmedia":[{"embeddable":true,"href":"https:\/\/www.elamazonico.com\/portal\/wp-json\/wp\/v2\/media\/29939"}],"wp:attachment":[{"href":"https:\/\/www.elamazonico.com\/portal\/wp-json\/wp\/v2\/media?parent=29938"}],"wp:term":[{"taxonomy":"category","embeddable":true,"href":"https:\/\/www.elamazonico.com\/portal\/wp-json\/wp\/v2\/categories?post=29938"},{"taxonomy":"post_tag","embeddable":true,"href":"https:\/\/www.elamazonico.com\/portal\/wp-json\/wp\/v2\/tags?post=29938"}],"curies":[{"name":"wp","href":"https:\/\/api.w.org\/{rel}","templated":true}]}}